{"id":22851,"date":"2022-03-03T19:37:36","date_gmt":"2022-03-04T01:37:36","guid":{"rendered":"http:\/\/losperiodistas.com.mx\/portal\/?p=22851"},"modified":"2022-03-03T19:37:38","modified_gmt":"2022-03-04T01:37:38","slug":"reabre-ayuntamiento-la-117-poniente-para-conexion-11-sur-y-periferico-momento-diario","status":"publish","type":"post","link":"https:\/\/losperiodistas.com.mx\/portal\/reabre-ayuntamiento-la-117-poniente-para-conexion-11-sur-y-periferico-momento-diario\/","title":{"rendered":"Reabre Ayuntamiento La 117 Poniente Para Conexi\u00f3n 11 Sur Y Perif\u00e9rico | Momento Diario"},"content":{"rendered":"\n<figure class=\"wp-block-image size-full\"><img fetchpriority=\"high\" decoding=\"async\" width=\"520\" height=\"293\" src=\"https:\/\/losperiodistas.com.mx\/portal\/wp-content\/uploads\/2022\/03\/Reabre-Ayuntamiento-2.jpeg\" alt=\"\" class=\"wp-image-22852\" srcset=\"https:\/\/losperiodistas.com.mx\/portal\/wp-content\/uploads\/2022\/03\/Reabre-Ayuntamiento-2.jpeg 520w, https:\/\/losperiodistas.com.mx\/portal\/wp-content\/uploads\/2022\/03\/Reabre-Ayuntamiento-2-300x169.jpeg 300w\" sizes=\"(max-width: 520px) 100vw, 520px\" \/><\/figure>\n\n\n\n<p><\/p>\n\n\n\n<p class=\"has-vivid-cyan-blue-color has-text-color\" style=\"font-size:26px\">MOMENTO DIARIO<\/p>\n\n\n\n<p>El Ayuntamiento de Puebla informa sobre la apertura de la calle 117 Poniente, corredor vial que a partir de este d\u00eda retoma su conectividad con la avenida 11 Sur y el Perif\u00e9rico Ecol\u00f3gico, pues ya concluyeron trabajos de adecuaci\u00f3n con concreto hidr\u00e1ulico y asfalto en la zona.<\/p>\n\n\n\n<p>Ubicada en la colonia Granjas de Mayorazgo, esta obra comprendi\u00f3 una nueva carpeta de rodamiento en dos tramos:<\/p>\n\n\n\n<p>\u2013 La pavimentaci\u00f3n con concreto hidr\u00e1ulico entre la avenida 11 Sur hasta la 15 Sur.<\/p>\n\n\n\n<p>\u2013 La rehabilitaci\u00f3n asf\u00e1ltica en el tramo de la 15 Sur a la avenida Carmelitas.<\/p>\n\n\n\n<p>Vecinas y vecinos de la zona podr\u00e1n volver a circular sobre la 117 Poniente, ahora bajo condiciones de confort y seguridad vial; hasta 50 mil personas usuarias, entre transe\u00fantes, ciclistas, transporte p\u00fablico y privado, que diariamente utilizan esta v\u00eda<\/p>\n\n\n\n<p>Fuente: https:\/\/www.diariomomento.com\/reabre-ayuntamiento-la-117-poniente-para-conexion-11-sur-y-periferico\/<\/p>\n","protected":false},"excerpt":{"rendered":"<p>MOMENTO DIARIO El Ayuntamiento de Puebla informa sobre la apertura de la calle 117 Poniente, corredor vial que a partir [&hellip;]<\/p>\n","protected":false},"author":1,"featured_media":22852,"comment_status":"open","ping_status":"open","sticky":false,"template":"","format":"standard","meta":{"site-sidebar-layout":"default","site-content-layout":"","ast-site-content-layout":"default","site-content-style":"default","site-sidebar-style":"default","ast-global-header-display":"","ast-banner-title-visibility":"","ast-main-header-display":"","ast-hfb-above-header-display":"","ast-hfb-below-header-display":"","ast-hfb-mobile-header-display":"","site-post-title":"","ast-breadcrumbs-content":"","ast-featured-img":"","footer-sml-layout":"","theme-transparent-header-meta":"","adv-header-id-meta":"","stick-header-meta":"","header-above-stick-meta":"","header-main-stick-meta":"","header-below-stick-meta":"","astra-migrate-meta-layouts":"default","ast-page-background-enabled":"default","ast-page-background-meta":{"desktop":{"background-color":"var(--ast-global-color-4)","background-image":"","background-repeat":"repeat","background-position":"center center","background-size":"auto","background-attachment":"scroll","background-type":"","background-media":"","overlay-type":"","overlay-color":"","overlay-opacity":"","overlay-gradient":""},"tablet":{"background-color":"","background-image":"","background-repeat":"repeat","background-position":"center center","background-size":"auto","background-attachment":"scroll","background-type":"","background-media":"","overlay-type":"","overlay-color":"","overlay-opacity":"","overlay-gradient":""},"mobile":{"background-color":"","background-image":"","background-repeat":"repeat","background-position":"center center","background-size":"auto","background-attachment":"scroll","background-type":"","background-media":"","overlay-type":"","overlay-color":"","overlay-opacity":"","overlay-gradient":""}},"ast-content-background-meta":{"desktop":{"background-color":"var(--ast-global-color-5)","background-image":"","background-repeat":"repeat","background-position":"center center","background-size":"auto","background-attachment":"scroll","background-type":"","background-media":"","overlay-type":"","overlay-color":"","overlay-opacity":"","overlay-gradient":""},"tablet":{"background-color":"var(--ast-global-color-5)","background-image":"","background-repeat":"repeat","background-position":"center center","background-size":"auto","background-attachment":"scroll","background-type":"","background-media":"","overlay-type":"","overlay-color":"","overlay-opacity":"","overlay-gradient":""},"mobile":{"background-color":"var(--ast-global-color-5)","background-image":"","background-repeat":"repeat","background-position":"center center","background-size":"auto","background-attachment":"scroll","background-type":"","background-media":"","overlay-type":"","overlay-color":"","overlay-opacity":"","overlay-gradient":""}},"footnotes":""},"categories":[8],"tags":[7279,8375,8376],"class_list":["post-22851","post","type-post","status-publish","format-standard","has-post-thumbnail","hentry","category-noticias","tag-contigoyconrumbo","tag-117-poniente","tag-periferico-ecologico"],"_links":{"self":[{"href":"https:\/\/losperiodistas.com.mx\/portal\/wp-json\/wp\/v2\/posts\/22851","targetHints":{"allow":["GET"]}}],"collection":[{"href":"https:\/\/losperiodistas.com.mx\/portal\/wp-json\/wp\/v2\/posts"}],"about":[{"href":"https:\/\/losperiodistas.com.mx\/portal\/wp-json\/wp\/v2\/types\/post"}],"author":[{"embeddable":true,"href":"https:\/\/losperiodistas.com.mx\/portal\/wp-json\/wp\/v2\/users\/1"}],"replies":[{"embeddable":true,"href":"https:\/\/losperiodistas.com.mx\/portal\/wp-json\/wp\/v2\/comments?post=22851"}],"version-history":[{"count":1,"href":"https:\/\/losperiodistas.com.mx\/portal\/wp-json\/wp\/v2\/posts\/22851\/revisions"}],"predecessor-version":[{"id":22853,"href":"https:\/\/losperiodistas.com.mx\/portal\/wp-json\/wp\/v2\/posts\/22851\/revisions\/22853"}],"wp:featuredmedia":[{"embeddable":true,"href":"https:\/\/losperiodistas.com.mx\/portal\/wp-json\/wp\/v2\/media\/22852"}],"wp:attachment":[{"href":"https:\/\/losperiodistas.com.mx\/portal\/wp-json\/wp\/v2\/media?parent=22851"}],"wp:term":[{"taxonomy":"category","embeddable":true,"href":"https:\/\/losperiodistas.com.mx\/portal\/wp-json\/wp\/v2\/categories?post=22851"},{"taxonomy":"post_tag","embeddable":true,"href":"https:\/\/losperiodistas.com.mx\/portal\/wp-json\/wp\/v2\/tags?post=22851"}],"curies":[{"name":"wp","href":"https:\/\/api.w.org\/{rel}","templated":true}]}}