{"id":22848,"date":"2022-03-03T19:30:41","date_gmt":"2022-03-04T01:30:41","guid":{"rendered":"http:\/\/losperiodistas.com.mx\/portal\/?p=22848"},"modified":"2022-03-03T19:30:43","modified_gmt":"2022-03-04T01:30:43","slug":"ratifican-en-comisiones-a-quirino-ordaz-como-embajador-pri-le-avisa-que-lo-expulsara-forbes","status":"publish","type":"post","link":"https:\/\/losperiodistas.com.mx\/portal\/ratifican-en-comisiones-a-quirino-ordaz-como-embajador-pri-le-avisa-que-lo-expulsara-forbes\/","title":{"rendered":"Ratifican en comisiones a Quirino Ordaz como embajador; PRI le avisa que lo expulsar\u00e1 | Forbes"},"content":{"rendered":"\n<p class=\"has-medium-font-size\"><em>Entre reclamos del PRI, en comisiones del Senado se ratific\u00f3 al exgobernador Quirino Ordaz como embajador en Espa\u00f1a; se votar\u00e1 en el Pleno.<\/em><\/p>\n\n\n\n<p><\/p>\n\n\n\n<figure class=\"wp-block-image size-full\"><img fetchpriority=\"high\" decoding=\"async\" width=\"1024\" height=\"576\" src=\"https:\/\/losperiodistas.com.mx\/portal\/wp-content\/uploads\/2022\/03\/230858078_1985871518229340_345859877893344794_n-e1643386823552.jpeg\" alt=\"\" class=\"wp-image-22849\" srcset=\"https:\/\/losperiodistas.com.mx\/portal\/wp-content\/uploads\/2022\/03\/230858078_1985871518229340_345859877893344794_n-e1643386823552.jpeg 1024w, https:\/\/losperiodistas.com.mx\/portal\/wp-content\/uploads\/2022\/03\/230858078_1985871518229340_345859877893344794_n-e1643386823552-300x169.jpeg 300w, https:\/\/losperiodistas.com.mx\/portal\/wp-content\/uploads\/2022\/03\/230858078_1985871518229340_345859877893344794_n-e1643386823552-768x432.jpeg 768w\" sizes=\"(max-width: 1024px) 100vw, 1024px\" \/><figcaption><em>Foto: Twitter @quirinoordazcoppel.<\/em><\/figcaption><\/figure>\n\n\n\n<p class=\"has-vivid-cyan-blue-color has-text-color\" style=\"font-size:26px\">YARED DE LA ROSA \/ FORBES<\/p>\n\n\n\n<p>Entre reclamos del PRI, las comisiones de Relaciones Exteriores y de Relaciones Exteriores para Europa del Senado ratific\u00f3 al exgobernador de Sinaloa, Quirino Ordaz, para ser embajador de M\u00e9xico en Espa\u00f1a. Con ello, el nombramiento pasa al pleno de la C\u00e1mara alta.<\/p>\n\n\n\n<p>Lo anterior con 21 votos a favor de Morena, PT, PVEM, MC, PES; 3 en contra del PAN y del PRI, y 3 abstenciones, entre ellas de la priista Beatriz Paredes y la panista Josefina V\u00e1zquez Mota.<\/p>\n\n\n\n<p>Durante la comparecencia, el priista Manuel A\u00f1orve reclam\u00f3 a Quirino Ordaz el haber aceptado la invitaci\u00f3n para ser embajador de parte del presidente Andr\u00e9s Manuel L\u00f3pez Obrador, pues dijo que esto se dio tres semanas despu\u00e9s de que fueron las elecciones en el estado y donde gan\u00f3 Morena.<\/p>\n\n\n\n<p><strong><em>Lee:<\/em><\/strong>&nbsp;<a href=\"https:\/\/www.forbes.com.mx\/politica-quirino-ordaz-obtiene-beneplacito-para-ser-embajador-en-espana\/\"><strong><em>Quirino Ordaz tiene benepl\u00e1cito para ser embajador en Espa\u00f1a: SRE<\/em><\/strong><\/a><\/p>\n\n\n\n<p>\u201cHay un ambiente, en concreto, de que a solo tres meses de las elecciones del a\u00f1o pasado se le haya invitado a ser embajador en Espa\u00f1a, y al aceptarlo, creci\u00f3 m\u00e1s el sospechismo. Por supuesto, que soy un militante que me corresponde poner sobre la mesa esta inconformidad que existe\u201d, dijo el senador priista.<\/p>\n\n\n\n<p>Asimismo, le dijo al exgobernador que pudo haber declinado a la invitaci\u00f3n del mandatario federal y cuidar su trayectoria personal e historia, lo cual, dijo, es m\u00e1s digno.<\/p>\n\n\n\n<p>\u201cSiempre se queda una estela de duda en t\u00e9rminos en que fue la invitaci\u00f3n respetuosa que hizo el presidente, pero que usted pudo haber declinado de manera respetuosa. Son dos a\u00f1os y medio de este sexenio, en caso de que la votaci\u00f3n le favorezca, pero para m\u00ed hubiera sido m\u00e1s digno declinar la invitaci\u00f3n del presidente y cuidar su trayectoria personal y cuidar su historia\u201d, enfatiz\u00f3.<\/p>\n\n\n\n<figure class=\"wp-block-embed is-type-rich is-provider-twitter wp-block-embed-twitter\"><div class=\"wp-block-embed__wrapper\">\n<blockquote class=\"twitter-tweet\" data-width=\"500\" data-dnt=\"true\"><p lang=\"es\" dir=\"ltr\">Quirino Ordaz, en su comparecencia ante las comisiones del <a href=\"https:\/\/twitter.com\/senadomexicano?ref_src=twsrc%5Etfw\">@senadomexicano<\/a>, vuelve a decir que su designaci\u00f3n como embajador es un reconocimiento a todos los sinaloenses, repito, yo no estoy de acuerdo, m\u00e1s bien es la confirmaci\u00f3n de la traici\u00f3n a toda la militancia priista.<\/p>&mdash; Manuel A\u00f1orve Ba\u00f1os (@manuelanorve) <a href=\"https:\/\/twitter.com\/manuelanorve\/status\/1499507193825083393?ref_src=twsrc%5Etfw\">March 3, 2022<\/a><\/blockquote><script async src=\"https:\/\/platform.twitter.com\/widgets.js\" charset=\"utf-8\"><\/script>\n<\/div><\/figure>\n\n\n\n<p>Mientras, el exgobernador Quirino Ordaz no respondi\u00f3 nada sobre su militancia priista y present\u00f3 el plan de trabajo en caso de ser embajador y resalt\u00f3 que aquel pa\u00eds es el segundo socio comercial de M\u00e9xico en la Uni\u00f3n Europea con m\u00e1s de 75 mil millones de pesos invertidos en m\u00e1s de 7 mil empresas.<\/p>\n\n\n\n<p>\u201cCon la capital espa\u00f1ola, Espa\u00f1a es el primer inversionista en M\u00e9xico y el segundo en el mundo, despu\u00e9s de Estados Unidos. A su vez, M\u00e9xico es el primer inversionista latinoamericano en Espa\u00f1a. La relaci\u00f3n econ\u00f3mica con Espa\u00f1a es una de las m\u00e1s importantes para M\u00e9xico, la cual procurar\u00e9 seguir promocionando y fortaleciendo\u201d, declar\u00f3.<\/p>\n\n\n\n<h2 class=\"wp-block-heading\" id=\"h-le-notifican-a-quirino-sobre-su-expulsion-del-pri\">Le notifican a Quirino sobre su expulsi\u00f3n del PRI<\/h2>\n\n\n\n<p>En tanto, la dirigencia nacional del PRI notific\u00f3 al exgobernador Quirino Ordaz sobre un proceso de expulsi\u00f3n del partido si rinde protesta ante el Pleno del Senado como embajador de M\u00e9xico ante Espa\u00f1a.<\/p>\n\n\n\n<p>\u201cNo es una decisi\u00f3n personal, es una decisi\u00f3n del partido, de la Comisi\u00f3n de Justicia Partidaria. Ha quedado claro que en el momento de aceptar el cargo y en el momento en el que se present\u00f3 ha sido notificado y la resoluci\u00f3n es estatutaria. La sanci\u00f3n es clara, en el momento de hacer algo, se va a proceder y se le va a expulsar del partido\u201d, declar\u00f3 Alejandro Moreno, presidente del PRI.<\/p>\n\n\n\n<p>Al ser cuestionado si ya se le notific\u00f3 al exmandatario estatal, el dirigente priista respondi\u00f3: \u201cS\u00ed, ya se le notific\u00f3\u201d.<\/p>\n\n\n\n<p>Fuente: https:\/\/www.forbes.com.mx\/ratifican-en-comisiones-a-quirino-ordaz-como-embajador-pri-le-avisa-que-lo-expulsara\/<\/p>\n","protected":false},"excerpt":{"rendered":"<p>Entre reclamos del PRI, en comisiones del Senado se ratific\u00f3 al exgobernador Quirino Ordaz como embajador en Espa\u00f1a; se votar\u00e1 [&hellip;]<\/p>\n","protected":false},"author":1,"featured_media":22849,"comment_status":"open","ping_status":"open","sticky":false,"template":"","format":"standard","meta":{"site-sidebar-layout":"default","site-content-layout":"","ast-site-content-layout":"default","site-content-style":"default","site-sidebar-style":"default","ast-global-header-display":"","ast-banner-title-visibility":"","ast-main-header-display":"","ast-hfb-above-header-display":"","ast-hfb-below-header-display":"","ast-hfb-mobile-header-display":"","site-post-title":"","ast-breadcrumbs-content":"","ast-featured-img":"","footer-sml-layout":"","theme-transparent-header-meta":"","adv-header-id-meta":"","stick-header-meta":"","header-above-stick-meta":"","header-main-stick-meta":"","header-below-stick-meta":"","astra-migrate-meta-layouts":"default","ast-page-background-enabled":"default","ast-page-background-meta":{"desktop":{"background-color":"var(--ast-global-color-4)","background-image":"","background-repeat":"repeat","background-position":"center center","background-size":"auto","background-attachment":"scroll","background-type":"","background-media":"","overlay-type":"","overlay-color":"","overlay-opacity":"","overlay-gradient":""},"tablet":{"background-color":"","background-image":"","background-repeat":"repeat","background-position":"center center","background-size":"auto","background-attachment":"scroll","background-type":"","background-media":"","overlay-type":"","overlay-color":"","overlay-opacity":"","overlay-gradient":""},"mobile":{"background-color":"","background-image":"","background-repeat":"repeat","background-position":"center center","background-size":"auto","background-attachment":"scroll","background-type":"","background-media":"","overlay-type":"","overlay-color":"","overlay-opacity":"","overlay-gradient":""}},"ast-content-background-meta":{"desktop":{"background-color":"var(--ast-global-color-5)","background-image":"","background-repeat":"repeat","background-position":"center center","background-size":"auto","background-attachment":"scroll","background-type":"","background-media":"","overlay-type":"","overlay-color":"","overlay-opacity":"","overlay-gradient":""},"tablet":{"background-color":"var(--ast-global-color-5)","background-image":"","background-repeat":"repeat","background-position":"center center","background-size":"auto","background-attachment":"scroll","background-type":"","background-media":"","overlay-type":"","overlay-color":"","overlay-opacity":"","overlay-gradient":""},"mobile":{"background-color":"var(--ast-global-color-5)","background-image":"","background-repeat":"repeat","background-position":"center center","background-size":"auto","background-attachment":"scroll","background-type":"","background-media":"","overlay-type":"","overlay-color":"","overlay-opacity":"","overlay-gradient":""}},"footnotes":""},"categories":[8],"tags":[8374,1978,8373],"class_list":["post-22848","post","type-post","status-publish","format-standard","has-post-thumbnail","hentry","category-noticias","tag-embajada-mexico-espana","tag-pri","tag-quirino-ordaz"],"_links":{"self":[{"href":"https:\/\/losperiodistas.com.mx\/portal\/wp-json\/wp\/v2\/posts\/22848","targetHints":{"allow":["GET"]}}],"collection":[{"href":"https:\/\/losperiodistas.com.mx\/portal\/wp-json\/wp\/v2\/posts"}],"about":[{"href":"https:\/\/losperiodistas.com.mx\/portal\/wp-json\/wp\/v2\/types\/post"}],"author":[{"embeddable":true,"href":"https:\/\/losperiodistas.com.mx\/portal\/wp-json\/wp\/v2\/users\/1"}],"replies":[{"embeddable":true,"href":"https:\/\/losperiodistas.com.mx\/portal\/wp-json\/wp\/v2\/comments?post=22848"}],"version-history":[{"count":1,"href":"https:\/\/losperiodistas.com.mx\/portal\/wp-json\/wp\/v2\/posts\/22848\/revisions"}],"predecessor-version":[{"id":22850,"href":"https:\/\/losperiodistas.com.mx\/portal\/wp-json\/wp\/v2\/posts\/22848\/revisions\/22850"}],"wp:featuredmedia":[{"embeddable":true,"href":"https:\/\/losperiodistas.com.mx\/portal\/wp-json\/wp\/v2\/media\/22849"}],"wp:attachment":[{"href":"https:\/\/losperiodistas.com.mx\/portal\/wp-json\/wp\/v2\/media?parent=22848"}],"wp:term":[{"taxonomy":"category","embeddable":true,"href":"https:\/\/losperiodistas.com.mx\/portal\/wp-json\/wp\/v2\/categories?post=22848"},{"taxonomy":"post_tag","embeddable":true,"href":"https:\/\/losperiodistas.com.mx\/portal\/wp-json\/wp\/v2\/tags?post=22848"}],"curies":[{"name":"wp","href":"https:\/\/api.w.org\/{rel}","templated":true}]}}