{"id":22839,"date":"2022-03-03T19:03:42","date_gmt":"2022-03-04T01:03:42","guid":{"rendered":"http:\/\/losperiodistas.com.mx\/portal\/?p=22839"},"modified":"2022-03-03T19:03:46","modified_gmt":"2022-03-04T01:03:46","slug":"guerra-ucrania-rusia-se-desata-un-incendio-en-la-mayor-central-nuclear-de-europa-en-pleno-ataque-ruso-el-confidencial","status":"publish","type":"post","link":"https:\/\/losperiodistas.com.mx\/portal\/guerra-ucrania-rusia-se-desata-un-incendio-en-la-mayor-central-nuclear-de-europa-en-pleno-ataque-ruso-el-confidencial\/","title":{"rendered":"Guerra Ucrania Rusia | Se desata un incendio en la mayor central nuclear de Europa en pleno ataque ruso | El Confidencial"},"content":{"rendered":"\n<p>Mosc\u00fa y Kiev han acordado el establecimiento de corredores humanitarios para la evacuaci\u00f3n y la entrega de alimentos y medicinas en el marco del conflicto<\/p>\n\n\n\n<p><\/p>\n\n\n\n<figure class=\"wp-block-image size-large\"><img fetchpriority=\"high\" decoding=\"async\" width=\"1024\" height=\"576\" src=\"https:\/\/losperiodistas.com.mx\/portal\/wp-content\/uploads\/2022\/03\/f.elconfidencial.com_original_ac9_2b9_47c_ac92b947c34c55b483106892c96e7f65-1024x576.jpg\" alt=\"\" class=\"wp-image-22840\" srcset=\"https:\/\/losperiodistas.com.mx\/portal\/wp-content\/uploads\/2022\/03\/f.elconfidencial.com_original_ac9_2b9_47c_ac92b947c34c55b483106892c96e7f65-1024x576.jpg 1024w, https:\/\/losperiodistas.com.mx\/portal\/wp-content\/uploads\/2022\/03\/f.elconfidencial.com_original_ac9_2b9_47c_ac92b947c34c55b483106892c96e7f65-300x169.jpg 300w, https:\/\/losperiodistas.com.mx\/portal\/wp-content\/uploads\/2022\/03\/f.elconfidencial.com_original_ac9_2b9_47c_ac92b947c34c55b483106892c96e7f65-768x432.jpg 768w, https:\/\/losperiodistas.com.mx\/portal\/wp-content\/uploads\/2022\/03\/f.elconfidencial.com_original_ac9_2b9_47c_ac92b947c34c55b483106892c96e7f65.jpg 1440w\" sizes=\"(max-width: 1024px) 100vw, 1024px\" \/><figcaption>Coches destruidos junto a edificios residenciales da\u00f1ados por fuertes bombardeos en la ciudad de Irpin, Kiev. (EFE\/EPA\/Roman Pilipey)<\/figcaption><\/figure>\n\n\n\n<p><\/p>\n\n\n\n<p class=\"has-vivid-cyan-blue-color has-text-color\" style=\"font-size:26px\">EL CONFIDENCIAL<\/p>\n\n\n\n<p><a href=\"https:\/\/www.elconfidencial.com\/mundo\/2022-03-03\/que-son-corredores-humanitarios-ucrania-rusia_3385763\/\">Ucrania y Rusia<\/a>&nbsp;han acordado este jueves&nbsp;<strong>crear corredores humanitarios&nbsp;<\/strong>y cesar el fuego en esas \u00e1reas. La segunda ronda de negociaciones entre&nbsp;<strong>Rusia y Ucrania<\/strong>&nbsp;tuvo lugar este jueves en la localidad de&nbsp;<strong>Belovezhskaya Pushcha<\/strong>, en la regi\u00f3n bielorrusa de Brest, cerca de la frontera polaca. El asesor presidencial ucraniano,&nbsp;<strong>Myjailo Podoliak,<\/strong>&nbsp;asegur\u00f3 que la delegaci\u00f3n negociadora ucraniana \u00ab<strong>no obtuvo los resultados<\/strong>&nbsp;que esperaba y continuar\u00e1 el di\u00e1logo en una tercera ronda de conversaciones\u00bb.<\/p>\n\n\n\n<p>Por su parte, el presidente de Rusia,\u00a0<a href=\"https:\/\/www.elconfidencial.com\/mundo\/2022-03-01\/aliados-rusia-guerra-ucrania-paises-apoyan-putin_3381338\/\">Vlad\u00edmir Putin<\/a>, comunic\u00f3 a su hom\u00f3logo franc\u00e9s,<strong>\u00a0Emmanuel Macron,<\/strong>\u00a0que su ofensiva sobre Ucrania va\u00a0<strong>\u00abseg\u00fan lo previsto\u00bb\u00a0<\/strong>y se va a recrudecer a menos que\u00a0<strong>Kiev acepte sus condiciones<\/strong>, entre ellas la de la desmilitarizaci\u00f3n, indicaron fuentes del El\u00edseo, que se\u00f1alaron que el presidente franc\u00e9s extrajo de ese intercambio telef\u00f3nico que\u00a0<strong>\u00ablo peor est\u00e1 por llegar\u00bb.<\/strong><\/p>\n\n\n\n<p><a href=\"https:\/\/player.elconfidencial.com\/embed\/video\/98486\/640\/360\/1-10\/\">https:\/\/player.elconfidencial.com\/embed\/video\/98486\/640\/360\/1-10\/<\/a><\/p>\n\n\n\n<p>El alto comisionado de las Naciones Unidas para los&nbsp;<a href=\"https:\/\/www.elconfidencial.com\/espana\/madrid\/2022-03-02\/vacaciones-madrid-guerra-ucrania_3384845\/\">Refugiados<\/a>,<strong>&nbsp;Filippo Grandi<\/strong>, asegur\u00f3 Bucarest que el n\u00famero de&nbsp;<strong>refugiados<\/strong>&nbsp;que han huido de Ucrania ha rebasado ya el mill\u00f3n de personas y las llegadas continuar\u00e1n aumentando \u00ab<strong>si las acciones militares\u00bb<\/strong>&nbsp;no se detienen.<\/p>\n\n\n\n<p>Ante esta situaci\u00f3n, los pa\u00edses de la Uni\u00f3n Europea cerraron este jueves&nbsp;<a href=\"https:\/\/www.elconfidencial.com\/mundo\/2022-03-03\/la-ue-cierra-un-acuerdo-politico-para-proteger-temporalmente-a-los-refugiados-de-ucrania_3385507\/\">un acuerdo pol\u00edtico<\/a>&nbsp;para&nbsp;<strong>otorgar una protecci\u00f3n temporal&nbsp;<\/strong>a los refugiados que llegan desde Ucrania, que esta ma\u00f1ana eran casi un mill\u00f3n, por medio de<strong>&nbsp;una directiva de 2001&nbsp;<\/strong>que ser\u00e1 activada por primera vez.<\/p>\n\n\n\n<p><a href=\"https:\/\/www.elconfidencial.com\/mundo\/2022-03-03\/guerra-rusia-ucrania-oligarcas-rusos-marcan-distancias-putin-condena-guerra_3385100\/\">Estados Unidos<\/a>, por su parte, ha anunciado sanciones a<strong>&nbsp;m\u00e1s oligarcas rusos&nbsp;<\/strong>y sus familias, en el marco de su campa\u00f1a destinada a privar al Kremlin de los recursos necesarios para llevar a cabo<strong>&nbsp;la guerra en Ucrania.<\/strong><\/p>\n\n\n\n<p><strong>Las claves del momento:\u200b<\/strong><\/p>\n\n\n\n<ul class=\"wp-block-list\"><li>Ucrania y Rusia han acordado&nbsp;<strong>el establecimiento de corredores humanitarios<\/strong>&nbsp;para la evacuaci\u00f3n y la entrega de alimentos y medicinas en el marco del conflicto.<\/li><li>Un incendio se ha desatado en la central nuclear de Zaporiyia, que lleva varias jornadas sitiada por las tropas invasoras.<\/li><li>Kiev<strong>&nbsp;refuerza sus defensas<\/strong>&nbsp;en el interior de la ciudad.<\/li><li>La Rada (Parlamento) retir\u00f3 todas las restricciones al<strong>&nbsp;uso de armas de fuego<\/strong>&nbsp;por parte de civiles, que han recibido autorizaci\u00f3n para disparar contra los ocupantes.<\/li><li>Mango se suma a la lista de empresas que han decidido<strong>&nbsp;cesar su actividad&nbsp;<\/strong>y no enviar m\u00e1s mercanc\u00edas al pa\u00eds.<\/li><li>Buques rusos<strong>&nbsp;toman posici\u00f3n frente a Odesa<\/strong>&nbsp;y preparan un desembarco.<\/li><li>Rusia y Bielorrusia han sido<strong>&nbsp;vetadas de los Juegos Paral\u00edmpicos&nbsp;<\/strong>de 2022.<\/li><\/ul>\n\n\n\n<p><strong>01:29 \u2014&nbsp;<\/strong>En la&nbsp;<strong>central nuclear de Energodar,&nbsp;<\/strong>en la regi\u00f3n de Zaporiyia, en el sureste de Ucrania, se desat\u00f3 un incendio este viernes tras disparar las fuerzas rusas contra la planta, inform\u00f3 el alcalde de la ciudad, Dmitry Orlov, en su cuenta de Telegram. \u00ab\u00a1Amenaza a la seguridad mundial! Como resultado del bombardeo enemigo continuo de edificios y unidades de la planta de energ\u00eda nuclear m\u00e1s grande de Europa, la planta de energ\u00eda nuclear de Zaporiyia est\u00e1 en llamas\u00bb, escribi\u00f3.<\/p>\n\n\n\n<p>La Guardia Nacional confirm\u00f3 el incendio en la planta en su canal oficial de Telegram. \u00ab<strong>Hay un incendio en la base de la central&nbsp;<\/strong>nuclear de Zaporiyia. A pesar de esto, el enemigo contin\u00faa disparando en direcci\u00f3n a la estaci\u00f3n\u00bb, se\u00f1al\u00f3. \u00abLa Guardia Nacional, que custodia la planta, se queda para defenderla\u00bb, recalc\u00f3. A\u00f1adi\u00f3 que \u00abrepresentantes de la planta afirman que actualmente existe una amenaza real de peligro nuclear\u00bb. El alcalde de Energodar hab\u00eda informado horas antes de fuertes combates en los accesos a la central nuclear.<\/p>\n\n\n\n<p>\u00abSe han producido feroces combates de m\u00e1s de una hora en los accesos a la central nuclear de Zaporiyia. Nuestras Guardias Nacionales mantienen la defensa, afirm\u00f3. El alcalde dijo que hay v\u00edctimas, pero que a\u00fan&nbsp;<strong>no se pueden cuantificar<\/strong>, dadas las circunstancias. Indic\u00f3 que \u00abuna columna de veh\u00edculos enemigos\u00bb se dirig\u00eda en direcci\u00f3n a la central nuclear y que se escuchaban fuertes disparos en la ciudad. El mi\u00e9rcoles cientos de empleados de la central nuclear trataron de impedir a una columna del Ej\u00e9rcito ruso que accediera a la planta con camiones cisterna y neum\u00e1ticos.<\/p>\n\n\n\n<p><strong>23:57 \u2014&nbsp;<\/strong>El diplom\u00e1tico y exembajador de Espa\u00f1a en Rusia<strong>&nbsp;Juan Antonio March&nbsp;<\/strong>ha considerado primordial acabar el conflicto en Ucrania porque \u00absi contin\u00faa habr\u00e1 dos perdedores claros:&nbsp;<strong>Rusia y Europa<\/strong>\u00ab.<\/p>\n\n\n\n<p><strong>23:56 \u2014\u00a0<\/strong>El director general del OIEA, el argentino<strong>\u00a0Rafael Grossi,\u00a0<\/strong>hizo este jueves un llamamiento para que se detenga de forma inmediata el uso de la violencia cerca de\u00a0<strong>la central nuclear ucraniana de Zaporizhia,<\/strong>\u00a0una de las mayores de Europa.<\/p>\n\n\n\n<figure class=\"wp-block-embed is-type-rich is-provider-twitter wp-block-embed-twitter\"><div class=\"wp-block-embed__wrapper\">\n<blockquote class=\"twitter-tweet\" data-width=\"500\" data-dnt=\"true\"><p lang=\"es\" dir=\"ltr\">Actualizaci\u00f3n 9: <a href=\"https:\/\/twitter.com\/hashtag\/Ucrania?src=hash&amp;ref_src=twsrc%5Etfw\">#Ucrania<\/a> informa al OIEA que fuerzas rusas avanzan hacia la central nuclear de <a href=\"https:\/\/twitter.com\/hashtag\/Zaporiyia?src=hash&amp;ref_src=twsrc%5Etfw\">#Zaporiyia<\/a>; el Director General del OIEA <a href=\"https:\/\/twitter.com\/rafaelmgrossi?ref_src=twsrc%5Etfw\">@RafaelMGrossi<\/a> exhorta a las fuerzas militares a abstenerse de usar la violencia cerca de la central. <a href=\"https:\/\/t.co\/RVZePW8ZeD\">https:\/\/t.co\/RVZePW8ZeD<\/a><\/p>&mdash; IAEA &#8211; International Atomic Energy Agency \u269b\ufe0f (@iaeaorg) <a href=\"https:\/\/twitter.com\/iaeaorg\/status\/1499499160596369413?ref_src=twsrc%5Etfw\">March 3, 2022<\/a><\/blockquote><script async src=\"https:\/\/platform.twitter.com\/widgets.js\" charset=\"utf-8\"><\/script>\n<\/div><\/figure>\n\n\n\n<p><strong>23:54 \u2014\u00a0<\/strong>Estados Unidos anunci\u00f3 este jueves la concesi\u00f3n del\u00a0<strong>Estatus de Protecci\u00f3n Temporal\u00a0<\/strong>(TPS, por sus siglas en ingl\u00e9s) a Ucrania por los pr\u00f3ximos 18 meses, lo que evita la deportaci\u00f3n de los ucranianos que se encuentren en su territorio y les permite\u00a0<strong>acceder a un permiso\u00a0<\/strong>para trabajar y residir.<\/p>\n\n\n\n<figure class=\"wp-block-embed is-type-rich is-provider-twitter wp-block-embed-twitter\"><div class=\"wp-block-embed__wrapper\">\n<blockquote class=\"twitter-tweet\" data-width=\"500\" data-dnt=\"true\"><p lang=\"en\" dir=\"ltr\">I am proud to announce that we will be providing Temporary Protected Status \u2014 or <a href=\"https:\/\/twitter.com\/hashtag\/TPS?src=hash&amp;ref_src=twsrc%5Etfw\">#TPS<\/a> \u2014 to those Ukrainian nationals who are present in the United States as of March 1, 2022. <a href=\"https:\/\/t.co\/3tiR29HFJr\">pic.twitter.com\/3tiR29HFJr<\/a><\/p>&mdash; Secretary Alejandro Mayorkas (@SecMayorkas) <a href=\"https:\/\/twitter.com\/SecMayorkas\/status\/1499513490389745666?ref_src=twsrc%5Etfw\">March 3, 2022<\/a><\/blockquote><script async src=\"https:\/\/platform.twitter.com\/widgets.js\" charset=\"utf-8\"><\/script>\n<\/div><\/figure>\n\n\n\n<p><strong>23:26 \u2014&nbsp;<\/strong>El canciller de Alemania,<strong>&nbsp;Olaf Scholz<\/strong>, ha reiterado que la Alianza Atl\u00e1ntica no participar\u00e1 en el conflicto en Ucrania originado hace ya una semana tras la invasi\u00f3n rusa de su territorio. \u00abEso traer\u00eda&nbsp;<strong>una escalada dram\u00e1tica&nbsp;<\/strong>de esta dif\u00edcil situaci\u00f3n en Ucrania, traer\u00eda grandes peligros\u00bb, ha se\u00f1alado el canciller en declaraciones para la cadena televisi\u00f3n alemana ZDF.<\/p>\n\n\n\n<p><strong>23:24 \u2014&nbsp;<\/strong>El&nbsp;<strong>canal RT America,<\/strong>&nbsp;versi\u00f3n para Estados Unidos de la televisi\u00f3n rusa Russia Today, va a cesar sus operaciones y despedir a la mayor parte de su plantilla, seg\u00fan adelant\u00f3 este jueves la CNN.<\/p>\n\n\n\n<p>EEUU establece una l\u00ednea directa de comunicaci\u00f3n con el Ministerio de Defensa ruso<\/p>\n\n\n\n<p><strong>23:02 \u2014&nbsp;<\/strong>EEUU estableci\u00f3<strong>&nbsp;una l\u00ednea directa de comunicaci\u00f3n<\/strong>&nbsp;con el Ministerio de Defensa ruso para&nbsp;<strong>evitar encontronazos<\/strong>&nbsp;no deseados entre las fuerzas rusas y los&nbsp;<strong>soldados estadounidenses&nbsp;<\/strong>desplegados en pa\u00edses aliados en el este de Europa, dijo a EFE este jueves&nbsp;<strong>un responsable de Defensa&nbsp;<\/strong>en Washington.<\/p>\n\n\n\n<p><strong>22:56 \u2014&nbsp;<\/strong><strong>Lisboa<\/strong>&nbsp;abri\u00f3 este jueves<strong>&nbsp;un centro temporal&nbsp;<\/strong>para refugiados ucranianos que servir\u00e1 de alojamiento provisional a su llegada a la capital lusa mientras se coordina y organiza su acogida y que cuenta con una capacidad de&nbsp;<strong>un centenar de camas.<\/strong><\/p>\n\n\n\n<p><strong>22:42 \u2014\u00a0<\/strong>La\u00a0<strong>Uni\u00f3n Europea (UE) c<\/strong>elebr\u00f3 este jueves la decisi\u00f3n de la mayor\u00eda de los pa\u00edses de la OSCE, incluidos sus 27 Estados miembros, de invocar hoy un mecanismo para que se investigue y deje constancia de las\u00a0<strong>violaciones de los derechos humanos<\/strong>\u00a0y posibles cr\u00edmenes de guerra por parte de Rusia en Ucrania, con el fin de juzgar a sus responsables. \u00abCelebramos que 45 Estados de<strong>\u00a0la OSCE,<\/strong>\u00a0incluidos 27 Estados miembros de la UE, con el apoyo de Ucrania, hayan invocado el Mecanismo de Mosc\u00fa para poner en marcha urgentemente\u00a0<strong>una misi\u00f3n independiente de investigaci\u00f3n<\/strong>\u00ab, afirm\u00f3 esta noche el alto representante de los Veintisiete para la Pol\u00edtica Exterior, Josep Borrell.<\/p>\n\n\n\n<figure class=\"wp-block-embed is-type-rich is-provider-twitter wp-block-embed-twitter\"><div class=\"wp-block-embed__wrapper\">\n<blockquote class=\"twitter-tweet\" data-width=\"500\" data-dnt=\"true\"><p lang=\"en\" dir=\"ltr\"><a href=\"https:\/\/twitter.com\/hashtag\/Russia?src=hash&amp;ref_src=twsrc%5Etfw\">#Russia<\/a>\u2019s invasion is having a deep humanitarian impact. We see potential war crimes &amp; crimes against humanity. Welcome that 45 <a href=\"https:\/\/twitter.com\/hashtag\/OSCE?src=hash&amp;ref_src=twsrc%5Etfw\">#OSCE<\/a> states, including 27 EU Member States, with Ukraine support, invoked the <a href=\"https:\/\/twitter.com\/hashtag\/MoscowMechanism?src=hash&amp;ref_src=twsrc%5Etfw\">#MoscowMechanism<\/a> to launch urgently an independent fact finding mission.<\/p>&mdash; Josep Borrell Fontelles (@JosepBorrellF) <a href=\"https:\/\/twitter.com\/JosepBorrellF\/status\/1499494316368146434?ref_src=twsrc%5Etfw\">March 3, 2022<\/a><\/blockquote><script async src=\"https:\/\/platform.twitter.com\/widgets.js\" charset=\"utf-8\"><\/script>\n<\/div><\/figure>\n\n\n\n<p><strong>22:31 \u2014<\/strong>El\u00a0<strong>Gobierno noruego\u00a0<\/strong>ha confirmado el env\u00edo de 2.000 lanzacohetes M72 con destino a Ucrania, el primer lote de armamento exportado por Noruega en m\u00e1s de 60 a\u00f1os, desde 1959. \u00abEl<strong>\u00a0avi\u00f3n H\u00e9rcules con 2.000 misiles anticarro<\/strong>\u00a0noruegos M72 ha\u00a0<strong>despegado con ayuda a Ucrania<\/strong>\u00ab, ha publicado en su perfil de Twitter el Ministerio de Defensa de Noruega, donde adem\u00e1s ha adjuntado un v\u00eddeo de<strong>\u00a0la aeronave<\/strong>\u00a0emprendiendo su viaje a Europa del Este.<\/p>\n\n\n\n<figure class=\"wp-block-embed is-type-rich is-provider-twitter wp-block-embed-twitter\"><div class=\"wp-block-embed__wrapper\">\nhttps:\/\/twitter.com\/Forsvarsdep\/status\/1499334982845845505?ref_src=twsrc%5Etfw%7Ctwcamp%5Etweetembed%7Ctwterm%5E1499334982845845505%7Ctwgr%5E%7Ctwcon%5Es1_c10&#038;ref_url=https%3A%2F%2Fwww.elconfidencial.com%2Fmundo%2F2022-03-03%2Fguerra-ucrania-rusia-ultima-hora-directo-negociacion_3382653%2F\n<\/div><\/figure>\n\n\n\n<p><strong>22:21 \u2014\u00a0<\/strong>El secretario de Estado de Estados Unidos,<strong>\u00a0Antony Blinken<\/strong>, ha publicado un v\u00eddeo en sus redes sociales en el que traslada su apoyo a la ciudadan\u00eda de Ucrania frente a la invasi\u00f3n rusa, y<strong>\u00a0ensalza su actitud \u00abinspiradora\u00bb.<\/strong><\/p>\n\n\n\n\n\n<p><\/p>\n\n\n\n<p>M\u00c1S INFORMACI\u00d3N<\/p>\n\n\n\n<p>Fuente: https:\/\/www.elconfidencial.com\/mundo\/2022-03-03\/guerra-ucrania-rusia-ultima-hora-directo-negociacion_3382653\/<\/p>\n","protected":false},"excerpt":{"rendered":"<p>Mosc\u00fa y Kiev han acordado el establecimiento de corredores humanitarios para la evacuaci\u00f3n y la entrega de alimentos y medicinas [&hellip;]<\/p>\n","protected":false},"author":1,"featured_media":22840,"comment_status":"open","ping_status":"open","sticky":false,"template":"","format":"standard","meta":{"site-sidebar-layout":"default","site-content-layout":"","ast-site-content-layout":"default","site-content-style":"default","site-sidebar-style":"default","ast-global-header-display":"","ast-banner-title-visibility":"","ast-main-header-display":"","ast-hfb-above-header-display":"","ast-hfb-below-header-display":"","ast-hfb-mobile-header-display":"","site-post-title":"","ast-breadcrumbs-content":"","ast-featured-img":"","footer-sml-layout":"","theme-transparent-header-meta":"","adv-header-id-meta":"","stick-header-meta":"","header-above-stick-meta":"","header-main-stick-meta":"","header-below-stick-meta":"","astra-migrate-meta-layouts":"default","ast-page-background-enabled":"default","ast-page-background-meta":{"desktop":{"background-color":"var(--ast-global-color-4)","background-image":"","background-repeat":"repeat","background-position":"center center","background-size":"auto","background-attachment":"scroll","background-type":"","background-media":"","overlay-type":"","overlay-color":"","overlay-opacity":"","overlay-gradient":""},"tablet":{"background-color":"","background-image":"","background-repeat":"repeat","background-position":"center center","background-size":"auto","background-attachment":"scroll","background-type":"","background-media":"","overlay-type":"","overlay-color":"","overlay-opacity":"","overlay-gradient":""},"mobile":{"background-color":"","background-image":"","background-repeat":"repeat","background-position":"center center","background-size":"auto","background-attachment":"scroll","background-type":"","background-media":"","overlay-type":"","overlay-color":"","overlay-opacity":"","overlay-gradient":""}},"ast-content-background-meta":{"desktop":{"background-color":"var(--ast-global-color-5)","background-image":"","background-repeat":"repeat","background-position":"center center","background-size":"auto","background-attachment":"scroll","background-type":"","background-media":"","overlay-type":"","overlay-color":"","overlay-opacity":"","overlay-gradient":""},"tablet":{"background-color":"var(--ast-global-color-5)","background-image":"","background-repeat":"repeat","background-position":"center center","background-size":"auto","background-attachment":"scroll","background-type":"","background-media":"","overlay-type":"","overlay-color":"","overlay-opacity":"","overlay-gradient":""},"mobile":{"background-color":"var(--ast-global-color-5)","background-image":"","background-repeat":"repeat","background-position":"center center","background-size":"auto","background-attachment":"scroll","background-type":"","background-media":"","overlay-type":"","overlay-color":"","overlay-opacity":"","overlay-gradient":""}},"footnotes":""},"categories":[8],"tags":[8364,8046,2231],"class_list":["post-22839","post","type-post","status-publish","format-standard","has-post-thumbnail","hentry","category-noticias","tag-central-nuclear-de-energodar","tag-guerra-ucrania","tag-rusia"],"_links":{"self":[{"href":"https:\/\/losperiodistas.com.mx\/portal\/wp-json\/wp\/v2\/posts\/22839","targetHints":{"allow":["GET"]}}],"collection":[{"href":"https:\/\/losperiodistas.com.mx\/portal\/wp-json\/wp\/v2\/posts"}],"about":[{"href":"https:\/\/losperiodistas.com.mx\/portal\/wp-json\/wp\/v2\/types\/post"}],"author":[{"embeddable":true,"href":"https:\/\/losperiodistas.com.mx\/portal\/wp-json\/wp\/v2\/users\/1"}],"replies":[{"embeddable":true,"href":"https:\/\/losperiodistas.com.mx\/portal\/wp-json\/wp\/v2\/comments?post=22839"}],"version-history":[{"count":1,"href":"https:\/\/losperiodistas.com.mx\/portal\/wp-json\/wp\/v2\/posts\/22839\/revisions"}],"predecessor-version":[{"id":22841,"href":"https:\/\/losperiodistas.com.mx\/portal\/wp-json\/wp\/v2\/posts\/22839\/revisions\/22841"}],"wp:featuredmedia":[{"embeddable":true,"href":"https:\/\/losperiodistas.com.mx\/portal\/wp-json\/wp\/v2\/media\/22840"}],"wp:attachment":[{"href":"https:\/\/losperiodistas.com.mx\/portal\/wp-json\/wp\/v2\/media?parent=22839"}],"wp:term":[{"taxonomy":"category","embeddable":true,"href":"https:\/\/losperiodistas.com.mx\/portal\/wp-json\/wp\/v2\/categories?post=22839"},{"taxonomy":"post_tag","embeddable":true,"href":"https:\/\/losperiodistas.com.mx\/portal\/wp-json\/wp\/v2\/tags?post=22839"}],"curies":[{"name":"wp","href":"https:\/\/api.w.org\/{rel}","templated":true}]}}