{"id":22800,"date":"2022-03-03T09:35:37","date_gmt":"2022-03-03T15:35:37","guid":{"rendered":"http:\/\/losperiodistas.com.mx\/portal\/?p=22800"},"modified":"2022-03-03T09:35:38","modified_gmt":"2022-03-03T15:35:38","slug":"amlo-revela-haber-roto-relaciones-con-empresarios-que-le-pidieron-rescate-por-pandemia-forbes","status":"publish","type":"post","link":"https:\/\/losperiodistas.com.mx\/portal\/amlo-revela-haber-roto-relaciones-con-empresarios-que-le-pidieron-rescate-por-pandemia-forbes\/","title":{"rendered":"AMLO revela haber roto relaciones con empresarios que le pidieron rescate por pandemia | Forbes"},"content":{"rendered":"\n<p><em>El presidente L\u00f3pez Obrador dijo que algunos empresarios le pidieron endeudar al pa\u00eds para otorgarles cr\u00e9ditos durante la pandemia.<\/em><\/p>\n\n\n\n<p><\/p>\n\n\n\n<figure class=\"wp-block-image size-full\"><img fetchpriority=\"high\" decoding=\"async\" width=\"640\" height=\"360\" src=\"https:\/\/losperiodistas.com.mx\/portal\/wp-content\/uploads\/2022\/03\/WhatsApp-Image-2022-03-03-at-07.48.48-e1646321062440-640x360-1.jpeg\" alt=\"\" class=\"wp-image-22801\" srcset=\"https:\/\/losperiodistas.com.mx\/portal\/wp-content\/uploads\/2022\/03\/WhatsApp-Image-2022-03-03-at-07.48.48-e1646321062440-640x360-1.jpeg 640w, https:\/\/losperiodistas.com.mx\/portal\/wp-content\/uploads\/2022\/03\/WhatsApp-Image-2022-03-03-at-07.48.48-e1646321062440-640x360-1-300x169.jpeg 300w\" sizes=\"(max-width: 640px) 100vw, 640px\" \/><figcaption><em>Andr\u00e9s Manuel L\u00f3pez Obrador Foto: Gobierno de M\u00e9xico<\/em><\/figcaption><\/figure>\n\n\n\n<p class=\"has-vivid-cyan-blue-color has-text-color\" style=\"font-size:26px\">EMMANUEL CARRILLO \/ FORBES<\/p>\n\n\n\n<p>El presidente Andr\u00e9s Manuel L\u00f3pez Obrador revel\u00f3 este jueves que durante la emergencia sanitaria por Covid-19, empresarios aglutinados en c\u00e1maras le pidieron otorgarles cr\u00e9ditos a bajos intereses mediante la adquisici\u00f3n de deuda, a lo cual se neg\u00f3 y gener\u00f3 que por a\u00f1o y medio hubiera una ruptura con el sector.<\/p>\n\n\n\n<p>Sumado a esto, el mandatario dijo que los empresarios mexicanos le ped\u00edan aplicar una moratoria en el pago de impuestos para poder sobrellevar los efectos de la irrupci\u00f3n del coronavirus.<\/p>\n\n\n\n<p>\u201cCuando viene la crisis de la pandemia, quer\u00edan que yo hiciera lo mismo, me vinieron a plantear eso, que no \u00edbamos a salir si no ped\u00edamos deuda. Me pidieron dos cosas: que endeud\u00e1ramos al pa\u00eds para dar cr\u00e9ditos con bajos intereses al sector empresarial y que yo declarara una moratoria de pago de impuestos, que no se cobraran\u201d, dijo.<\/p>\n\n\n\n<p>En su conferencia de prensa matutina, el mandatario federal expuso que esta actitud fue corregida meses despu\u00e9s por el sector empresarial, que incluso, le pidi\u00f3 disculpas.<\/p>\n\n\n\n<p><strong><em>Lee:&nbsp;<a href=\"https:\/\/www.forbes.com.mx\/febrero-rompe-record-historico-en-creacion-de-empleos-con-178867\/\" target=\"_blank\" rel=\"noreferrer noopener\">Febrero rompe r\u00e9cord hist\u00f3rico en creaci\u00f3n de empleos con 178,867<\/a><\/em><\/strong><\/p>\n\n\n\n<p>\u201cLos dirigentes de las c\u00e1maras, los empresarios, en una comida, ya luego me pidieron disculpas porque eso llev\u00f3 a una ruptura de un a\u00f1o, a\u00f1o y medio, se dieron cuenta, son gente inteligente, vuelvo a decir, no son gente mala vamos a apoyar de abajo para arriba y eso fue lo que hicimos\u201d, refiri\u00f3 el jefe del Ejecutivo federal.<\/p>\n\n\n\n<p>El presidente de la Rep\u00fablica record\u00f3 este pasaje, mientras narraba c\u00f3mo en los pasados sexenios, los gobiernos, como el de Carlos Salinas de Gortari, apostaron por rescatar a los empresarios antes que a la gente adquiriendo deudas millonarias que han impedido el desarrollo econ\u00f3mico de M\u00e9xico.<\/p>\n\n\n\n<p>\u201cEn este sexenio que se llev\u00f3 acabo la transferencia de bienes p\u00fablicos a particulares y es cuando hay m\u00e1s desigualdad, cuando se profundiza\u201d, acus\u00f3.<\/p>\n\n\n\n<p><a href=\"https:\/\/www.forbes.com.mx\/\"><strong><em>Sigue la informaci\u00f3n sobre los negocios y la actualidad en Forbes M\u00e9xico<\/em><\/strong><\/a><\/p>\n\n\n\n<p>Fuente: https:\/\/www.forbes.com.mx\/amlo-empresarios-rescate-pandemia\/<\/p>\n","protected":false},"excerpt":{"rendered":"<p>El presidente L\u00f3pez Obrador dijo que algunos empresarios le pidieron endeudar al pa\u00eds para otorgarles cr\u00e9ditos durante la pandemia. EMMANUEL [&hellip;]<\/p>\n","protected":false},"author":1,"featured_media":22801,"comment_status":"open","ping_status":"open","sticky":false,"template":"","format":"standard","meta":{"site-sidebar-layout":"default","site-content-layout":"","ast-site-content-layout":"default","site-content-style":"default","site-sidebar-style":"default","ast-global-header-display":"","ast-banner-title-visibility":"","ast-main-header-display":"","ast-hfb-above-header-display":"","ast-hfb-below-header-display":"","ast-hfb-mobile-header-display":"","site-post-title":"","ast-breadcrumbs-content":"","ast-featured-img":"","footer-sml-layout":"","theme-transparent-header-meta":"","adv-header-id-meta":"","stick-header-meta":"","header-above-stick-meta":"","header-main-stick-meta":"","header-below-stick-meta":"","astra-migrate-meta-layouts":"default","ast-page-background-enabled":"default","ast-page-background-meta":{"desktop":{"background-color":"var(--ast-global-color-4)","background-image":"","background-repeat":"repeat","background-position":"center center","background-size":"auto","background-attachment":"scroll","background-type":"","background-media":"","overlay-type":"","overlay-color":"","overlay-opacity":"","overlay-gradient":""},"tablet":{"background-color":"","background-image":"","background-repeat":"repeat","background-position":"center center","background-size":"auto","background-attachment":"scroll","background-type":"","background-media":"","overlay-type":"","overlay-color":"","overlay-opacity":"","overlay-gradient":""},"mobile":{"background-color":"","background-image":"","background-repeat":"repeat","background-position":"center center","background-size":"auto","background-attachment":"scroll","background-type":"","background-media":"","overlay-type":"","overlay-color":"","overlay-opacity":"","overlay-gradient":""}},"ast-content-background-meta":{"desktop":{"background-color":"var(--ast-global-color-5)","background-image":"","background-repeat":"repeat","background-position":"center center","background-size":"auto","background-attachment":"scroll","background-type":"","background-media":"","overlay-type":"","overlay-color":"","overlay-opacity":"","overlay-gradient":""},"tablet":{"background-color":"var(--ast-global-color-5)","background-image":"","background-repeat":"repeat","background-position":"center center","background-size":"auto","background-attachment":"scroll","background-type":"","background-media":"","overlay-type":"","overlay-color":"","overlay-opacity":"","overlay-gradient":""},"mobile":{"background-color":"var(--ast-global-color-5)","background-image":"","background-repeat":"repeat","background-position":"center center","background-size":"auto","background-attachment":"scroll","background-type":"","background-media":"","overlay-type":"","overlay-color":"","overlay-opacity":"","overlay-gradient":""}},"footnotes":""},"categories":[8],"tags":[199,8359,8360],"class_list":["post-22800","post","type-post","status-publish","format-standard","has-post-thumbnail","hentry","category-noticias","tag-amlo","tag-empresarios-pandemia","tag-moratoria"],"_links":{"self":[{"href":"https:\/\/losperiodistas.com.mx\/portal\/wp-json\/wp\/v2\/posts\/22800","targetHints":{"allow":["GET"]}}],"collection":[{"href":"https:\/\/losperiodistas.com.mx\/portal\/wp-json\/wp\/v2\/posts"}],"about":[{"href":"https:\/\/losperiodistas.com.mx\/portal\/wp-json\/wp\/v2\/types\/post"}],"author":[{"embeddable":true,"href":"https:\/\/losperiodistas.com.mx\/portal\/wp-json\/wp\/v2\/users\/1"}],"replies":[{"embeddable":true,"href":"https:\/\/losperiodistas.com.mx\/portal\/wp-json\/wp\/v2\/comments?post=22800"}],"version-history":[{"count":1,"href":"https:\/\/losperiodistas.com.mx\/portal\/wp-json\/wp\/v2\/posts\/22800\/revisions"}],"predecessor-version":[{"id":22802,"href":"https:\/\/losperiodistas.com.mx\/portal\/wp-json\/wp\/v2\/posts\/22800\/revisions\/22802"}],"wp:featuredmedia":[{"embeddable":true,"href":"https:\/\/losperiodistas.com.mx\/portal\/wp-json\/wp\/v2\/media\/22801"}],"wp:attachment":[{"href":"https:\/\/losperiodistas.com.mx\/portal\/wp-json\/wp\/v2\/media?parent=22800"}],"wp:term":[{"taxonomy":"category","embeddable":true,"href":"https:\/\/losperiodistas.com.mx\/portal\/wp-json\/wp\/v2\/categories?post=22800"},{"taxonomy":"post_tag","embeddable":true,"href":"https:\/\/losperiodistas.com.mx\/portal\/wp-json\/wp\/v2\/tags?post=22800"}],"curies":[{"name":"wp","href":"https:\/\/api.w.org\/{rel}","templated":true}]}}