{"id":22794,"date":"2022-03-03T09:00:02","date_gmt":"2022-03-03T15:00:02","guid":{"rendered":"http:\/\/losperiodistas.com.mx\/portal\/?p=22794"},"modified":"2022-03-03T10:12:10","modified_gmt":"2022-03-03T16:12:10","slug":"toma-nota-imss-usara-responsabilidad-solidaria-para-combatir-evasion-en-outsourcing-el-economista","status":"publish","type":"post","link":"https:\/\/losperiodistas.com.mx\/portal\/toma-nota-imss-usara-responsabilidad-solidaria-para-combatir-evasion-en-outsourcing-el-economista\/","title":{"rendered":"\u00a1Toma nota! IMSS usar\u00e1 responsabilidad solidaria para combatir evasi\u00f3n en outsourcing | El Economista"},"content":{"rendered":"\n<p><em>En situaciones en las que sea complicado identificar a una empresa de prestaci\u00f3n de servicios que evada sus nuevas\u00a0responsabilidades, el IMSS buscar\u00e1 a sus clientes para notificarles los\u00a0incumplimientos del contratista.<\/em><\/p>\n\n\n\n<figure class=\"wp-block-image size-large\"><img fetchpriority=\"high\" decoding=\"async\" width=\"1024\" height=\"699\" src=\"https:\/\/losperiodistas.com.mx\/portal\/wp-content\/uploads\/2022\/03\/norma-gabriela-lopez-fase-2-piloto-trabajadoras-del-hogar.jpg_1907721025-1024x699.jpg\" alt=\"\" class=\"wp-image-22807\" srcset=\"https:\/\/losperiodistas.com.mx\/portal\/wp-content\/uploads\/2022\/03\/norma-gabriela-lopez-fase-2-piloto-trabajadoras-del-hogar.jpg_1907721025-1024x699.jpg 1024w, https:\/\/losperiodistas.com.mx\/portal\/wp-content\/uploads\/2022\/03\/norma-gabriela-lopez-fase-2-piloto-trabajadoras-del-hogar.jpg_1907721025-300x205.jpg 300w, https:\/\/losperiodistas.com.mx\/portal\/wp-content\/uploads\/2022\/03\/norma-gabriela-lopez-fase-2-piloto-trabajadoras-del-hogar.jpg_1907721025-768x525.jpg 768w, https:\/\/losperiodistas.com.mx\/portal\/wp-content\/uploads\/2022\/03\/norma-gabriela-lopez-fase-2-piloto-trabajadoras-del-hogar.jpg_1907721025.jpg 1120w\" sizes=\"(max-width: 1024px) 100vw, 1024px\" \/><figcaption>Norma Gabriela L\u00f3pez Casta\u00f1eda, directora de Incorporaci\u00f3n y Recaudaci\u00f3n del IMSS. Foto: Especial<\/figcaption><\/figure>\n\n\n\n<p><\/p>\n\n\n\n<p class=\"has-vivid-cyan-blue-color has-text-color\" style=\"font-size:26px\">GERARDO HERN\u00c1NDEZ \/ EL ECONOMISTA<\/p>\n\n\n\n<p>Para las autoridades, el trabajo de implementaci\u00f3n de la&nbsp;<strong>reforma de subcontrataci\u00f3n<\/strong>&nbsp;no termin\u00f3 con la migraci\u00f3n de trabajadores de empresas de&nbsp;<em>outsourcing<\/em>&nbsp;a compa\u00f1\u00edas operadoras. En 2022 el Instituto Mexicano del Seguro Social (IMSS) y otras dependencias seguir\u00e1n supervisando y evaluando las condiciones en las que se dieron los cambios.<\/p>\n\n\n\n<p>En ese sentido, Norma Gabriela L\u00f3pez Casta\u00f1eda, directora de Incorporaci\u00f3n y Recaudaci\u00f3n del IMSS, se\u00f1al\u00f3 que alrededor de un&nbsp;<strong>80% de las empresas&nbsp;<\/strong>cumplieron a plenitud&nbsp;con&nbsp;las nuevas reglas de subcontrataci\u00f3n. Pero una proporci\u00f3n de empleadores hizo migraciones de trabajadores sin declarar al instituto la sustituci\u00f3n patronal porque hicieron reducciones salariales, o bien para evitar&nbsp;ajustes en&nbsp;la prima de riesgo.<\/p>\n\n\n\n<p>\u201cEstamos revisando las migraciones porque el 80% de las personas se portaron muy bien y tienen estrellita.&nbsp;Pero hay un porcentaje que no necesariamente se port\u00f3 del todo bien. Ve\u00edamos que en estas migraciones&nbsp;de pronto no nos declaraban la&nbsp;<strong>sustituci\u00f3n patronal<\/strong>, aunque lo hicimos bien f\u00e1cil. Pero curiosamente cuando no la declaraban, era porque la prima se ajustaba o porque de pronto hab\u00eda una disminuci\u00f3n salarial\u201d, dijo la funcionaria durante el seminario&nbsp;<em>La transformaci\u00f3n de las relaciones de trabajo<\/em>&nbsp;de D&amp;M Abogados.<\/p>\n\n\n\n<p>Las migraciones de trabajadores, apunt\u00f3 Norma Gabriela L\u00f3pez Casta\u00f1eda, le permiten al IMSS ubicar a patrones que eran dif\u00edciles de localizar. \u201cSiguiendo al trabajador vemos que s\u00ed lo podemos localizar, aunque no se llamen igual (las empresas).&nbsp;Y&nbsp;qu\u00e9 pasa si ya no lo encuentras, el cliente seguro lo va a encontrar. Vamos a hacer una labor diferenciada, vamos a ir con el cliente y decirle, la persona con la que est\u00e1s contratando se est\u00e1 portando mal, \u00a1ojo! Porque t\u00fa por&nbsp;<strong>responsabilidad solidaria<\/strong>&nbsp;vas a tener consecuencias\u201d.<\/p>\n\n\n\n<p>La aplicaci\u00f3n de la responsabilidad solidaria es una de las v\u00edas de fiscalizaci\u00f3n que usar\u00e1n las autoridades en 2022 para combatir ambos fen\u00f3menos:&nbsp;<a href=\"https:\/\/www.eleconomista.com.mx\/capitalhumano\/Reforzaran-estrategia-de-vigilancia-contra-evasores-de-reforma-de-outsourcing-20220223-0112.html\" target=\"_blank\" rel=\"noreferrer noopener\">reducci\u00f3n salarial o ajustes en la prima de riesgo<\/a>.&nbsp; &nbsp;<\/p>\n\n\n\n<p>En ese tenor, la funcionaria pidi\u00f3 a los asesores legales de las empresas no recomendar acciones para evadir la&nbsp;<strong>reforma de&nbsp;<em>outsourcing<\/em><\/strong>&nbsp;porque \u201cva a haber consecuencias\u201d, pues la autoridad dar\u00e1 seguimiento a la implementaci\u00f3n de las modificaciones legales en vigor desde abril del a\u00f1o pasado.<\/p>\n\n\n\n<p>La&nbsp;<strong>responsabilidad solidaria<\/strong>&nbsp;se reforz\u00f3 con la reforma de subcontrataci\u00f3n e implica que las empresas que contratan servicios especializados, como su nombre lo dice, deben asumir las responsabilidades en caso de que el contratista incumpla&nbsp;sus obligaciones patronales.<\/p>\n\n\n\n<p>\u201cMe tengo que ocupar de que la persona que yo contrate,&nbsp;<a href=\"https:\/\/www.eleconomista.com.mx\/capitalhumano\/Nuevas-obligaciones-para-las-empresas-de-subcontratacion-La-letra-chiquita-del-Repse-20210524-0155.html\" target=\"_blank\" rel=\"noreferrer noopener\">con independencia de que tenga el Repse<\/a>&nbsp;y todo lo dem\u00e1s, que evidentemente lo debe tener por efectos principalmente fiscales, que est\u00e9 al corriente de sus obligaciones porque no solamente el tener Repse hace a una persona responsable solidaria ante el IMSS, juega para bien y para mal. No es el Repse lo que a m\u00ed me lleva a fincar una&nbsp;<strong>responsabilidad solidaria<\/strong>, es el incumplimiento lo que me lleva a establecerla\u201d, precis\u00f3 L\u00f3pez Casta\u00f1eda.<\/p>\n\n\n\n<p>Entre los impactos positivos de la reforma de&nbsp;<em>outsourcing<\/em>, la funcionaria del IMSS destac\u00f3 que las&nbsp;<strong>plazas permanentes&nbsp;<\/strong>incrementaron en la proporci\u00f3n que disminuyeron los empleos eventuales, lo que sugiere que algunos trabajadores estaban registrados ante el instituto como temporales, pero en la realidad ocupaban puestos fijos.<\/p>\n\n\n\n<p>\u201cSubi\u00f3 siete puntos porcentuales la composici\u00f3n entre&nbsp;<strong>permanentes y eventuales<\/strong>. Esto es importante y no es que lo eventual est\u00e9 mal. Me preguntan si ya no se puede contratar eventuales, claro que se puede, el punto es que estos eran&nbsp;<strong>eventuales chafas<\/strong>; es decir, en realidad no se trataban de eventuales sino de personas que as\u00ed los registraban con un prop\u00f3sito de bifurcar las relaciones laborales\u201d, expuso durante el panel&nbsp;<em>Experiencias en el tema de subcontrataci\u00f3n<\/em>.<\/p>\n\n\n\n<p>Por otra parte, Norma Gabriela L\u00f3pez Casta\u00f1eda indic\u00f3 que sin la<strong>&nbsp;reforma de subcontrataci\u00f3n<\/strong>, la ca\u00edda estacional del empleo formal en diciembre hubiese sido de cerca de 500,000 plazas.<\/p>\n\n\n\n<p>En t\u00e9rminos pr\u00e1cticos, las modificaciones legales al r\u00e9gimen de subcontrataci\u00f3n se han traducido en trabajadores formales con mejor cotizaci\u00f3n, con mayores ingresos y m\u00e1s estabilidad, se\u00f1al\u00f3.<\/p>\n\n\n\n<h2 class=\"wp-block-heading\"><strong>El PTU y las dudas persistentes<\/strong><\/h2>\n\n\n\n<p>Desde la perspectiva de Viviana Balaunzar\u00e1n, socia de Consultor\u00eda y Cumplimiento Fiscal de la firma Skatt, todav\u00eda&nbsp;quedan dudas en torno al pago del&nbsp;<strong>reparto de utilidades.<\/strong>&nbsp;La reforma de&nbsp;<em>outsourcing<\/em>&nbsp;estableci\u00f3 un l\u00edmite a la Participaci\u00f3n de los Trabajadores en las Utilidades (PTU) de tres meses o el promedio de los \u00faltimos tres a\u00f1os, pero no est\u00e1 claro c\u00f3mo deber\u00e1 declararse el monto que sobre si despu\u00e9s de aplicar los topes, las empresas no reparten el 10% de sus ganancias, por ejemplo.<\/p>\n\n\n\n<p>\u201cSabemos que nunca una empresa debe pagar m\u00e1s del&nbsp;<strong>10% de utilidades<\/strong>. Pero si los l\u00edmites son inferiores \u00bfqu\u00e9 es ese excedente entonces?, \u00bfse considera PTU? Tenemos esas distorsiones\u201d, expuso la especialista.<\/p>\n\n\n\n<p>Entre&nbsp;<a href=\"https:\/\/www.eleconomista.com.mx\/empresas\/Empresas-pagaran-mas-PTU-este-ano-se-suman-3-millones-al-beneficio-20220223-0054.html\" target=\"_blank\" rel=\"noreferrer noopener\">otras dudas vinculadas al PTU<\/a>, la especialista&nbsp;plante\u00f3 el escenario para los trabajadores que migraron de una empresa a otra a trav\u00e9s de sustituciones patronales o fusiones de empresas y, por lo tanto, tuvieron dos empleadores en el ejercicio fiscal de 2021, con el que se pagar\u00e1 el reparto de utilidades de 2022.<\/p>\n\n\n\n<p>\u201cCon dos patrones, tienen que recibir&nbsp;<strong>las dos PTU<\/strong>&nbsp;y volvemos al mismo tema \u00bfme aplican los dos l\u00edmites por cada empresa? \u00bfo s\u00f3lo aplico un l\u00edmite por las dos? En estricto sentido deber\u00edan aplicarte los dos l\u00edmites, pero no tenemos ese tipo de definiciones\u201d, cuestion\u00f3.<\/p>\n\n\n\n<p>Por su parte, Carla Mart\u00ednez, asociada de la firma D&amp;M Abogados, plante\u00f3 que entre los desaf\u00edos de la reforma de subcontrataci\u00f3n se encuentran las&nbsp;<strong>inspecciones de trabajo<\/strong>, que ser\u00e1n aleatorias y, de acuerdo con la especialista, hay un plan de realizarlas a todas las empresas y personas f\u00edsicas inscritas en el Registro de Prestadoras de Servicios Especializados u Obras Especializadas (Repse).<\/p>\n\n\n\n<p>\u201cEsto implica conservar los papeles, tener muy clara la operaci\u00f3n y, sobre todo, tener en cuenta que la p\u00e9rdida del registro&nbsp;puede darse por un mal dictamen de una inspecci\u00f3n. Con esto&nbsp;<a href=\"https:\/\/www.eleconomista.com.mx\/capitalhumano\/Cuidado-con-quien-subcontratas-Ya-puedes-verificar-registros-en-el-Repse-20210729-0120.html\" target=\"_blank\" rel=\"noreferrer noopener\">tambi\u00e9n se juega la conservaci\u00f3n del Repse<\/a>, que esto es a parte de la renovaci\u00f3n que se tienen que hacer cada tres a\u00f1os\u201d, apunt\u00f3.<\/p>\n\n\n\n<p>Entre otros desaf\u00edos, Carla Mart\u00ednez destac\u00f3 los posibles cambios de criterios para determinar lo que se considera servicio especializado y, por lo tanto, si se requiere&nbsp;<strong>inscripci\u00f3n&nbsp;al Repse<\/strong>, que es administrado por la Secretar\u00eda del Trabajo y Previsi\u00f3n Social (STPS).<\/p>\n\n\n\n<p>Para finalizar, la abogada laboralista consider\u00f3 que este a\u00f1o se podr\u00edan tener definiciones m\u00e1s claras y precisas para determinar las actividades que se califican como&nbsp;<strong>servicios especializados<\/strong>.<\/p>\n\n\n\n<p>\u201cDebemos estar atentos porque hay ciertos clientes que decidieron aceptar sin Repse a algunos prestadores porque no consideran que entren en la definici\u00f3n de prestadores de servicios especializados, pero qu\u00e9 cl\u00e1usulas se deben agregar al contrato o cu\u00e1nto tiempo se les dar\u00e1 para que se regularicen si se determina que s\u00ed requieren el Repse\u201d, agreg\u00f3.<\/p>\n\n\n\n<p>Fuente: https:\/\/www.eleconomista.com.mx\/capitalhumano\/Toma-nota-IMSS-usara-responsabilidad-solidaria-para-combatir-evasion-en-outsourcing-20220302-0117.html<\/p>\n","protected":false},"excerpt":{"rendered":"<p>En situaciones en las que sea complicado identificar a una empresa de prestaci\u00f3n de servicios que evada sus nuevas\u00a0responsabilidades, el [&hellip;]<\/p>\n","protected":false},"author":1,"featured_media":22795,"comment_status":"open","ping_status":"open","sticky":false,"template":"","format":"standard","meta":{"site-sidebar-layout":"default","site-content-layout":"","ast-site-content-layout":"default","site-content-style":"default","site-sidebar-style":"default","ast-global-header-display":"","ast-banner-title-visibility":"","ast-main-header-display":"","ast-hfb-above-header-display":"","ast-hfb-below-header-display":"","ast-hfb-mobile-header-display":"","site-post-title":"","ast-breadcrumbs-content":"","ast-featured-img":"","footer-sml-layout":"","theme-transparent-header-meta":"","adv-header-id-meta":"","stick-header-meta":"","header-above-stick-meta":"","header-main-stick-meta":"","header-below-stick-meta":"","astra-migrate-meta-layouts":"default","ast-page-background-enabled":"default","ast-page-background-meta":{"desktop":{"background-color":"var(--ast-global-color-4)","background-image":"","background-repeat":"repeat","background-position":"center center","background-size":"auto","background-attachment":"scroll","background-type":"","background-media":"","overlay-type":"","overlay-color":"","overlay-opacity":"","overlay-gradient":""},"tablet":{"background-color":"","background-image":"","background-repeat":"repeat","background-position":"center center","background-size":"auto","background-attachment":"scroll","background-type":"","background-media":"","overlay-type":"","overlay-color":"","overlay-opacity":"","overlay-gradient":""},"mobile":{"background-color":"","background-image":"","background-repeat":"repeat","background-position":"center center","background-size":"auto","background-attachment":"scroll","background-type":"","background-media":"","overlay-type":"","overlay-color":"","overlay-opacity":"","overlay-gradient":""}},"ast-content-background-meta":{"desktop":{"background-color":"var(--ast-global-color-5)","background-image":"","background-repeat":"repeat","background-position":"center center","background-size":"auto","background-attachment":"scroll","background-type":"","background-media":"","overlay-type":"","overlay-color":"","overlay-opacity":"","overlay-gradient":""},"tablet":{"background-color":"var(--ast-global-color-5)","background-image":"","background-repeat":"repeat","background-position":"center center","background-size":"auto","background-attachment":"scroll","background-type":"","background-media":"","overlay-type":"","overlay-color":"","overlay-opacity":"","overlay-gradient":""},"mobile":{"background-color":"var(--ast-global-color-5)","background-image":"","background-repeat":"repeat","background-position":"center center","background-size":"auto","background-attachment":"scroll","background-type":"","background-media":"","overlay-type":"","overlay-color":"","overlay-opacity":"","overlay-gradient":""}},"footnotes":""},"categories":[8],"tags":[3916,8357,8356],"class_list":["post-22794","post","type-post","status-publish","format-standard","has-post-thumbnail","hentry","category-noticias","tag-imss","tag-outsourcing","tag-subcontratacion"],"_links":{"self":[{"href":"https:\/\/losperiodistas.com.mx\/portal\/wp-json\/wp\/v2\/posts\/22794","targetHints":{"allow":["GET"]}}],"collection":[{"href":"https:\/\/losperiodistas.com.mx\/portal\/wp-json\/wp\/v2\/posts"}],"about":[{"href":"https:\/\/losperiodistas.com.mx\/portal\/wp-json\/wp\/v2\/types\/post"}],"author":[{"embeddable":true,"href":"https:\/\/losperiodistas.com.mx\/portal\/wp-json\/wp\/v2\/users\/1"}],"replies":[{"embeddable":true,"href":"https:\/\/losperiodistas.com.mx\/portal\/wp-json\/wp\/v2\/comments?post=22794"}],"version-history":[{"count":2,"href":"https:\/\/losperiodistas.com.mx\/portal\/wp-json\/wp\/v2\/posts\/22794\/revisions"}],"predecessor-version":[{"id":22808,"href":"https:\/\/losperiodistas.com.mx\/portal\/wp-json\/wp\/v2\/posts\/22794\/revisions\/22808"}],"wp:featuredmedia":[{"embeddable":true,"href":"https:\/\/losperiodistas.com.mx\/portal\/wp-json\/wp\/v2\/media\/22795"}],"wp:attachment":[{"href":"https:\/\/losperiodistas.com.mx\/portal\/wp-json\/wp\/v2\/media?parent=22794"}],"wp:term":[{"taxonomy":"category","embeddable":true,"href":"https:\/\/losperiodistas.com.mx\/portal\/wp-json\/wp\/v2\/categories?post=22794"},{"taxonomy":"post_tag","embeddable":true,"href":"https:\/\/losperiodistas.com.mx\/portal\/wp-json\/wp\/v2\/tags?post=22794"}],"curies":[{"name":"wp","href":"https:\/\/api.w.org\/{rel}","templated":true}]}}