{"id":22580,"date":"2022-03-01T02:55:04","date_gmt":"2022-03-01T08:55:04","guid":{"rendered":"http:\/\/losperiodistas.com.mx\/portal\/?p=22580"},"modified":"2022-03-01T02:55:05","modified_gmt":"2022-03-01T08:55:05","slug":"la-violencia-que-se-vive-en-mexico-es-mas-grave-que-la-que-se-observa-en-ucrania-infobae","status":"publish","type":"post","link":"https:\/\/losperiodistas.com.mx\/portal\/la-violencia-que-se-vive-en-mexico-es-mas-grave-que-la-que-se-observa-en-ucrania-infobae\/","title":{"rendered":"\u201cLa violencia que se vive en M\u00e9xico es m\u00e1s grave que la que se observa en Ucrania\u201d | Infobae"},"content":{"rendered":"\n<p><em>Tan solo durante el fin de semana, los homicidios dolosos registrados en M\u00e9xico superaron las muertes que han dejado los ataques Rusos en territorio ucraniano. El experto en seguridad Ricardo M\u00e1rquez Blas explic\u00f3 a Infobae que esa comparativa demuestra que la violencia en suelo mexicano es incluso de mayor gravedad<\/em><\/p>\n\n\n\n<p><\/p>\n\n\n\n<figure class=\"wp-block-image size-large\"><img fetchpriority=\"high\" decoding=\"async\" width=\"1024\" height=\"576\" src=\"https:\/\/losperiodistas.com.mx\/portal\/wp-content\/uploads\/2022\/03\/XJCSJCH266N7XSX3H2FWYQRRNY-1024x576.jpg\" alt=\"\" class=\"wp-image-22581\" srcset=\"https:\/\/losperiodistas.com.mx\/portal\/wp-content\/uploads\/2022\/03\/XJCSJCH266N7XSX3H2FWYQRRNY-1024x576.jpg 1024w, https:\/\/losperiodistas.com.mx\/portal\/wp-content\/uploads\/2022\/03\/XJCSJCH266N7XSX3H2FWYQRRNY-300x169.jpg 300w, https:\/\/losperiodistas.com.mx\/portal\/wp-content\/uploads\/2022\/03\/XJCSJCH266N7XSX3H2FWYQRRNY-768x432.jpg 768w, https:\/\/losperiodistas.com.mx\/portal\/wp-content\/uploads\/2022\/03\/XJCSJCH266N7XSX3H2FWYQRRNY.jpg 1440w\" sizes=\"(max-width: 1024px) 100vw, 1024px\" \/><\/figure>\n\n\n\n<p><a href=\"https:\/\/www.infobae.com\/america\/mexico\/2022\/03\/01\/la-violencia-que-se-vive-en-mexico-es-mas-grave-que-la-que-se-observa-en-ucrania\/?jwsource=cl\">https:\/\/www.infobae.com\/america\/mexico\/2022\/03\/01\/la-violencia-que-se-vive-en-mexico-es-mas-grave-que-la-que-se-observa-en-ucrania\/?jwsource=cl<\/a><\/p>\n\n\n\n<p><\/p>\n\n\n\n<p class=\"has-vivid-cyan-blue-color has-text-color\" style=\"font-size:26px\">ALICIA MIRELES \/ INFOBAE<\/p>\n\n\n\n<p>A nivel internacional, el&nbsp;<a href=\"https:\/\/www.infobae.com\/america\/mundo\/2022\/02\/28\/invasion-de-rusia-a-ucrania-en-vivo-la-casa-blanca-denuncio-que-lukashenko-enviara-tropas-a-territorio-ucraniano\/\" target=\"_blank\" rel=\"noreferrer noopener\">ataque de Rusia a Ucrania<\/a>, iniciado el pasado 24 de febrero, ha dejado ya la tr\u00e1gica cifra de al menos 104 muertos, entre civiles y militares. Las explosiones y bombardeos dejan solo desoladoras postales del este de Europa, que recuerdan aquellas de guerras pasadas. A\u00fan m\u00e1s lamentable es caer en cuenta que&nbsp;<strong>en M\u00e9xico no es necesario alzar la mirada tan lejos para encontrar un escenario a\u00fan m\u00e1s devastador<\/strong>: la violencia del crimen organizado que, en mismo periodo de tiempo, ha sumado por lo menos 198 homicidios dolosos.<\/p>\n\n\n\n<p>\u201cLa violencia que se vive en M\u00e9xico es similar o incluso superior a la violencia letal que se registra en el enfretamiento entre Rusia y Ucrania\u201d, advierte a&nbsp;<em>Infobae&nbsp;<\/em><strong>Ricardo M\u00e1rquez Blas<\/strong>, especialista mexicano en seguridad. \u201cSon conflictos completamente distintos, pero el n\u00famero de muertes entre lo que sucede entre Rusia y Ucrania, y lo que pasa en M\u00e9xico&nbsp;<strong>s\u00ed es un indicador del alt\u00edsimo nivel de violencia que se vive en este pa\u00eds<\/strong>\u201d.<\/p>\n\n\n\n<p>El \u00faltimo episodio violento en territorio mexicano se dio este domingo, en el poblado de San Jos\u00e9 de Gracia, ubicado en el estado sure\u00f1o de Michoac\u00e1n. Fue una masacre que perpetr\u00f3 17 asesinatos. Al menos 20 sicarios disparaon a plena luz del d\u00eda. Los mismos criminales levantaron los cuerpos. El momento se viraliz\u00f3 en un video de redes sociales. La polic\u00eda nunca aparece. \u201cS\u00ed hay evidencias de que hubo un enfrentamiento, pero no se han encontrado cuerpos\u201d, dijo el presidente Andr\u00e9s Manuel L\u00f3pez Obrador (AMLO).<\/p>\n\n\n\n<p>Masacre en Michoac\u00e1n: AMLO neg\u00f3 que FGE cuente con evidencias sobre los 17 asesinatos: <\/p>\n\n\n\n<p><a href=\"https:\/\/www.infobae.com\/america\/mexico\/2022\/03\/01\/la-violencia-que-se-vive-en-mexico-es-mas-grave-que-la-que-se-observa-en-ucrania\/?jwsource=cl\">https:\/\/www.infobae.com\/america\/mexico\/2022\/03\/01\/la-violencia-que-se-vive-en-mexico-es-mas-grave-que-la-que-se-observa-en-ucrania\/?jwsource=cl<\/a><\/p>\n\n\n\n<p>\u201cLo que sucedi\u00f3 en Michoac\u00e1n es muestra de que en t\u00e9rminos cuantitativos es muy preocupante lo que sucede en nuestro pa\u00eds porque es una cifra elevada, pero&nbsp;<strong>en t\u00e9rminos cualitativos da una idea de que es m\u00e1s grave<\/strong>&nbsp;de lo que sucede entre Rusia y Ucrania\u201d.<\/p>\n\n\n\n<p>Marqu\u00e9z Blas sostiene eso argumentando que lo que se observa en Europa del Este&nbsp;<strong>son enfrentamientos, m\u00e1s no ejecuciones o fusilamientos<\/strong>&nbsp;como lo visto en Michoac\u00e1n.<\/p>\n\n\n\n<p>Las cifras lo respaldan: solo este fin de semana,&nbsp;<a href=\"http:\/\/www.informeseguridad.cns.gob.mx\/\" target=\"_blank\" rel=\"noreferrer noopener\">del 25 al 27 de febrero<\/a>, a nivel nacional se reportaron 198 asesinatos en fuentes abiertas, mientras que las del grupo interinstitucional registran 234 homicidios dolosos. Esos n\u00fameros no contabilizan los muertos de la masacre de este domingo.<\/p>\n\n\n\n<p>\u201cLo que vemos all\u00e1 son enfrentamientos entre dos ej\u00e9rcitos regulares, casi con el mismo nivel de violencia o parecido al que existe en M\u00e9xico, pero&nbsp;<strong>el nivel de brutalidad que existe en M\u00e9xico no existe en esa guerra ni en muchas otras<\/strong>\u201d, insisti\u00f3 el analista. \u201cEl nivel de barbarismo entre los ej\u00e9rcitos ruso y ucraniano es menor al que hemos presenciado entre los grupos del crimen organizado\u201d.<\/p>\n\n\n\n<p>Para el especialista en seguridad, el hecho de que la tragedia en Ucrania parece impactar mucho m\u00e1s que lo que sucede en M\u00e9xico es que, en la primera es un enfretamiento abierto entre dos ej\u00e9rcitos de dos naciones distintas, mientras que el segundo es entre grupos del crimen organizado. El primero es con aviones, tanques, bazukas; el segundo con armas cortas y largas.&nbsp;<strong>\u201cMucho menos espectacular pero m\u00e1s letal\u201d<\/strong>.<\/p>\n\n\n\n<p>En conclusi\u00f3n, se\u00f1al\u00f3 el experto, los niveles de violencia en M\u00e9xico son totalmente comparables con los del conflicto b\u00e9lico entre Rusia y Ucrania. \u201cEso pese a que estos \u00faltimos est\u00e1n, por mucho, bastante mejor equipados\u201d.<img decoding=\"async\" alt=\"Militares rusos se desplazan en suelo ucraniano, cerca de Armiansk, Crimea (Foto: EFE\/EPA\/STRINGER)\n\" src=\"https:\/\/www.infobae.com\/new-resizer\/ozUt5F3UmrUp9DnBisOXyJZxY4M=\/420x236\/filters:format(webp):quality(85)\/cloudfront-us-east-1.images.arcpublishing.com\/infobae\/2XPT47IGUBC7PI7LITBWRKKLTI.jpg%20420w\" height=\"1080\" width=\"1920\" srcset=\"https:\/\/www.infobae.com\/new-resizer\/ozUt5F3UmrUp9DnBisOXyJZxY4M=\/420x236\/filters:format(webp):quality(85)\/cloudfront-us-east-1.images.arcpublishing.com\/infobae\/2XPT47IGUBC7PI7LITBWRKKLTI.jpg 420w,https:\/\/www.infobae.com\/new-resizer\/-NFe84fNtdGtz6vfUiXxsB13jmw=\/768x432\/filters:format(webp):quality(85)\/cloudfront-us-east-1.images.arcpublishing.com\/infobae\/2XPT47IGUBC7PI7LITBWRKKLTI.jpg 768w,https:\/\/www.infobae.com\/new-resizer\/EtQRR9bnD_vRnH2TNBCH86A-GUs=\/992x558\/filters:format(webp):quality(85)\/cloudfront-us-east-1.images.arcpublishing.com\/infobae\/2XPT47IGUBC7PI7LITBWRKKLTI.jpg 992w,https:\/\/www.infobae.com\/new-resizer\/AGqvF07fhuEn-keLOFonZJhnKWY=\/1200x675\/filters:format(webp):quality(85)\/cloudfront-us-east-1.images.arcpublishing.com\/infobae\/2XPT47IGUBC7PI7LITBWRKKLTI.jpg 1200w,https:\/\/www.infobae.com\/new-resizer\/Qa77QA7x04TRryqWFtnwyiL5MPE=\/1440x810\/filters:format(webp):quality(85)\/cloudfront-us-east-1.images.arcpublishing.com\/infobae\/2XPT47IGUBC7PI7LITBWRKKLTI.jpg 1440w\">Militares rusos se desplazan en suelo ucraniano, cerca de Armiansk, Crimea (Foto: EFE\/EPA\/STRINGER)<\/p>\n\n\n\n<p>Por otro lado, hizo especial hincapi\u00e9 en lo que se vive a nivel nacional respecto al n\u00famero de asesinatos que se han contabilizado en los \u00faltimos meses. \u201cHan estado<strong>&nbsp;bajando los n\u00fameros de los homicidios desde septiembre, de manera muy rara,<\/strong>&nbsp;y lo que sucedi\u00f3 en Michoac\u00e1n puede ser una de las explicaciones, que tambi\u00e9n lo hemos visto en Tamaulipas, y puede ser la clave de por qu\u00e9 se est\u00e1n registrando menos homicidios:&nbsp;<strong>es que se est\u00e1n llevando los cuerpos.<\/strong><\/p>\n\n\n\n<p>El especialista record\u00f3 que todav\u00eda en julio de 2021 los homicidios dolosos superaban los de mismo mes de 2020. Casualmente, se registraron los 100 mil asesinatos del sexenio, y entonces la cifra empez\u00f3 a registrar una reducci\u00f3n at\u00edpica, seg\u00fan advierte el experto en seguridad. \u201cLos c\u00e1rteles se est\u00e1n llevando los cuerpos, ya no los est\u00e1n dejando ah\u00ed\u201d.<\/p>\n\n\n\n<p>Fuente: https:\/\/www.infobae.com\/america\/mexico\/2022\/03\/01\/la-violencia-que-se-vive-en-mexico-es-mas-grave-que-la-que-se-observa-en-ucrania\/<\/p>\n","protected":false},"excerpt":{"rendered":"<p>Tan solo durante el fin de semana, los homicidios dolosos registrados en M\u00e9xico superaron las muertes que han dejado los [&hellip;]<\/p>\n","protected":false},"author":1,"featured_media":22581,"comment_status":"open","ping_status":"open","sticky":false,"template":"","format":"standard","meta":{"site-sidebar-layout":"default","site-content-layout":"","ast-site-content-layout":"default","site-content-style":"default","site-sidebar-style":"default","ast-global-header-display":"","ast-banner-title-visibility":"","ast-main-header-display":"","ast-hfb-above-header-display":"","ast-hfb-below-header-display":"","ast-hfb-mobile-header-display":"","site-post-title":"","ast-breadcrumbs-content":"","ast-featured-img":"","footer-sml-layout":"","theme-transparent-header-meta":"","adv-header-id-meta":"","stick-header-meta":"","header-above-stick-meta":"","header-main-stick-meta":"","header-below-stick-meta":"","astra-migrate-meta-layouts":"default","ast-page-background-enabled":"default","ast-page-background-meta":{"desktop":{"background-color":"var(--ast-global-color-4)","background-image":"","background-repeat":"repeat","background-position":"center center","background-size":"auto","background-attachment":"scroll","background-type":"","background-media":"","overlay-type":"","overlay-color":"","overlay-opacity":"","overlay-gradient":""},"tablet":{"background-color":"","background-image":"","background-repeat":"repeat","background-position":"center center","background-size":"auto","background-attachment":"scroll","background-type":"","background-media":"","overlay-type":"","overlay-color":"","overlay-opacity":"","overlay-gradient":""},"mobile":{"background-color":"","background-image":"","background-repeat":"repeat","background-position":"center center","background-size":"auto","background-attachment":"scroll","background-type":"","background-media":"","overlay-type":"","overlay-color":"","overlay-opacity":"","overlay-gradient":""}},"ast-content-background-meta":{"desktop":{"background-color":"var(--ast-global-color-5)","background-image":"","background-repeat":"repeat","background-position":"center center","background-size":"auto","background-attachment":"scroll","background-type":"","background-media":"","overlay-type":"","overlay-color":"","overlay-opacity":"","overlay-gradient":""},"tablet":{"background-color":"var(--ast-global-color-5)","background-image":"","background-repeat":"repeat","background-position":"center center","background-size":"auto","background-attachment":"scroll","background-type":"","background-media":"","overlay-type":"","overlay-color":"","overlay-opacity":"","overlay-gradient":""},"mobile":{"background-color":"var(--ast-global-color-5)","background-image":"","background-repeat":"repeat","background-position":"center center","background-size":"auto","background-attachment":"scroll","background-type":"","background-media":"","overlay-type":"","overlay-color":"","overlay-opacity":"","overlay-gradient":""}},"footnotes":""},"categories":[8],"tags":[8239,2231,6232,936],"class_list":["post-22580","post","type-post","status-publish","format-standard","has-post-thumbnail","hentry","category-noticias","tag-ricardo-marquez-blas","tag-rusia","tag-ucrania","tag-violencia-mexico"],"_links":{"self":[{"href":"https:\/\/losperiodistas.com.mx\/portal\/wp-json\/wp\/v2\/posts\/22580","targetHints":{"allow":["GET"]}}],"collection":[{"href":"https:\/\/losperiodistas.com.mx\/portal\/wp-json\/wp\/v2\/posts"}],"about":[{"href":"https:\/\/losperiodistas.com.mx\/portal\/wp-json\/wp\/v2\/types\/post"}],"author":[{"embeddable":true,"href":"https:\/\/losperiodistas.com.mx\/portal\/wp-json\/wp\/v2\/users\/1"}],"replies":[{"embeddable":true,"href":"https:\/\/losperiodistas.com.mx\/portal\/wp-json\/wp\/v2\/comments?post=22580"}],"version-history":[{"count":1,"href":"https:\/\/losperiodistas.com.mx\/portal\/wp-json\/wp\/v2\/posts\/22580\/revisions"}],"predecessor-version":[{"id":22582,"href":"https:\/\/losperiodistas.com.mx\/portal\/wp-json\/wp\/v2\/posts\/22580\/revisions\/22582"}],"wp:featuredmedia":[{"embeddable":true,"href":"https:\/\/losperiodistas.com.mx\/portal\/wp-json\/wp\/v2\/media\/22581"}],"wp:attachment":[{"href":"https:\/\/losperiodistas.com.mx\/portal\/wp-json\/wp\/v2\/media?parent=22580"}],"wp:term":[{"taxonomy":"category","embeddable":true,"href":"https:\/\/losperiodistas.com.mx\/portal\/wp-json\/wp\/v2\/categories?post=22580"},{"taxonomy":"post_tag","embeddable":true,"href":"https:\/\/losperiodistas.com.mx\/portal\/wp-json\/wp\/v2\/tags?post=22580"}],"curies":[{"name":"wp","href":"https:\/\/api.w.org\/{rel}","templated":true}]}}