{"id":22577,"date":"2022-03-01T02:47:38","date_gmt":"2022-03-01T08:47:38","guid":{"rendered":"http:\/\/losperiodistas.com.mx\/portal\/?p=22577"},"modified":"2022-03-01T02:57:26","modified_gmt":"2022-03-01T08:57:26","slug":"morena-en-la-puebla-del-2024","status":"publish","type":"post","link":"https:\/\/losperiodistas.com.mx\/portal\/morena-en-la-puebla-del-2024\/","title":{"rendered":"Morena en la Puebla del 2024"},"content":{"rendered":"\n<p><\/p>\n\n\n\n<p class=\"has-vivid-cyan-blue-color has-text-color\" style=\"font-size:26px\"><strong><em>Por Dr. Carlos Figueroa Ibarra<\/em><\/strong><\/p>\n\n\n\n<p><\/p>\n\n\n\n<p>El s\u00e1bado 26 de febrero de 2022 tuve la oportunidad de asistir a un evento que se realiz\u00f3 en un sal\u00f3n ubicado en la colonia San Manuel de la ciudad de Puebla. El mismo fue organizado por integrantes del&nbsp;<strong>Comit\u00e9 Ejecutivo Estatal<\/strong>&nbsp;de&nbsp;<strong>Morena&nbsp;<\/strong>en&nbsp;<strong>Puebla<\/strong>, a\u00fan cuando las invitaciones personalizadas, tuve la oportunidad de recibir una de ellas, las firm\u00f3 el diputado federal&nbsp;<strong>Alejandro Carvajal<\/strong>. El objetivo del evento fue realizar una&nbsp;<strong>asamblea informativa<\/strong>&nbsp;sobre la&nbsp;<strong>reforma el\u00e9ctrica<\/strong>. Calculo la asistencia al acto en unas 500 o 600 personas (podr\u00edan ser un poco m\u00e1s) y con un presidium constituido por diputados federales de los partidos&nbsp;<strong>Morena&nbsp;<\/strong>y&nbsp;<strong>Verde Ecologista<\/strong>, diputados locales, de dos integrantes del Comit\u00e9 Ejecutivo Nacional y de la Comisi\u00f3n Nacional de Honestidad y Justicia, adem\u00e1s de otras personalidades.<\/p>\n\n\n\n<p>La asamblea informativa responde a una orientaci\u00f3n dictada por el&nbsp;<strong>Comit\u00e9 Ejecutivo Nacional<\/strong>&nbsp;de movilizar a sus filas y a la poblaci\u00f3n en general en torno a dos objetivos: la&nbsp;<strong>consulta&nbsp;<\/strong>sobre&nbsp;<strong>revocaci\u00f3n de mandato<\/strong>&nbsp;a realizarse el 10 de abril pr\u00f3ximo y la&nbsp;<strong>reforma el\u00e9ctrica&nbsp;<\/strong>a manera de reforma constitucional, que tendr\u00e1 un escenario fundamental en la votaci\u00f3n que deber\u00e1 realizarse en la&nbsp;<strong>C\u00e1mara de Diputados<\/strong>&nbsp;despu\u00e9s del 10 de abril.&nbsp;<strong>Morena&nbsp;<\/strong>no puede realizar actos en funci\u00f3n de la revocaci\u00f3n de mandato porque es un evento ciudadano, pero es evidente que militantes y simpatizantes del partido est\u00e1n exhortando a la poblaci\u00f3n a participar en dicha consulta.<\/p>\n\n\n\n<p>Lo que s\u00ed pueden hacer<strong>&nbsp;Morena<\/strong>&nbsp;y sus aliados es realizar&nbsp;<strong>labores informativas<\/strong>&nbsp;y exhortar a la poblaci\u00f3n que apoye la&nbsp;<strong>reforma el\u00e9ctrica<\/strong>. En efecto, esta reforma es parte fundamental de la Cuarta Transformaci\u00f3n en esta segunda mitad del sexenio gobernado por&nbsp;<strong>Andr\u00e9s Manuel L\u00f3pez Obrador<\/strong>. Esto fue lo que sucedi\u00f3 el pasado s\u00e1bado en el evento en el cual, el orador principal fue el diputado federal&nbsp;<strong>Ignacio Mier Velazco<\/strong>, jefe de la bancada de Morena y por lo tanto principal responsable de la articulaci\u00f3n de fuerzas en la C\u00e1mara de Diputados, para lograr la&nbsp;<strong>mayor\u00eda calificada<\/strong>&nbsp;que permitir\u00eda la reforma constitucional sobre&nbsp;<strong>electricidad y litio<\/strong>.<\/p>\n\n\n\n<p>Es obvio que, si\u00a0<strong>Ignacio Mier Velazco<\/strong>\u00a0sale bien librado en las tres reformas constitucionales que est\u00e1n planteadas en los pr\u00f3ximos tiempos, se montar\u00e1 en caballo de hacienda como\u00a0<strong>candidato de Morena<\/strong>\u00a0a la\u00a0<strong>gubernatura del estado de Puebla<\/strong>. Por ello, el evento del 26 de febrero tuvo sabor a 2024 y es posible especular que siendo Nacho el orador principal y\u00a0<strong>Alejandro Carvajal<\/strong>\u00a0su principal convocador, un sector importante de Morena los estar\u00eda perfilando a ellos como\u00a0<strong>candidatos<\/strong>\u00a0a la\u00a0<strong>gubernatura<\/strong>\u00a0y a la\u00a0<strong>presidencia municipal\u00a0<\/strong>de la ciudad de Puebla.<\/p>\n\n\n\n<p>Consciente de lo impl\u00edcito en la concentraci\u00f3n del pasado s\u00e1bado, me puse a identificar a los sectores asistentes a la misma. Estaban all\u00ed, &nbsp;<strong>Claudia Rivera Vivanco<\/strong>&nbsp;y quienes en alg\u00fan momento giraron en torno a la expresidenta municipal;&nbsp;<strong>diputados federales de Morena<\/strong>&nbsp;que tambi\u00e9n ha estado de ese lado y ahora son parte del&nbsp;<strong>capital pol\u00edtico<\/strong>&nbsp;de Mier Velazco; igualmente&nbsp; la fracci\u00f3n de&nbsp;<strong>diputados locales de Morena<\/strong>&nbsp;que son adversos al&nbsp;<strong>gobernador Barbosa;<\/strong>&nbsp;el equipo que ha girado en torno a&nbsp;<strong>Rodrigo Abdala<\/strong>; la dirigencia estatal que ha sido nombrada por el CEN encabezado por&nbsp;<strong>Mario Delgado Carrillo<\/strong>&nbsp;y justo es decirlo, militancia y simpatizantes de la 4T que no tienen una simpat\u00eda definida con alguno de los sectores de Morena. Fue notoria la ausencia del&nbsp;<strong>senador Alejandro Armenta Mier<\/strong>, quien hasta junio del a\u00f1o pasado formaba parte de las alianzas de los grupos antes mencionados, pero que ahora al parecer ya no lo es.&nbsp; Si Ricardo Monreal ha recibido acusaciones de operar en contra de Morena en la Ciudad de M\u00e9xico en las elecciones de junio de 2021, similares acusaciones he escuchado con respecto a Armenta a la hora de explicar la&nbsp;<strong>derrota significativa<\/strong>&nbsp;de&nbsp;<strong>Claudia Rivera<\/strong>&nbsp;en la ciudad de Puebla. La especulaci\u00f3n es que a Armenta no le conven\u00eda un triunfo de Claudia&nbsp; por sus propias aspiraciones a ser candidato a gobernador en 2024.<\/p>\n\n\n\n<p>Tambi\u00e9n fue notoria la ausencia del&nbsp;<strong>sector de Morena<\/strong>&nbsp;que simpatiza con el&nbsp;<strong>gobernador Luis Miguel Barbosa<\/strong>. No porque este sector no considere necesaria la reforma el\u00e9ctrica, sino porque la asamblea informativa del s\u00e1bado pasado, al tener en Ignacio Mier y Alejandro Carvajal como figuras prominentes, tiene sabor a 2024. El gobernador no tiene hasta el momento&nbsp;<strong>propuestas p\u00fablicas<\/strong>&nbsp;para la gubernatura de la entidad y la presidencia municipal en la capital. La ausencia&nbsp;<strong>\u201cde fichas\u201d<\/strong>&nbsp;de parte del gobernador ha provocado especulaciones que lo ver\u00edan en 2024 apoyando de manera discreta la candidatura de&nbsp;<strong>Eduardo Rivera<\/strong>. He escuchado versiones en el sentido de que esto no ser\u00e1 as\u00ed, de que lo que est\u00e1 haciendo el gobernador es darle el beso de la muerte a Rivera haci\u00e9ndolo aparecer como un&nbsp;<strong>colaboracionista<\/strong>.&nbsp;<\/p>\n\n\n\n<p>Podr\u00eda pensarse finalmente, que siendo los organizadores del evento del 26 de febrero sectores de Morena que mantienen una&nbsp;<strong>clara alianza<\/strong>&nbsp;con&nbsp;<strong>Mario Delgado Carrillo<\/strong>, este alineamiento de fuerzas tiene tambi\u00e9n en perspectiva la candidatura presidencial de&nbsp;<strong>Marcelo Ebrard<\/strong>.<\/p>\n\n\n\n<p>Fue todo esto lo que estuvo detr\u00e1s de bambalinas en un evento que tuvo como tema la justa y necesaria\u00a0<strong>reforma el\u00e9ctrica y la reivindicaci\u00f3n<\/strong>\u00a0<strong>del litio<\/strong>\u00a0como propiedad nacional. En eso estamos de acuerdo los asistentes al evento, y aquellos que no estuvieron.<\/p>\n\n\n\n<p><\/p>\n","protected":false},"excerpt":{"rendered":"<p>Por Dr. Carlos Figueroa Ibarra El s\u00e1bado 26 de febrero de 2022 tuve la oportunidad de asistir a un evento [&hellip;]<\/p>\n","protected":false},"author":1,"featured_media":22578,"comment_status":"open","ping_status":"open","sticky":false,"template":"","format":"standard","meta":{"site-sidebar-layout":"default","site-content-layout":"","ast-site-content-layout":"default","site-content-style":"default","site-sidebar-style":"default","ast-global-header-display":"","ast-banner-title-visibility":"","ast-main-header-display":"","ast-hfb-above-header-display":"","ast-hfb-below-header-display":"","ast-hfb-mobile-header-display":"","site-post-title":"","ast-breadcrumbs-content":"","ast-featured-img":"","footer-sml-layout":"","theme-transparent-header-meta":"","adv-header-id-meta":"","stick-header-meta":"","header-above-stick-meta":"","header-main-stick-meta":"","header-below-stick-meta":"","astra-migrate-meta-layouts":"default","ast-page-background-enabled":"default","ast-page-background-meta":{"desktop":{"background-color":"var(--ast-global-color-4)","background-image":"","background-repeat":"repeat","background-position":"center center","background-size":"auto","background-attachment":"scroll","background-type":"","background-media":"","overlay-type":"","overlay-color":"","overlay-opacity":"","overlay-gradient":""},"tablet":{"background-color":"","background-image":"","background-repeat":"repeat","background-position":"center center","background-size":"auto","background-attachment":"scroll","background-type":"","background-media":"","overlay-type":"","overlay-color":"","overlay-opacity":"","overlay-gradient":""},"mobile":{"background-color":"","background-image":"","background-repeat":"repeat","background-position":"center center","background-size":"auto","background-attachment":"scroll","background-type":"","background-media":"","overlay-type":"","overlay-color":"","overlay-opacity":"","overlay-gradient":""}},"ast-content-background-meta":{"desktop":{"background-color":"var(--ast-global-color-5)","background-image":"","background-repeat":"repeat","background-position":"center center","background-size":"auto","background-attachment":"scroll","background-type":"","background-media":"","overlay-type":"","overlay-color":"","overlay-opacity":"","overlay-gradient":""},"tablet":{"background-color":"var(--ast-global-color-5)","background-image":"","background-repeat":"repeat","background-position":"center center","background-size":"auto","background-attachment":"scroll","background-type":"","background-media":"","overlay-type":"","overlay-color":"","overlay-opacity":"","overlay-gradient":""},"mobile":{"background-color":"var(--ast-global-color-5)","background-image":"","background-repeat":"repeat","background-position":"center center","background-size":"auto","background-attachment":"scroll","background-type":"","background-media":"","overlay-type":"","overlay-color":"","overlay-opacity":"","overlay-gradient":""}},"footnotes":""},"categories":[8,22],"tags":[84,8238,5486,3976,725],"class_list":["post-22577","post","type-post","status-publish","format-standard","has-post-thumbnail","hentry","category-noticias","category-opinion-invitada","tag-claudia-rivera-vivanco","tag-dip-alejandro-carvajal","tag-elecciones-2024","tag-ignacio-mier-velazco","tag-morena-puebla"],"_links":{"self":[{"href":"https:\/\/losperiodistas.com.mx\/portal\/wp-json\/wp\/v2\/posts\/22577","targetHints":{"allow":["GET"]}}],"collection":[{"href":"https:\/\/losperiodistas.com.mx\/portal\/wp-json\/wp\/v2\/posts"}],"about":[{"href":"https:\/\/losperiodistas.com.mx\/portal\/wp-json\/wp\/v2\/types\/post"}],"author":[{"embeddable":true,"href":"https:\/\/losperiodistas.com.mx\/portal\/wp-json\/wp\/v2\/users\/1"}],"replies":[{"embeddable":true,"href":"https:\/\/losperiodistas.com.mx\/portal\/wp-json\/wp\/v2\/comments?post=22577"}],"version-history":[{"count":1,"href":"https:\/\/losperiodistas.com.mx\/portal\/wp-json\/wp\/v2\/posts\/22577\/revisions"}],"predecessor-version":[{"id":22579,"href":"https:\/\/losperiodistas.com.mx\/portal\/wp-json\/wp\/v2\/posts\/22577\/revisions\/22579"}],"wp:featuredmedia":[{"embeddable":true,"href":"https:\/\/losperiodistas.com.mx\/portal\/wp-json\/wp\/v2\/media\/22578"}],"wp:attachment":[{"href":"https:\/\/losperiodistas.com.mx\/portal\/wp-json\/wp\/v2\/media?parent=22577"}],"wp:term":[{"taxonomy":"category","embeddable":true,"href":"https:\/\/losperiodistas.com.mx\/portal\/wp-json\/wp\/v2\/categories?post=22577"},{"taxonomy":"post_tag","embeddable":true,"href":"https:\/\/losperiodistas.com.mx\/portal\/wp-json\/wp\/v2\/tags?post=22577"}],"curies":[{"name":"wp","href":"https:\/\/api.w.org\/{rel}","templated":true}]}}