{"id":22574,"date":"2022-03-01T02:39:09","date_gmt":"2022-03-01T08:39:09","guid":{"rendered":"http:\/\/losperiodistas.com.mx\/portal\/?p=22574"},"modified":"2022-03-01T02:39:11","modified_gmt":"2022-03-01T08:39:11","slug":"injustificable-instalacion-de-parquimetros-en-puebla-capital-alejandro-armenta-intolerancia","status":"publish","type":"post","link":"https:\/\/losperiodistas.com.mx\/portal\/injustificable-instalacion-de-parquimetros-en-puebla-capital-alejandro-armenta-intolerancia\/","title":{"rendered":"Injustificable, instalaci\u00f3n de parqu\u00edmetros en Puebla capital: Alejandro Armenta | Intolerancia"},"content":{"rendered":"\n<p class=\"has-medium-font-size\"><em>El senador Alejandro Armenta dijo que el incremento de los recursos por parte de la federaci\u00f3n para el municipio de Puebla, es de 704 mi<\/em>llones de pesos con relaci\u00f3n al a\u00f1o pasado.<\/p>\n\n\n\n<p><\/p>\n\n\n\n<figure class=\"wp-block-image size-large\"><img fetchpriority=\"high\" decoding=\"async\" width=\"1024\" height=\"580\" src=\"https:\/\/losperiodistas.com.mx\/portal\/wp-content\/uploads\/2022\/03\/e-encuentra-hasta-este-momento-asintomatico-y-fue-ingresado-el-25-de-enero-al-area-de-hospitalizacion-por-presentar-sintomas-respiratorios-2022-02-28t131814-435-1646075948234-1024x580.webp\" alt=\"\" class=\"wp-image-22575\" srcset=\"https:\/\/losperiodistas.com.mx\/portal\/wp-content\/uploads\/2022\/03\/e-encuentra-hasta-este-momento-asintomatico-y-fue-ingresado-el-25-de-enero-al-area-de-hospitalizacion-por-presentar-sintomas-respiratorios-2022-02-28t131814-435-1646075948234-1024x580.webp 1024w, https:\/\/losperiodistas.com.mx\/portal\/wp-content\/uploads\/2022\/03\/e-encuentra-hasta-este-momento-asintomatico-y-fue-ingresado-el-25-de-enero-al-area-de-hospitalizacion-por-presentar-sintomas-respiratorios-2022-02-28t131814-435-1646075948234-300x170.webp 300w, https:\/\/losperiodistas.com.mx\/portal\/wp-content\/uploads\/2022\/03\/e-encuentra-hasta-este-momento-asintomatico-y-fue-ingresado-el-25-de-enero-al-area-de-hospitalizacion-por-presentar-sintomas-respiratorios-2022-02-28t131814-435-1646075948234-768x435.webp 768w, https:\/\/losperiodistas.com.mx\/portal\/wp-content\/uploads\/2022\/03\/e-encuentra-hasta-este-momento-asintomatico-y-fue-ingresado-el-25-de-enero-al-area-de-hospitalizacion-por-presentar-sintomas-respiratorios-2022-02-28t131814-435-1646075948234.webp 1280w\" sizes=\"(max-width: 1024px) 100vw, 1024px\" \/><figcaption>Foto: Agencia Enfoque<\/figcaption><\/figure>\n\n\n\n<p><\/p>\n\n\n\n<p class=\"has-vivid-cyan-blue-color has-text-color\" style=\"font-size:26px\">FRANCISCO S\u00c1NCHEZ \/ INTOLERANCIA DIARIO<\/p>\n\n\n\n<p>El senador de la Rep\u00fablica&nbsp;<strong>Alejandro Armenta Mier<\/strong>, se pronunci\u00f3 en contra de la&nbsp;<strong>instalaci\u00f3n de parqu\u00edmetros<\/strong>&nbsp;en la capital del estado, al se\u00f1alar que el incremento de los recursos por parte de la federaci\u00f3n para el municipio de&nbsp;<strong>Puebla<\/strong>, es de&nbsp;<strong>704 millones de pesos<\/strong>&nbsp;con relaci\u00f3n al a\u00f1o pasado.<\/p>\n\n\n\n<p>En entrevista,&nbsp;<strong>Armenta Mier<\/strong>&nbsp;critic\u00f3 las medidas que est\u00e1 adoptando el ayuntamiento, entre ellas el&nbsp;<strong>retiro de los boleros<\/strong>&nbsp;del z\u00f3calo de la capital, ya que estos forman parte de la tradici\u00f3n, y se encuentran en las plazas p\u00fablicas de todos los estados del pa\u00eds.<\/p>\n\n\n\n<p>Sostuvo que en el tema de los&nbsp;<strong>parqu\u00edmetros&nbsp;<\/strong>lo que se va a generar es que se&nbsp;<strong>ahuyente el turismo<\/strong>, y no se genere una&nbsp;<strong>derrama econ\u00f3mica<\/strong>&nbsp;para los comercios del primer cuadro de la capital.<\/p>\n\n\n\n<p>El senador mostr\u00f3 una tabla comparativa de los ingresos de la capital para&nbsp;<strong>2022<\/strong>, que pasan de&nbsp;<strong>3 mil 27 millones 224 mil 757 pesos<\/strong>, a&nbsp;<strong>3 mil 731 millones 228 mil 917 pesos<\/strong>, es decir hay una variaci\u00f3n superior al&nbsp;<strong>23 por ciento<\/strong>.<\/p>\n\n\n\n<p>Precis\u00f3 que hab\u00eda dudas sobre si los municipios tendr\u00edan problemas para recibir los\u00a0<strong>recursos presupuestados<\/strong>, pero en \u00e9stos momentos con los\u00a0<strong>precios del petr\u00f3leo<\/strong>\u00a0a la alza se est\u00e1 garantizando que llegue la cantidad programada, de \u00e9sta manera no se requiere que haya una\u00a0<strong>medida recaudatoria<\/strong>\u00a0como lo es el\u00a0<strong>cobro del estacionamiento<\/strong>\u00a0en la<strong>\u00a0v\u00eda p\u00fablica<\/strong>.<\/p>\n\n\n\n<p>Fuente: https:\/\/intoleranciadiario.com\/articles\/politica\/2022\/02\/28\/992419-injustificable-instalacion-de-parquimetros-en-puebla-capital-alejandro-armenta.html<\/p>\n","protected":false},"excerpt":{"rendered":"<p>El senador Alejandro Armenta dijo que el incremento de los recursos por parte de la federaci\u00f3n para el municipio de [&hellip;]<\/p>\n","protected":false},"author":1,"featured_media":22575,"comment_status":"open","ping_status":"open","sticky":false,"template":"","format":"standard","meta":{"site-sidebar-layout":"default","site-content-layout":"","ast-site-content-layout":"default","site-content-style":"default","site-sidebar-style":"default","ast-global-header-display":"","ast-banner-title-visibility":"","ast-main-header-display":"","ast-hfb-above-header-display":"","ast-hfb-below-header-display":"","ast-hfb-mobile-header-display":"","site-post-title":"","ast-breadcrumbs-content":"","ast-featured-img":"","footer-sml-layout":"","theme-transparent-header-meta":"","adv-header-id-meta":"","stick-header-meta":"","header-above-stick-meta":"","header-main-stick-meta":"","header-below-stick-meta":"","astra-migrate-meta-layouts":"default","ast-page-background-enabled":"default","ast-page-background-meta":{"desktop":{"background-color":"var(--ast-global-color-4)","background-image":"","background-repeat":"repeat","background-position":"center center","background-size":"auto","background-attachment":"scroll","background-type":"","background-media":"","overlay-type":"","overlay-color":"","overlay-opacity":"","overlay-gradient":""},"tablet":{"background-color":"","background-image":"","background-repeat":"repeat","background-position":"center center","background-size":"auto","background-attachment":"scroll","background-type":"","background-media":"","overlay-type":"","overlay-color":"","overlay-opacity":"","overlay-gradient":""},"mobile":{"background-color":"","background-image":"","background-repeat":"repeat","background-position":"center center","background-size":"auto","background-attachment":"scroll","background-type":"","background-media":"","overlay-type":"","overlay-color":"","overlay-opacity":"","overlay-gradient":""}},"ast-content-background-meta":{"desktop":{"background-color":"var(--ast-global-color-5)","background-image":"","background-repeat":"repeat","background-position":"center center","background-size":"auto","background-attachment":"scroll","background-type":"","background-media":"","overlay-type":"","overlay-color":"","overlay-opacity":"","overlay-gradient":""},"tablet":{"background-color":"var(--ast-global-color-5)","background-image":"","background-repeat":"repeat","background-position":"center center","background-size":"auto","background-attachment":"scroll","background-type":"","background-media":"","overlay-type":"","overlay-color":"","overlay-opacity":"","overlay-gradient":""},"mobile":{"background-color":"var(--ast-global-color-5)","background-image":"","background-repeat":"repeat","background-position":"center center","background-size":"auto","background-attachment":"scroll","background-type":"","background-media":"","overlay-type":"","overlay-color":"","overlay-opacity":"","overlay-gradient":""}},"footnotes":""},"categories":[8],"tags":[2147,8236,8237,7583],"class_list":["post-22574","post","type-post","status-publish","format-standard","has-post-thumbnail","hentry","category-noticias","tag-alejandro-armenta-mier","tag-boleros","tag-limpiabotas","tag-parquimetros-puebla"],"_links":{"self":[{"href":"https:\/\/losperiodistas.com.mx\/portal\/wp-json\/wp\/v2\/posts\/22574","targetHints":{"allow":["GET"]}}],"collection":[{"href":"https:\/\/losperiodistas.com.mx\/portal\/wp-json\/wp\/v2\/posts"}],"about":[{"href":"https:\/\/losperiodistas.com.mx\/portal\/wp-json\/wp\/v2\/types\/post"}],"author":[{"embeddable":true,"href":"https:\/\/losperiodistas.com.mx\/portal\/wp-json\/wp\/v2\/users\/1"}],"replies":[{"embeddable":true,"href":"https:\/\/losperiodistas.com.mx\/portal\/wp-json\/wp\/v2\/comments?post=22574"}],"version-history":[{"count":1,"href":"https:\/\/losperiodistas.com.mx\/portal\/wp-json\/wp\/v2\/posts\/22574\/revisions"}],"predecessor-version":[{"id":22576,"href":"https:\/\/losperiodistas.com.mx\/portal\/wp-json\/wp\/v2\/posts\/22574\/revisions\/22576"}],"wp:featuredmedia":[{"embeddable":true,"href":"https:\/\/losperiodistas.com.mx\/portal\/wp-json\/wp\/v2\/media\/22575"}],"wp:attachment":[{"href":"https:\/\/losperiodistas.com.mx\/portal\/wp-json\/wp\/v2\/media?parent=22574"}],"wp:term":[{"taxonomy":"category","embeddable":true,"href":"https:\/\/losperiodistas.com.mx\/portal\/wp-json\/wp\/v2\/categories?post=22574"},{"taxonomy":"post_tag","embeddable":true,"href":"https:\/\/losperiodistas.com.mx\/portal\/wp-json\/wp\/v2\/tags?post=22574"}],"curies":[{"name":"wp","href":"https:\/\/api.w.org\/{rel}","templated":true}]}}