{"id":22571,"date":"2022-03-01T02:32:29","date_gmt":"2022-03-01T08:32:29","guid":{"rendered":"http:\/\/losperiodistas.com.mx\/portal\/?p=22571"},"modified":"2022-03-01T02:32:31","modified_gmt":"2022-03-01T08:32:31","slug":"ine-deja-fuera-a-11-municipios-de-puebla-de-la-consulta-de-revocacion-de-mandato-ljo","status":"publish","type":"post","link":"https:\/\/losperiodistas.com.mx\/portal\/ine-deja-fuera-a-11-municipios-de-puebla-de-la-consulta-de-revocacion-de-mandato-ljo\/","title":{"rendered":"INE deja fuera a 11 municipios de Puebla de la consulta de revocaci\u00f3n de mandato | LJO"},"content":{"rendered":"\n<p><\/p>\n\n\n\n<figure class=\"wp-block-embed is-type-video is-provider-youtube wp-block-embed-youtube wp-embed-aspect-4-3 wp-has-aspect-ratio\"><div class=\"wp-block-embed__wrapper\">\n<iframe title=\"11 municipios de Puebla no tendr\u00e1n casilla para participar en la consulta de revocaci\u00f3n de mandato\" width=\"500\" height=\"375\" src=\"https:\/\/www.youtube.com\/embed\/m4ZAPu_QFaU?feature=oembed\" frameborder=\"0\" allow=\"accelerometer; autoplay; clipboard-write; encrypted-media; gyroscope; picture-in-picture; web-share\" referrerpolicy=\"strict-origin-when-cross-origin\" allowfullscreen><\/iframe>\n<\/div><\/figure>\n\n\n\n<p><\/p>\n\n\n\n<p><\/p>\n\n\n\n<p class=\"has-vivid-cyan-blue-color has-text-color\" style=\"font-size:26px\">M\u00d3NICA CAMACHO \/ LA JORNADA DE ORIENTE<\/p>\n\n\n\n<p>El Instituto Nacional Electoral (INE) no instalar\u00e1 casillas para la consulta de revocaci\u00f3n de mandato en 11 municipios de Puebla, por lo que sus habitantes tendr\u00e1n que hacer recorridos de hasta 45 minutos a otras demarcaciones para emitir su opini\u00f3n sobre la continuidad o no de Andr\u00e9s Manuel L\u00f3pez Obrador como presidente del pa\u00eds.<\/p>\n\n\n\n<p>Mientras el vocal ejecutivo de la Junta Local del\u00a0<a href=\"https:\/\/twitter.com\/INEMexico\" target=\"_blank\" rel=\"noreferrer noopener\">INE,<\/a>\u00a0Marcos Rodr\u00edguez del Castillo, argument\u00f3 que esos municipios no cuentan con el m\u00ednimo de electores que fij\u00f3 el propio instituto para instalar centros de votaci\u00f3n, el representante de Morena, Alfonso Javier Berm\u00fadez Ruiz, acus\u00f3 que el organismo pretende desincentivar la participaci\u00f3n ciudadana.<\/p>\n\n\n\n<p>Berm\u00fadez explic\u00f3 que se instalar\u00e1n dos mil 956<a href=\"https:\/\/www.lajornadadeoriente.com.mx\/puebla\/se-instalaran-197-casillas-en-el-distrito-de-tehuacan-para-la-consulta-de-revocacion-de-mandato\/\" target=\"_blank\" rel=\"noreferrer noopener\">&nbsp;casillas<\/a>&nbsp;en todo el estado para la consulta del 10 de abril pr\u00f3ximo, cifra que contrasta con las 7 mil 805 que se abrieron para la elecci\u00f3n de diputados y presidentes municipales del 6 de junio de 2021, pese a que est\u00e1n convocados un n\u00famero similar de ciudadanos.<\/p>\n\n\n\n<p>\u201cNo son suficientes las casillas que se instalar\u00e1n, estamos casi hablando de 3 a 1, lo que dificultara mucho este proceso\u201d, asegur\u00f3 quien da voz a&nbsp;<a href=\"https:\/\/twitter.com\/MorenaEnPuebla\" target=\"_blank\" rel=\"noreferrer noopener\">Morena<\/a>&nbsp;en los \u00f3rganos electorales de Puebla en entrevista con La Jornada de Oriente.<\/p>\n\n\n\n<h2 class=\"wp-block-heading\">Estos son los municipios que quedaron fuera de la consulta<\/h2>\n\n\n\n<p>En la consulta de\u00a0<a href=\"https:\/\/www.lajornadadeoriente.com.mx\/puebla\/ayuntamiento-no-viola-la-veda-electoral\/\" target=\"_blank\" rel=\"noreferrer noopener\">revocaci\u00f3n de mandato<\/a>\u00a0el INE tendr\u00e1 presencia en 206 municipios de Puebla y entre los 11 que dej\u00f3 fuera se encuentran Mazapiltepec de Ju\u00e1rez, Juan N. M\u00e9ndez, San Juan Atenco, San Diego La Mesa Tochimiltzingo, Atzala, Cohuecan, Atexcal, Coatepec y Mixtla.<\/p>\n\n\n\n<p>En conferencia de medios, Marcos Rodr\u00edguez inform\u00f3 que los consejos distritales del INE decidieron no instalar casillas en esas demarcaciones porque no alcanzan los 2 mil electores, raz\u00f3n por la cual convocaron a los ciudadanos a acudir a los municipios vecinos que s\u00ed contar\u00e1n con la infraestructura y materiales necesarios.<\/p>\n\n\n\n<p>\u201cEn la mayor\u00eda de los casos estamos hablando de un promedio de 30 minutos del lugar de residencia del ciudadano al lugar donde se instalar\u00e1 la casilla. En un caso el tiempo es mayor, de 45 minutos aproximadamente, y en otro caso el tiempo de traslado es menor, son 10 minutos aproximadamente\u201d, ilustr\u00f3.<\/p>\n\n\n\n<h2 class=\"wp-block-heading\">INE perjudica al ciudadano para hacer fracasar la consulta: Berm\u00fadez<\/h2>\n\n\n\n<p>Berm\u00fadez Ruiz consider\u00f3 una falta de respeto para los habitantes de esos 11 municipios la decisi\u00f3n del INE de no instalar casillas, pues a su parecer los est\u00e1 tratando como si fueran \u201cciudadanos de segunda\u201d a los que est\u00e1n forzando a cubrir los costos de su participaci\u00f3n.<\/p>\n\n\n\n<p>\u201cEstamos en un momento en que las econom\u00edas han sido severamente afectadas con motivo de la pandemia (de coronavirus) y pretender que los ciudadanos de esos municipios se trasladen con costo a su bolsillo para hacer un esfuerzo de participaci\u00f3n ciudadana es simplemente lamentable\u201d, enfatiz\u00f3.<\/p>\n\n\n\n<p>Rechaz\u00f3 que el problema sea la insuficiencia de recursos por parte del INE, pues instalar\u00e1 un n\u00famero similar de casillas a la consulta popular para enjuiciar a expresidentes del 1 de agosto de 2021, sin embargo, el proceso de este a\u00f1o \u201ccuriosamente\u201d costar\u00e1 tres veces m\u00e1s.<\/p>\n\n\n\n<p>En ese contexto, consider\u00f3 que el INE ha desplegado una estrategia que busca hacer fracasar la consulta de revocaci\u00f3n de mandato con una baja participaci\u00f3n, por tratarse de una iniciativa de L\u00f3pez Obrador, quien ha exhibido la falta de austeridad en el gasto del organismo electoral.<\/p>\n\n\n\n<p>Anunci\u00f3 que impugnar\u00e1 la determinaci\u00f3n de los consejos distritales del instituto de no instalar casillas en 11 municipios, a fin de que se abra por lo menos un centro de votaci\u00f3n en las plazas principales de esos lugares el 10 de abril pr\u00f3ximo.<\/p>\n\n\n\n<p>Fuente: https:\/\/www.lajornadadeoriente.com.mx\/puebla\/ine-fuera-11-municipios-consulta\/<\/p>\n","protected":false},"excerpt":{"rendered":"<p>M\u00d3NICA CAMACHO \/ LA JORNADA DE ORIENTE El Instituto Nacional Electoral (INE) no instalar\u00e1 casillas para la consulta de revocaci\u00f3n [&hellip;]<\/p>\n","protected":false},"author":1,"featured_media":22572,"comment_status":"open","ping_status":"open","sticky":false,"template":"","format":"standard","meta":{"site-sidebar-layout":"default","site-content-layout":"","ast-site-content-layout":"default","site-content-style":"default","site-sidebar-style":"default","ast-global-header-display":"","ast-banner-title-visibility":"","ast-main-header-display":"","ast-hfb-above-header-display":"","ast-hfb-below-header-display":"","ast-hfb-mobile-header-display":"","site-post-title":"","ast-breadcrumbs-content":"","ast-featured-img":"","footer-sml-layout":"","theme-transparent-header-meta":"","adv-header-id-meta":"","stick-header-meta":"","header-above-stick-meta":"","header-main-stick-meta":"","header-below-stick-meta":"","astra-migrate-meta-layouts":"default","ast-page-background-enabled":"default","ast-page-background-meta":{"desktop":{"background-color":"var(--ast-global-color-4)","background-image":"","background-repeat":"repeat","background-position":"center center","background-size":"auto","background-attachment":"scroll","background-type":"","background-media":"","overlay-type":"","overlay-color":"","overlay-opacity":"","overlay-gradient":""},"tablet":{"background-color":"","background-image":"","background-repeat":"repeat","background-position":"center center","background-size":"auto","background-attachment":"scroll","background-type":"","background-media":"","overlay-type":"","overlay-color":"","overlay-opacity":"","overlay-gradient":""},"mobile":{"background-color":"","background-image":"","background-repeat":"repeat","background-position":"center center","background-size":"auto","background-attachment":"scroll","background-type":"","background-media":"","overlay-type":"","overlay-color":"","overlay-opacity":"","overlay-gradient":""}},"ast-content-background-meta":{"desktop":{"background-color":"var(--ast-global-color-5)","background-image":"","background-repeat":"repeat","background-position":"center center","background-size":"auto","background-attachment":"scroll","background-type":"","background-media":"","overlay-type":"","overlay-color":"","overlay-opacity":"","overlay-gradient":""},"tablet":{"background-color":"var(--ast-global-color-5)","background-image":"","background-repeat":"repeat","background-position":"center center","background-size":"auto","background-attachment":"scroll","background-type":"","background-media":"","overlay-type":"","overlay-color":"","overlay-opacity":"","overlay-gradient":""},"mobile":{"background-color":"var(--ast-global-color-5)","background-image":"","background-repeat":"repeat","background-position":"center center","background-size":"auto","background-attachment":"scroll","background-type":"","background-media":"","overlay-type":"","overlay-color":"","overlay-opacity":"","overlay-gradient":""}},"footnotes":""},"categories":[8],"tags":[1569,8235,3614],"class_list":["post-22571","post","type-post","status-publish","format-standard","has-post-thumbnail","hentry","category-noticias","tag-ine-puebla","tag-marcos-rodriguez-del-castillo","tag-revocacion-de-mandato"],"_links":{"self":[{"href":"https:\/\/losperiodistas.com.mx\/portal\/wp-json\/wp\/v2\/posts\/22571","targetHints":{"allow":["GET"]}}],"collection":[{"href":"https:\/\/losperiodistas.com.mx\/portal\/wp-json\/wp\/v2\/posts"}],"about":[{"href":"https:\/\/losperiodistas.com.mx\/portal\/wp-json\/wp\/v2\/types\/post"}],"author":[{"embeddable":true,"href":"https:\/\/losperiodistas.com.mx\/portal\/wp-json\/wp\/v2\/users\/1"}],"replies":[{"embeddable":true,"href":"https:\/\/losperiodistas.com.mx\/portal\/wp-json\/wp\/v2\/comments?post=22571"}],"version-history":[{"count":1,"href":"https:\/\/losperiodistas.com.mx\/portal\/wp-json\/wp\/v2\/posts\/22571\/revisions"}],"predecessor-version":[{"id":22573,"href":"https:\/\/losperiodistas.com.mx\/portal\/wp-json\/wp\/v2\/posts\/22571\/revisions\/22573"}],"wp:featuredmedia":[{"embeddable":true,"href":"https:\/\/losperiodistas.com.mx\/portal\/wp-json\/wp\/v2\/media\/22572"}],"wp:attachment":[{"href":"https:\/\/losperiodistas.com.mx\/portal\/wp-json\/wp\/v2\/media?parent=22571"}],"wp:term":[{"taxonomy":"category","embeddable":true,"href":"https:\/\/losperiodistas.com.mx\/portal\/wp-json\/wp\/v2\/categories?post=22571"},{"taxonomy":"post_tag","embeddable":true,"href":"https:\/\/losperiodistas.com.mx\/portal\/wp-json\/wp\/v2\/tags?post=22571"}],"curies":[{"name":"wp","href":"https:\/\/api.w.org\/{rel}","templated":true}]}}