{"id":2251,"date":"2020-12-12T06:22:46","date_gmt":"2020-12-12T12:22:46","guid":{"rendered":"http:\/\/losperiodistas.com.mx\/portal\/?p=2251"},"modified":"2020-12-12T06:22:46","modified_gmt":"2020-12-12T12:22:46","slug":"mexico-se-convierte-en-el-primer-pais-de-latinoamerica-en-aprobar-la-vacuna-de-pfizer","status":"publish","type":"post","link":"https:\/\/losperiodistas.com.mx\/portal\/mexico-se-convierte-en-el-primer-pais-de-latinoamerica-en-aprobar-la-vacuna-de-pfizer\/","title":{"rendered":"M\u00e9xico se convierte en el primer pa\u00eds de Latinoam\u00e9rica en aprobar la vacuna de Pfizer"},"content":{"rendered":"\n<p style=\"font-size:18px\"><em>El subsecretario de Salud, Hugo L\u00f3pez-Gatell, espera que la inmunizaci\u00f3n contra la covid-19 se inicie en la tercera semana de diciembre<\/em><\/p>\n\n\n\n<p class=\"has-vivid-cyan-blue-color has-text-color has-medium-font-size\">MICAELA VARELA\/ EL PA\u00cdS<\/p>\n\n\n\n<p>El Gobierno de M\u00e9xico ha anunciado este viernes que aprobar\u00e1 el uso de la<a href=\"https:\/\/elpais.com\/ciencia\/2020-11-18\/pfizer-anuncia-un-95-de-eficacia-de-su-vacuna-y-solicita-su-aprobacion-de-emergencia.html\" target=\"_blank\" rel=\"noreferrer noopener\">vacuna Pfizer<\/a>&nbsp;para inmunizar al pa\u00eds. Las previsiones del subsecretario de Salud, Hugo L\u00f3pez-Gatell, apuntan a que&nbsp;<a href=\"https:\/\/elpais.com\/mexico\/2020-12-08\/mexico-comenzara-a-vacunar-a-personal-medico-contra-la-covid-19-a-mediados-de-diciembre.html\" target=\"_blank\" rel=\"noreferrer noopener\">el plan de inmunizaci\u00f3n se iniciar\u00e1 con ayuda del Ej\u00e9rcito en cinco d\u00edas<\/a>&nbsp;con los primeros 250.000 viales que lleguen al pa\u00eds. Con el visto de bueno de la Comisi\u00f3n Federal para la Protecci\u00f3n contra Riesgos Sanitarios (Cofepris) se podr\u00e1 vacunar antes de que termine diciembre a 2,6 millones de mexicanos, seg\u00fan las previsiones de las autoridades. M\u00e9xico se convierte as\u00ed en el primer pa\u00eds de Latinoam\u00e9rica en aprobar la vacuna de la farmac\u00e9utica estadounidense y ser\u00e1 tambi\u00e9n el que inicie la inmunizaci\u00f3n masiva en la regi\u00f3n.<\/p>\n\n\n\n<p>El subsecretario de Salud se ha reunido con expertos de Cofepris para aprobar para uso de emergencia la recomendaci\u00f3n de la vacuna de Pfizer, en un ejercicio similar al que ha tenido la Federaci\u00f3n de Alimentos y Medicamentos en Estados Unidos (FDA por sus siglas en ingl\u00e9s). Pese a que esta instituci\u00f3n es vinculante solo para EE UU, L\u00f3pez-Gatell ha indicado que, al ser un referente internacional, M\u00e9xico ha hecho un seguimiento del trabajo de la agencia para estar preparados en caso de la aprobaci\u00f3n de la vacuna. \u201cExisten convenios de colaboraci\u00f3n y con base en esto tendremos nuestro proceso expedito de reflexi\u00f3n para la autorizaci\u00f3n sanitaria\u201d, indic\u00f3 el pasado martes. La FDA ha anunciado horas despu\u00e9s formalmente la autorizaci\u00f3n del vial para su uso de emergencia. Hasta ahora, adem\u00e1s de M\u00e9xico, Reino Unido, Canad\u00e1, Bahr\u00e9in y Estados Unidos han autorizado la vacuna.<\/p>\n\n\n\n<p>\u201cSi todo marcha como se ha planteado y como lo hemos venido platicando con Pfizer, tendremos las vacunas en los pen\u00faltimos o los \u00faltimos d\u00edas de la tercera semana de diciembre\u201d, anunci\u00f3 L\u00f3pez-Gatell en rueda de prensa antes de a\u00f1adir que las dosis empezar\u00e1n a utilizarse nada m\u00e1s lleguen. La primera tanda de vacunaci\u00f3n se extender\u00e1 hasta febrero y la log\u00edstica para la distribuci\u00f3n del producto estar\u00e1 a cargo de las Fuerzas Armadas. Las autoridades no han detallado c\u00f3mo resolver\u00e1n los requerimientos de&nbsp;<a href=\"https:\/\/elpais.com\/mexico\/2020-11-13\/mexico-no-comprara-la-vacuna-de-pfizer-porque-no-tiene-infraestructura-para-mantenerla-congelada.html\">un costoso sistema de congelaci\u00f3n&nbsp;<\/a>que necesitan los viales para conservarse, pero han indicado que tendr\u00e1n el apoyo de la farmac\u00e9utica y el Ej\u00e9rcito.<\/p>\n\n\n\n<p>El presidente de M\u00e9xico, Andr\u00e9s Manuel L\u00f3pez Obrador, ya adelant\u00f3 que la vacuna ser\u00eda universal, gratuita y de f\u00e1cil acceso para la poblaci\u00f3n. \u201cSe habl\u00f3 de aplicarla primero en la Ciudad de M\u00e9xico y en Coahuila, pero podr\u00eda ampliarse a dos o tres (Estados m\u00e1s) para que lleguen ah\u00ed\u201d, ha informado en rueda de prensa. El mandatario ha asegurado que el personal sanitario ser\u00e1 el primero en ser inmunizado por estar en la primera l\u00ednea de batalla contra la enfermedad, siendo&nbsp;<a href=\"https:\/\/xn--el%20pas%20https-fsb\/\/elpais.com\/mexico\/2020-09-03\/mexico-registra-la-tasa-de-mortalidad-mas-alta-del-mundo-entre-personal-medico-a-causa-de-la-covid-19.html\" target=\"_blank\" rel=\"noreferrer noopener\">M\u00e9xico el pa\u00eds con m\u00e1s mortaldad entre m\u00e9dicos y enfermeros por coronavirus en todo el mundo<\/a>. L\u00f3pez Obrador ha sugerido a las empresas que se encarguen de vacunar a sus trabajadores como \u201cuna contribuci\u00f3n solidaria\u201d, pero ha insistido que la responsabilidad de garantizar el derecho a la salud es del Estado mexicano.<\/p>\n\n\n\n<p>La farmac\u00e9utica estadounidense Pfizer<a rel=\"noreferrer noopener\" href=\"https:\/\/elpais.com\/ciencia\/2020-11-23\/las-diferencias-abismales-entre-las-vacunas-de-pfizer-moderna-y-oxford.html\" target=\"_blank\">\u00a0anunci\u00f3 que su vacuna tiene un 95% de eficacia<\/a>\u00a0en todas las edades, sexos y razas de los participantes del ensayo, realizado en gran parte en ese pa\u00eds. La vacuna, desarrollada en colaboraci\u00f3n con la alemana BioNTech, ha sido bien tolerada por los participantes y los \u00fanicos efectos adversos graves registrados han sido la fatiga, en el 3,8% de los casos, y el dolor de cabeza, en el 2%. Basada en tecnolog\u00eda ARN \u2014toma un c\u00f3digo gen\u00e9tico del virus para activar el sistema inmunol\u00f3gico humano\u2014, esta vacuna necesita de dos aplicaciones que deben suministrarse con 21 d\u00edas de diferencia y ha de conservarse a 70 grados bajo cero.<\/p>\n\n\n\n<p>Fuente: https:\/\/elpais.com\/mexico\/2020-12-12\/mexico-se-convierte-en-el-primer-pais-de-latinoamerica-en-aprobar-la-vacuna-pfizer.html<\/p>\n","protected":false},"excerpt":{"rendered":"<p>El subsecretario de Salud, Hugo L\u00f3pez-Gatell, espera que la inmunizaci\u00f3n contra la covid-19 se inicie en la tercera semana de [&hellip;]<\/p>\n","protected":false},"author":1,"featured_media":2252,"comment_status":"open","ping_status":"open","sticky":false,"template":"","format":"standard","meta":{"site-sidebar-layout":"default","site-content-layout":"","ast-site-content-layout":"default","site-content-style":"default","site-sidebar-style":"default","ast-global-header-display":"","ast-banner-title-visibility":"","ast-main-header-display":"","ast-hfb-above-header-display":"","ast-hfb-below-header-display":"","ast-hfb-mobile-header-display":"","site-post-title":"","ast-breadcrumbs-content":"","ast-featured-img":"","footer-sml-layout":"","theme-transparent-header-meta":"","adv-header-id-meta":"","stick-header-meta":"","header-above-stick-meta":"","header-main-stick-meta":"","header-below-stick-meta":"","astra-migrate-meta-layouts":"default","ast-page-background-enabled":"default","ast-page-background-meta":{"desktop":{"background-color":"var(--ast-global-color-4)","background-image":"","background-repeat":"repeat","background-position":"center center","background-size":"auto","background-attachment":"scroll","background-type":"","background-media":"","overlay-type":"","overlay-color":"","overlay-opacity":"","overlay-gradient":""},"tablet":{"background-color":"","background-image":"","background-repeat":"repeat","background-position":"center center","background-size":"auto","background-attachment":"scroll","background-type":"","background-media":"","overlay-type":"","overlay-color":"","overlay-opacity":"","overlay-gradient":""},"mobile":{"background-color":"","background-image":"","background-repeat":"repeat","background-position":"center center","background-size":"auto","background-attachment":"scroll","background-type":"","background-media":"","overlay-type":"","overlay-color":"","overlay-opacity":"","overlay-gradient":""}},"ast-content-background-meta":{"desktop":{"background-color":"var(--ast-global-color-5)","background-image":"","background-repeat":"repeat","background-position":"center center","background-size":"auto","background-attachment":"scroll","background-type":"","background-media":"","overlay-type":"","overlay-color":"","overlay-opacity":"","overlay-gradient":""},"tablet":{"background-color":"var(--ast-global-color-5)","background-image":"","background-repeat":"repeat","background-position":"center center","background-size":"auto","background-attachment":"scroll","background-type":"","background-media":"","overlay-type":"","overlay-color":"","overlay-opacity":"","overlay-gradient":""},"mobile":{"background-color":"var(--ast-global-color-5)","background-image":"","background-repeat":"repeat","background-position":"center center","background-size":"auto","background-attachment":"scroll","background-type":"","background-media":"","overlay-type":"","overlay-color":"","overlay-opacity":"","overlay-gradient":""}},"footnotes":""},"categories":[8],"tags":[],"class_list":["post-2251","post","type-post","status-publish","format-standard","has-post-thumbnail","hentry","category-noticias"],"_links":{"self":[{"href":"https:\/\/losperiodistas.com.mx\/portal\/wp-json\/wp\/v2\/posts\/2251","targetHints":{"allow":["GET"]}}],"collection":[{"href":"https:\/\/losperiodistas.com.mx\/portal\/wp-json\/wp\/v2\/posts"}],"about":[{"href":"https:\/\/losperiodistas.com.mx\/portal\/wp-json\/wp\/v2\/types\/post"}],"author":[{"embeddable":true,"href":"https:\/\/losperiodistas.com.mx\/portal\/wp-json\/wp\/v2\/users\/1"}],"replies":[{"embeddable":true,"href":"https:\/\/losperiodistas.com.mx\/portal\/wp-json\/wp\/v2\/comments?post=2251"}],"version-history":[{"count":1,"href":"https:\/\/losperiodistas.com.mx\/portal\/wp-json\/wp\/v2\/posts\/2251\/revisions"}],"predecessor-version":[{"id":2253,"href":"https:\/\/losperiodistas.com.mx\/portal\/wp-json\/wp\/v2\/posts\/2251\/revisions\/2253"}],"wp:featuredmedia":[{"embeddable":true,"href":"https:\/\/losperiodistas.com.mx\/portal\/wp-json\/wp\/v2\/media\/2252"}],"wp:attachment":[{"href":"https:\/\/losperiodistas.com.mx\/portal\/wp-json\/wp\/v2\/media?parent=2251"}],"wp:term":[{"taxonomy":"category","embeddable":true,"href":"https:\/\/losperiodistas.com.mx\/portal\/wp-json\/wp\/v2\/categories?post=2251"},{"taxonomy":"post_tag","embeddable":true,"href":"https:\/\/losperiodistas.com.mx\/portal\/wp-json\/wp\/v2\/tags?post=2251"}],"curies":[{"name":"wp","href":"https:\/\/api.w.org\/{rel}","templated":true}]}}