{"id":2248,"date":"2020-12-12T06:17:59","date_gmt":"2020-12-12T12:17:59","guid":{"rendered":"http:\/\/losperiodistas.com.mx\/portal\/?p=2248"},"modified":"2020-12-12T06:17:59","modified_gmt":"2020-12-12T12:17:59","slug":"consumo-local-alternativa-economica-en-municipios","status":"publish","type":"post","link":"https:\/\/losperiodistas.com.mx\/portal\/consumo-local-alternativa-economica-en-municipios\/","title":{"rendered":"Consumo local, alternativa  econ\u00f3mica en municipios"},"content":{"rendered":"\n<p style=\"font-size:18px\"><em>*Ra\u00fal de Ita pone como ejemplo Amozoc; piden cancelar la deuda p\u00fablica\u00a0<\/em><\/p>\n\n\n\n<p style=\"font-size:26px\"><em>Por Ra\u00fal Torres Salmer\u00f3n\u00a0<\/em><\/p>\n\n\n\n<p>Ra\u00fal de Ita Sosa, originario y aspirante panista a la Presidencia Municipal de Amozoc ha presentado una alternativa interesante para solucionar la vida econ\u00f3mica de los municipios poblanos: se trata de la promoci\u00f3n del consumo local.&nbsp;<\/p>\n\n\n\n<p>Esta es su propuesta para Amozoc:&nbsp;<\/p>\n\n\n\n<p>-Debido a la crisis generada por el coronavirus, los gobiernos en todos sus \u00e1mbitos, deben dise\u00f1ar estrategias y mecanismos para salir de la crisis econ\u00f3mica que ha afectado en mayor medida a los grupos m\u00e1s vulnerables.&nbsp;<\/p>\n\n\n\n<p>-En un an\u00e1lisis del municipio de Amozoc sobre sus principales actividades econ\u00f3micas destaca la herrer\u00eda con la fabricaci\u00f3n de espuelas, frenos, herrajes en acero e incrustaciones de plata y oro. Otros objetos de joyer\u00eda en plata son aretes, pulseras, llaveros, anillos y hebillas, todos de dise\u00f1o amozoque\u00f1o. &nbsp;<\/p>\n\n\n\n<p>-Tambi\u00e9n hay industrias de extracci\u00f3n como caliza, \u00f3xido de calcio, basalto y yacimientos de m\u00e1rmol. Varias f\u00e1bricas se dedican a la venta de m\u00e1rmol de diversos colores y formas.&nbsp;<\/p>\n\n\n\n<p>-Debe haber solidaridad con aquellas personas que se han encargado de mantener las tradiciones y que cada d\u00eda luchan por salir adelante a sus familias. En Amozoc hay gente emprendedora y comprometida como los artesanos que han posicionado al municipio como importante en el Estado y en el Pa\u00eds.&nbsp;<\/p>\n\n\n\n<p>-En&nbsp; 2019 se dio a conocer que en Amozoc hay 800 personas dedicadas a la artesan\u00eda que trabajan la plata, el barro y el acero con productos demandados en Estados Unidos y Europa. &nbsp;<\/p>\n\n\n\n<p>-Es por ello, que exhortamos a los ciudadanos a que consuman local en este cierre de a\u00f1o.&nbsp;<\/p>\n\n\n\n<p>-Otro asunto que hay que atender es la ola de inseguridad en el municipio que ha generado un deterioro considerable para los pobladores y adem\u00e1s, el poco turismo ha reducido el flujo econ\u00f3mico de&nbsp; miles de familias.&nbsp;<\/p>\n\n\n\n<p>-Amozoc de Mota cuenta con poco m\u00e1s de 100 elementos de seguridad, sin embargo, la mitad de ellos no se encuentran activos o se encuentran realizando actividades administrativas, lo que representa una oportunidad para el crimen organizado. &nbsp;<\/p>\n\n\n\n<p>-A pesar de las inversiones en Seguridad, a trav\u00e9s del Fortaseg, los n\u00fameros y la percepci\u00f3n en materia de seguridad es alarmante para los ciudadanos.&nbsp;<\/p>\n\n\n\n<p>-Amozoc requiere urgentemente un proyecto que demuestre capacidad y conocimientos para implementar y dise\u00f1ar las pol\u00edticas viables que ayuden al desarrollo de la poblaci\u00f3n. Es necesario un liderazgo con arraigo social, ideol\u00f3gico y cultural que simpatice con el pueblo.&nbsp;<\/p>\n\n\n\n<p>Finalmente Ra\u00fal de Ita se\u00f1ala que es necesario que todos sean part\u00edcipes del desarrollo. La crisis sanitaria y la econ\u00f3mica ha dejado aprendizajes y el m\u00e1s valioso es que individualmente no se podr\u00e1 construir el futuro para las familias, debe ser un esfuerzo com\u00fan. Su lema es \u201cJuntos Somos m\u00e1s Fuertes\u201d.&nbsp;<\/p>\n\n\n\n<p>CONTRA EL PAGO DE DEUDA P\u00daBLICA&nbsp;<\/p>\n\n\n\n<p>Organizaciones, colectivos y l\u00edderes sociales, as\u00ed como personalidades de todo el pa\u00eds, han creado la Promotora Nacional por la Suspensi\u00f3n del Pago de la Deuda P\u00fablica y otro organismo similar a nivel estatal. &nbsp;<\/p>\n\n\n\n<p>Se trata de buscar soluciones para enfrentar las crisis econ\u00f3mica y sanitaria de la pandemia y por ello, proponen la reorientaci\u00f3n de los recursos destinados al pago del servicio de las deudas p\u00fablicas. &nbsp;<\/p>\n\n\n\n<p>Una de las primeras acciones es impulsar en el Congreso de la Uni\u00f3n un exhorto a la Presidencia de la Rep\u00fablica para la suspensi\u00f3n del pago de la deuda.&nbsp;<\/p>\n\n\n\n<p>Hace 20 d\u00edas, una Comisi\u00f3n de la Promotora, fue recibida por L\u00e1zaro C\u00e1rdenas Batel, Jefe de Asesores de la Presidencia de la Rep\u00fablica, quien expres\u00f3 su simpat\u00eda hacia las propuestas.&nbsp;<\/p>\n\n\n\n<p>M\u00e9xico y Puebla est\u00e1n endeudados. Los poblanos tienen que pagar las deudas heredadas del morenovallismo, el Centro Integral de Servicios, el Museo Internacional del Barroco, la Plataforma Audi y Ciudad Modelo m\u00e1s los intereses respectivos.&nbsp;<\/p>\n\n\n\n<p>Ya se entrevistaron con el Secretario de Gobernaci\u00f3n del Estado, David M\u00e9ndez M\u00e1rquez, a qui\u00e9n le expusieron la propuesta para hacerla del conocimiento del Gobernador Miguel Barbosa Huerta.&nbsp;<\/p>\n\n\n\n<p>Ahora piden una cita con el Arzobispo S\u00e1nchez Espinosa para darle a conocer su planteamiento y para que en base a los escritos del Papa Francisco y la Enc\u00edclica Fratelli Tutti, se pronuncie en contra del pago de los intereses de la deuda p\u00fablica. &nbsp;<\/p>\n\n\n\n<p>En El Vaticano, en febrero pasado se llev\u00f3 a cabo un seminario llamado Modalidades de Reducci\u00f3n, Dilaci\u00f3n o Extinci\u00f3n de la Deuda, donde el Papa Francisco&nbsp; mencion\u00f3 que las personas empobrecidas en pa\u00edses muy endeudados soportan cargas impositivas abrumadoras y recortes de los servicios sociales.&nbsp;<\/p>\n\n\n\n<p>Firman por la Promotora Juan Pablo Jard\u00f3n, Margarita Reyes, Galdino Castillo Gaspar, Gerardo P\u00e9rez Mu\u00f1oz y J. Enrique Espinosa Mancilla.&nbsp;<\/p>\n\n\n\n<p>En fin, como dice C\u00e9sar Vallejo (Per\u00fa, 1892-1938) en su poema Absoluta:&nbsp;<\/p>\n\n\n\n<p>\u00a1Oh unidad excelsa! &nbsp;<br>\u00a1Oh lo que es uno por todos!&nbsp;<br>\u00a1Amor contra el espacio y contra el tiempo!&nbsp;<br>Un latido \u00fanico de coraz\u00f3n;&nbsp;<br>un solo ritmo: \u00a1Dios!&nbsp;<br>&nbsp;<\/p>\n\n\n\n<p>raultorress@hotmail.com&nbsp;<\/p>\n","protected":false},"excerpt":{"rendered":"<p>*Ra\u00fal de Ita pone como ejemplo Amozoc; piden cancelar la deuda p\u00fablica\u00a0 Por Ra\u00fal Torres Salmer\u00f3n\u00a0 Ra\u00fal de Ita Sosa, [&hellip;]<\/p>\n","protected":false},"author":1,"featured_media":2249,"comment_status":"open","ping_status":"open","sticky":false,"template":"","format":"standard","meta":{"site-sidebar-layout":"default","site-content-layout":"","ast-site-content-layout":"default","site-content-style":"default","site-sidebar-style":"default","ast-global-header-display":"","ast-banner-title-visibility":"","ast-main-header-display":"","ast-hfb-above-header-display":"","ast-hfb-below-header-display":"","ast-hfb-mobile-header-display":"","site-post-title":"","ast-breadcrumbs-content":"","ast-featured-img":"","footer-sml-layout":"","theme-transparent-header-meta":"","adv-header-id-meta":"","stick-header-meta":"","header-above-stick-meta":"","header-main-stick-meta":"","header-below-stick-meta":"","astra-migrate-meta-layouts":"default","ast-page-background-enabled":"default","ast-page-background-meta":{"desktop":{"background-color":"var(--ast-global-color-4)","background-image":"","background-repeat":"repeat","background-position":"center center","background-size":"auto","background-attachment":"scroll","background-type":"","background-media":"","overlay-type":"","overlay-color":"","overlay-opacity":"","overlay-gradient":""},"tablet":{"background-color":"","background-image":"","background-repeat":"repeat","background-position":"center center","background-size":"auto","background-attachment":"scroll","background-type":"","background-media":"","overlay-type":"","overlay-color":"","overlay-opacity":"","overlay-gradient":""},"mobile":{"background-color":"","background-image":"","background-repeat":"repeat","background-position":"center center","background-size":"auto","background-attachment":"scroll","background-type":"","background-media":"","overlay-type":"","overlay-color":"","overlay-opacity":"","overlay-gradient":""}},"ast-content-background-meta":{"desktop":{"background-color":"var(--ast-global-color-5)","background-image":"","background-repeat":"repeat","background-position":"center center","background-size":"auto","background-attachment":"scroll","background-type":"","background-media":"","overlay-type":"","overlay-color":"","overlay-opacity":"","overlay-gradient":""},"tablet":{"background-color":"var(--ast-global-color-5)","background-image":"","background-repeat":"repeat","background-position":"center center","background-size":"auto","background-attachment":"scroll","background-type":"","background-media":"","overlay-type":"","overlay-color":"","overlay-opacity":"","overlay-gradient":""},"mobile":{"background-color":"var(--ast-global-color-5)","background-image":"","background-repeat":"repeat","background-position":"center center","background-size":"auto","background-attachment":"scroll","background-type":"","background-media":"","overlay-type":"","overlay-color":"","overlay-opacity":"","overlay-gradient":""}},"footnotes":""},"categories":[19],"tags":[],"class_list":["post-2248","post","type-post","status-publish","format-standard","has-post-thumbnail","hentry","category-sin-limites-2"],"_links":{"self":[{"href":"https:\/\/losperiodistas.com.mx\/portal\/wp-json\/wp\/v2\/posts\/2248","targetHints":{"allow":["GET"]}}],"collection":[{"href":"https:\/\/losperiodistas.com.mx\/portal\/wp-json\/wp\/v2\/posts"}],"about":[{"href":"https:\/\/losperiodistas.com.mx\/portal\/wp-json\/wp\/v2\/types\/post"}],"author":[{"embeddable":true,"href":"https:\/\/losperiodistas.com.mx\/portal\/wp-json\/wp\/v2\/users\/1"}],"replies":[{"embeddable":true,"href":"https:\/\/losperiodistas.com.mx\/portal\/wp-json\/wp\/v2\/comments?post=2248"}],"version-history":[{"count":1,"href":"https:\/\/losperiodistas.com.mx\/portal\/wp-json\/wp\/v2\/posts\/2248\/revisions"}],"predecessor-version":[{"id":2250,"href":"https:\/\/losperiodistas.com.mx\/portal\/wp-json\/wp\/v2\/posts\/2248\/revisions\/2250"}],"wp:featuredmedia":[{"embeddable":true,"href":"https:\/\/losperiodistas.com.mx\/portal\/wp-json\/wp\/v2\/media\/2249"}],"wp:attachment":[{"href":"https:\/\/losperiodistas.com.mx\/portal\/wp-json\/wp\/v2\/media?parent=2248"}],"wp:term":[{"taxonomy":"category","embeddable":true,"href":"https:\/\/losperiodistas.com.mx\/portal\/wp-json\/wp\/v2\/categories?post=2248"},{"taxonomy":"post_tag","embeddable":true,"href":"https:\/\/losperiodistas.com.mx\/portal\/wp-json\/wp\/v2\/tags?post=2248"}],"curies":[{"name":"wp","href":"https:\/\/api.w.org\/{rel}","templated":true}]}}