{"id":22248,"date":"2022-02-24T15:00:56","date_gmt":"2022-02-24T21:00:56","guid":{"rendered":"http:\/\/losperiodistas.com.mx\/portal\/?p=22248"},"modified":"2022-02-24T15:00:58","modified_gmt":"2022-02-24T21:00:58","slug":"cinco-chefs-sirven-en-madrid-a-robert-de-niro-el-menu-mas-caro-del-mundo-5d","status":"publish","type":"post","link":"https:\/\/losperiodistas.com.mx\/portal\/cinco-chefs-sirven-en-madrid-a-robert-de-niro-el-menu-mas-caro-del-mundo-5d\/","title":{"rendered":"Cinco chefs sirven en Madrid a Robert de Niro el men\u00fa m\u00e1s caro del mundo | 5D"},"content":{"rendered":"\n<p style=\"font-size:18px\">Quique Dacosta, Joan Roca, Mauro Colagreco, Mart\u00edn Berasategui y Jos\u00e9 Andr\u00e9s cocinar\u00e1n el 1 de marzo para el actor, que acepta el reto de ser embajador de Madrid Fusi\u00f3n a cambio de una comida<\/p>\n\n\n\n<p><\/p>\n\n\n\n<figure class=\"wp-block-image size-large\"><img fetchpriority=\"high\" decoding=\"async\" width=\"1024\" height=\"523\" src=\"https:\/\/losperiodistas.com.mx\/portal\/wp-content\/uploads\/2022\/02\/1645647871_521787_1645648673_noticia_normal_recorte1-1024x523.jpeg\" alt=\"\" class=\"wp-image-22249\" srcset=\"https:\/\/losperiodistas.com.mx\/portal\/wp-content\/uploads\/2022\/02\/1645647871_521787_1645648673_noticia_normal_recorte1-1024x523.jpeg 1024w, https:\/\/losperiodistas.com.mx\/portal\/wp-content\/uploads\/2022\/02\/1645647871_521787_1645648673_noticia_normal_recorte1-300x153.jpeg 300w, https:\/\/losperiodistas.com.mx\/portal\/wp-content\/uploads\/2022\/02\/1645647871_521787_1645648673_noticia_normal_recorte1-768x393.jpeg 768w, https:\/\/losperiodistas.com.mx\/portal\/wp-content\/uploads\/2022\/02\/1645647871_521787_1645648673_noticia_normal_recorte1-1536x785.jpeg 1536w, https:\/\/losperiodistas.com.mx\/portal\/wp-content\/uploads\/2022\/02\/1645647871_521787_1645648673_noticia_normal_recorte1.jpeg 1960w\" sizes=\"(max-width: 1024px) 100vw, 1024px\" \/><figcaption>El actor, director, productor y empresario, Robert de Niro.\u00a0GETTY IMAGES<\/figcaption><\/figure>\n\n\n\n<p class=\"has-vivid-cyan-blue-color has-text-color has-medium-font-size\">CINCO D\u00cdAS<\/p>\n\n\n\n<p>Todo est\u00e1 preparado para recibir en Madrid el pr\u00f3ximo 1 marzo a Robert de Niro. El actor, productor, director y empresario estadounidense, de 78 a\u00f1os, llega a Espa\u00f1a para vivir una experiencia \u00fanica: disfrutar del que\u00a0<strong>podr\u00eda considerarse el almuerzo m\u00e1s caro del mundo<\/strong>. Se servir\u00e1 a puerta cerrada para \u00e9l y su pareja, en una de las mejores suites del hotel Mandarin Oriental Ritz, donde ejerce de asesor gastron\u00f3mico Quique Dacosta.<\/p>\n\n\n\n<p>El cocinero de origen extreme\u00f1o asentado en D\u00e9nia (Alicante), donde dirige el restaurante hom\u00f3nimo, es el encargado de dirigir esta operaci\u00f3n, que se engloba dentro del 20\u00ba aniversario de Madrid Fusi\u00f3n. Fue el pasado mes de mayo, durante la anterior edici\u00f3n de la citada feria gastron\u00f3mica, cuando De Niro acept\u00f3 ser embajador del congreso de este a\u00f1o<strong>,<\/strong>&nbsp;que se celebrar\u00e1 del 28 al 30 de marzo en Madrid, con el lema&nbsp;<strong><em>M\u00e1s all\u00e1 del producto<\/em><\/strong>.<\/p>\n\n\n\n<p>A cambio, el actor no cobrar\u00eda ni un d\u00f3lar en met\u00e1lico: seg\u00fan eval\u00faa una agencia de creatividad, el cach\u00e9 del actor para este tipo de acciones partir\u00eda de los 300.000 d\u00f3lares. Lo que s\u00ed tendr\u00eda ser\u00eda otro tipo de compensaci\u00f3n: disfrutar de un men\u00fa elaborado por cinco de los mejores cocineros del mundo en un ambiente de lujo en el Mandarin Oriental Ritz, cuyo precio de las suites m\u00e1s caras oscila entre los 3.950 euros la noche a los 15.000 euros que puede costar la habitaci\u00f3n Royal.<\/p>\n\n\n\n<p>Adem\u00e1s de&nbsp;<strong>Dacosta,<\/strong>&nbsp;compartir\u00e1n espacio, con cocina y comedor incluido,&nbsp;<strong>Joan Roca,<\/strong>&nbsp;propietario de El Celler de Can Roca (Girona),&nbsp;<strong>Mauro Colagreco<\/strong>, al frente de Mirazur (Menton, Francia),&nbsp;<strong>Mart\u00edn Berasategui<\/strong>, del restaurante que lleva su nombre en Lasarte-Oria (Gipuzkoa) y&nbsp;<strong>Jos\u00e9 Andr\u00e9s,<\/strong>&nbsp;afincado desde hace m\u00e1s de 30 a\u00f1os en Estados Unidos, donde gestiona un imperio gastron\u00f3mico y la ONG World Central Kitchen.<a><\/a><\/p>\n\n\n\n<figure class=\"wp-block-image\"><img decoding=\"async\" src=\"https:\/\/d500.epimg.net\/cincodias\/imagenes\/2022\/02\/23\/fortunas\/1645647871_521787_1645648822_sumario_normal.jpg\" alt=\"Suite Real del Mandarin Oriental Ritz.\"\/><figcaption>Suite Real del Mandarin Oriental Ritz.<\/figcaption><\/figure>\n\n\n\n<p>Aunque el men\u00fa todav\u00eda no est\u00e1 cerrado, los cocineros preparar\u00e1n algunos de sus platos cl\u00e1sicos: parece ser que Colagreco, que se inspira en el huerto que tiene alrededor y extrae la esencia de las ra\u00edces, las hojas, las frutas y las flores, preparar\u00e1 una de las entradas y el postre, y Berasategui, por ejemplo, elaborar\u00e1 uno de sus platos cl\u00e1sicos, fechado en su carta en 1993, como es el&nbsp;<strong>milhojas caramelizado de anguila ahumada<\/strong>, foie gras, cebolleta y manzana verde, y su versi\u00f3n de la merluza en salsa verde con cocochas.<\/p>\n\n\n\n<p>Una experiencia \u00fanica para todas las partes, ya que es la primera vez que los cinco cocineros firman un men\u00fa conjuntamente. La iniciativa parti\u00f3 de la&nbsp;<strong>agencia de publicidad Leo Burnett<\/strong>, que logr\u00f3 que la campa\u00f1a creada para Madrid Fusi\u00f3n tuviera efecto a las 72 horas de lanzarla. Consist\u00eda en captar la atenci\u00f3n de Robert De Niro para que fuera la imagen del citado congreso de gastronom\u00eda.<\/p>\n\n\n\n<p>El actor, que a su vez es socio del grupo de restaurantes Nobu, que lidera el chef japon\u00e9s Nobu Matsuhisa, respondi\u00f3 al&nbsp;<a href=\"https:\/\/twitter.com\/madridfusion\/status\/1397944524194861064\" target=\"_blank\" rel=\"noreferrer noopener\"><strong>desaf\u00edo enviando un v\u00eddeo<\/strong>&nbsp;en el que aceptaba<\/a>&nbsp;<strong><a href=\"https:\/\/twitter.com\/madridfusion\/status\/1397944524194861064\" target=\"_blank\" rel=\"noreferrer noopener\">la \u201cirrechazable oferta\u201d<\/a>.<\/strong>&nbsp;Aunque no concret\u00f3 la fecha asegur\u00f3: \u201cNos veremos&#8230; cuando vaya para all\u00e1\u201d. Esa fecha ha llegado y ser\u00e1 la pr\u00f3xima semana cuando se cumplir\u00e1 el reto para ambas partes.<\/p>\n\n\n\n<p>Y para Madrid Fusi\u00f3n Alimentos de Espa\u00f1a 2022, que comienza con este almuerzo los preparativos de celebraci\u00f3n de dos d\u00e9cadas del primer congreso de gastronom\u00eda global, que en esta edici\u00f3n abordar\u00e1, entre otros temas, t\u00e9cnicas de cocina ancestrales, tradicionales y futuras, desde los asados al fuego a la cocina con microondas o con el empleo de ultrasonidos, adem\u00e1s del retorno al oficio de cocinar, la transformaci\u00f3n del g\u00e9nero y la elaboraci\u00f3n meticulosa.<\/p>\n\n\n\n<p>Contar\u00e1 adem\u00e1s con la presencia de cocineros como Ren\u00e9 Redzepi (Noma, Copenhague), Gast\u00f3n Acurio (Astrid &amp; Gast\u00f3n, Lima), Alex Atala (D.O.M., Sao Paulo), Dabiz Mu\u00f1oz (DiverXO, Madrid), Joan Roca (El Celler de Can Roca, Girona), Massimo Bottura (Osteria Francescana, M\u00f3dena) o Yoshihiro Narisawa (Narisawa, Tokio).<\/p>\n\n\n\n<p>Tambi\u00e9n se celebrar\u00e1 la segunda edici\u00f3n de MF The Wine Edition y se estrenar\u00e1 un nuevo congreso de pasteler\u00eda y panader\u00eda, Madrid Fusi\u00f3n Pastry. El precio de las entradas para asistir durante los tres d\u00edas de manera presencial al congreso es de 250 euros, y el acceso online es de 100 euros.<\/p>\n\n\n\n<p>Fuente: https:\/\/cincodias.elpais.com\/cincodias\/2022\/02\/23\/fortunas\/1645647871_521787.html?fbclid=IwAR1cUntziQCKv1BNurt2YjIgqM8emeoII37UYZMHiNKDXaeAvhVxPfMLiWo<\/p>\n","protected":false},"excerpt":{"rendered":"<p>Quique Dacosta, Joan Roca, Mauro Colagreco, Mart\u00edn Berasategui y Jos\u00e9 Andr\u00e9s cocinar\u00e1n el 1 de marzo para el actor, que [&hellip;]<\/p>\n","protected":false},"author":1,"featured_media":22249,"comment_status":"open","ping_status":"open","sticky":false,"template":"","format":"standard","meta":{"site-sidebar-layout":"default","site-content-layout":"","ast-site-content-layout":"default","site-content-style":"default","site-sidebar-style":"default","ast-global-header-display":"","ast-banner-title-visibility":"","ast-main-header-display":"","ast-hfb-above-header-display":"","ast-hfb-below-header-display":"","ast-hfb-mobile-header-display":"","site-post-title":"","ast-breadcrumbs-content":"","ast-featured-img":"","footer-sml-layout":"","theme-transparent-header-meta":"","adv-header-id-meta":"","stick-header-meta":"","header-above-stick-meta":"","header-main-stick-meta":"","header-below-stick-meta":"","astra-migrate-meta-layouts":"default","ast-page-background-enabled":"default","ast-page-background-meta":{"desktop":{"background-color":"var(--ast-global-color-4)","background-image":"","background-repeat":"repeat","background-position":"center center","background-size":"auto","background-attachment":"scroll","background-type":"","background-media":"","overlay-type":"","overlay-color":"","overlay-opacity":"","overlay-gradient":""},"tablet":{"background-color":"","background-image":"","background-repeat":"repeat","background-position":"center center","background-size":"auto","background-attachment":"scroll","background-type":"","background-media":"","overlay-type":"","overlay-color":"","overlay-opacity":"","overlay-gradient":""},"mobile":{"background-color":"","background-image":"","background-repeat":"repeat","background-position":"center center","background-size":"auto","background-attachment":"scroll","background-type":"","background-media":"","overlay-type":"","overlay-color":"","overlay-opacity":"","overlay-gradient":""}},"ast-content-background-meta":{"desktop":{"background-color":"var(--ast-global-color-5)","background-image":"","background-repeat":"repeat","background-position":"center center","background-size":"auto","background-attachment":"scroll","background-type":"","background-media":"","overlay-type":"","overlay-color":"","overlay-opacity":"","overlay-gradient":""},"tablet":{"background-color":"var(--ast-global-color-5)","background-image":"","background-repeat":"repeat","background-position":"center center","background-size":"auto","background-attachment":"scroll","background-type":"","background-media":"","overlay-type":"","overlay-color":"","overlay-opacity":"","overlay-gradient":""},"mobile":{"background-color":"var(--ast-global-color-5)","background-image":"","background-repeat":"repeat","background-position":"center center","background-size":"auto","background-attachment":"scroll","background-type":"","background-media":"","overlay-type":"","overlay-color":"","overlay-opacity":"","overlay-gradient":""}},"footnotes":""},"categories":[8],"tags":[8081,8083,8079,982,8082,4257,8080],"class_list":["post-22248","post","type-post","status-publish","format-standard","has-post-thumbnail","hentry","category-noticias","tag-joan-rpca","tag-jose-andres","tag-madrid-fusion-2022","tag-martin-berasategui","tag-mauro-colagreco","tag-quique-dacosta","tag-robert-de-niro"],"_links":{"self":[{"href":"https:\/\/losperiodistas.com.mx\/portal\/wp-json\/wp\/v2\/posts\/22248","targetHints":{"allow":["GET"]}}],"collection":[{"href":"https:\/\/losperiodistas.com.mx\/portal\/wp-json\/wp\/v2\/posts"}],"about":[{"href":"https:\/\/losperiodistas.com.mx\/portal\/wp-json\/wp\/v2\/types\/post"}],"author":[{"embeddable":true,"href":"https:\/\/losperiodistas.com.mx\/portal\/wp-json\/wp\/v2\/users\/1"}],"replies":[{"embeddable":true,"href":"https:\/\/losperiodistas.com.mx\/portal\/wp-json\/wp\/v2\/comments?post=22248"}],"version-history":[{"count":1,"href":"https:\/\/losperiodistas.com.mx\/portal\/wp-json\/wp\/v2\/posts\/22248\/revisions"}],"predecessor-version":[{"id":22250,"href":"https:\/\/losperiodistas.com.mx\/portal\/wp-json\/wp\/v2\/posts\/22248\/revisions\/22250"}],"wp:featuredmedia":[{"embeddable":true,"href":"https:\/\/losperiodistas.com.mx\/portal\/wp-json\/wp\/v2\/media\/22249"}],"wp:attachment":[{"href":"https:\/\/losperiodistas.com.mx\/portal\/wp-json\/wp\/v2\/media?parent=22248"}],"wp:term":[{"taxonomy":"category","embeddable":true,"href":"https:\/\/losperiodistas.com.mx\/portal\/wp-json\/wp\/v2\/categories?post=22248"},{"taxonomy":"post_tag","embeddable":true,"href":"https:\/\/losperiodistas.com.mx\/portal\/wp-json\/wp\/v2\/tags?post=22248"}],"curies":[{"name":"wp","href":"https:\/\/api.w.org\/{rel}","templated":true}]}}