{"id":22243,"date":"2022-02-24T14:49:08","date_gmt":"2022-02-24T20:49:08","guid":{"rendered":"http:\/\/losperiodistas.com.mx\/portal\/?p=22243"},"modified":"2022-02-24T14:56:11","modified_gmt":"2022-02-24T20:56:11","slug":"vettel-se-niega-a-correr-en-rusia-marca","status":"publish","type":"post","link":"https:\/\/losperiodistas.com.mx\/portal\/vettel-se-niega-a-correr-en-rusia-marca\/","title":{"rendered":"Vettel se niega a correr en Rusia | Marca"},"content":{"rendered":"\n<p style=\"font-size:18px\"><em>\u00abPara m\u00ed, mi decisi\u00f3n propia, es que no se deber\u00eda correr en ese pa\u00eds\u00bb, ha enfatizado el piloto de Aston Martin<\/em><\/p>\n\n\n\n<p><\/p>\n\n\n\n<figure class=\"wp-block-image size-large\"><img fetchpriority=\"high\" decoding=\"async\" width=\"1024\" height=\"576\" src=\"https:\/\/losperiodistas.com.mx\/portal\/wp-content\/uploads\/2022\/02\/16457088357045-1024x576.jpg\" alt=\"\" class=\"wp-image-22244\" srcset=\"https:\/\/losperiodistas.com.mx\/portal\/wp-content\/uploads\/2022\/02\/16457088357045-1024x576.jpg 1024w, https:\/\/losperiodistas.com.mx\/portal\/wp-content\/uploads\/2022\/02\/16457088357045-300x169.jpg 300w, https:\/\/losperiodistas.com.mx\/portal\/wp-content\/uploads\/2022\/02\/16457088357045-768x432.jpg 768w, https:\/\/losperiodistas.com.mx\/portal\/wp-content\/uploads\/2022\/02\/16457088357045.jpg 1320w\" sizes=\"(max-width: 1024px) 100vw, 1024px\" \/><figcaption>Sebastian Vettel. ASTON MARTIN F1<\/figcaption><\/figure>\n\n\n\n<p class=\"has-vivid-cyan-blue-color has-text-color has-medium-font-size\">JOS\u00c9 LUIS RUIZ \/ MARCA<\/p>\n\n\n\n<p>\u00abHoy me he despertado con la noticia de la invasi\u00f3n y me he quedado en &#8216;shock&#8217;. Es horrible ver lo que est\u00e1 pasando\u00bb, ha apuntado un&nbsp;<strong>Sebastian Vettel<\/strong>&nbsp;impactado por el conflicto armado iniciado por Rusia.<\/p>\n\n\n\n<p>Lo que est\u00e1 pasando ha provocado su negativa a participar en el Gran Premio de Rusia. \u00abSi te fijas en el calendario, ves que tenemos prevista una carrera en Rusia.\u00a0<strong>Mi opini\u00f3n personal es que yo no deber\u00eda ir ah\u00ed y no ir\u00e9, porque creo que correr en ese pa\u00eds est\u00e1 mal<\/strong>\u00ab, ha recalcado el piloto de Aston Martin.<\/p>\n\n\n\n<p>Vettel lamenta la tragedia humana que se va a vivir en el conflicto. \u00ab<strong>Lo siento por la gente inocente que est\u00e1 perdiendo la vida. Les est\u00e1n matando por razones est\u00fapidas y un liderazgo muy extra\u00f1o y loco<\/strong>. Estoy seguro de que es algo que hablaremos en la GPDA (Asociaci\u00f3n de Pilotos), pero como he dicho, no nos hemos reunido este a\u00f1o\u00bb, ha anunciado y, acto seguido, el tetracampe\u00f3n mundial de F1 ha a\u00f1adido: \u00abPersonalmente, yo estoy en &#8216;shock&#8217; y triste por lo que est\u00e1 sucediendo. Veremos en el futuro, pero creo que&nbsp;<strong>yo ya he tomado mi decisi\u00f3n<\/strong>\u00ab.<\/p>\n\n\n\n<figure class=\"wp-block-image\"><img decoding=\"async\" src=\"https:\/\/e00-marca.uecdn.es\/assets\/multimedia\/imagenes\/2022\/02\/24\/16457103641122.jpg\" alt=\"Vettel, en el AMR22.\"\/><figcaption>Vettel, en el AMR22.ASTON MARTIN F1<\/figcaption><\/figure>\n\n\n\n<h2 class=\"wp-block-heading\">Las opiniones de Verstappen y Alonso<\/h2>\n\n\n\n<p>Por su parte,&nbsp;<strong>Max Verstappen<\/strong>&nbsp;tambi\u00e9n se ha mojado al respecto del conflicto entre Rusia y Ucrania y que afecta a la F1 en forma de carrera en septiembre. El piloto de Red Bull ha sido m\u00e1s comedido que el de Heppenheim, pero ha ido en la misma direcci\u00f3n: \u00ab<strong>Creo que cuando un pa\u00eds est\u00e1 en guerra no es correcto correr all\u00ed<\/strong>, eso es seguro. Pero no es s\u00f3lo lo que yo pienso, tambi\u00e9n es c\u00f3mo todo el &#8216;paddock&#8217; va a decidir lo que hacemos a continuaci\u00f3n\u00bb.<\/p>\n\n\n\n<p>Mientras,&nbsp;<strong>Fernando Alonso<\/strong>&nbsp;ha sido m\u00e1s diplom\u00e1tico que Vettel y Verstappen cuando se le ha preguntado por este grave problema que acaba de surgir. \u00abCreo que la decisi\u00f3n ser\u00e1 de la F1. Nosotros como pilotos tenemos una opini\u00f3n que estoy seguro que es la misma que la de todo el mundo, pero&nbsp;<strong>no tenemos poder para decidir sobre estas cosas<\/strong>\u00ab.<\/p>\n\n\n\n<h2 class=\"wp-block-heading\">La postura de la F1<\/h2>\n\n\n\n<p>Mientras, los rectores de la F1 se han mostrado cautos. La carrera en Sochi est\u00e1 programada para el 25 de septiembre. Queda mucho y prefieren esperar. \u00abLa F1 sigue de cerca los desarrollos sobre el GP de Rusia, igual que los de otros eventos, y&nbsp;<strong>en este momento no tiene nada que comentar sobre la carrera programada para septiembre<\/strong>. Vamos a seguir monitorizando la situaci\u00f3n muy de cerca\u00bb, han se\u00f1alado en un comunicado.<\/p>\n\n\n\n<h2 class=\"wp-block-heading\">Haas se borra de la rueda de prensa<\/h2>\n\n\n\n<p>Por otro lado, estaba previsto que&nbsp;<strong>Guenther Steiner<\/strong>&nbsp;hablara hoy. Pero en Haas han suspendido su comparecencia ante los medios de comunicaci\u00f3n en Barcelona. \u00abGuenther Steiner ya no est\u00e1 disponible para asistir a la conferencia de prensa de los equipos de hoy y ning\u00fan representante de Haas participar\u00e1 hoy\u00bb, ha desvelado la FIA.<\/p>\n\n\n\n<p>Recordemos que la escuder\u00eda, que tiene de pilotos al moscovita\u00a0<strong>Nikita Mazepin<\/strong>\u00a0y Mick Schumacher, tiene de patrocinador principal a\u00a0<strong>Uralkali<\/strong>\u00a0(empresa rusa de fertilizantes de potasas).<\/p>\n\n\n\n<p>Fuente: https:\/\/www.marca.com\/motor\/formula1\/2022\/02\/24\/6217866022601d024c8b45a5.html<\/p>\n","protected":false},"excerpt":{"rendered":"<p>\u00abPara m\u00ed, mi decisi\u00f3n propia, es que no se deber\u00eda correr en ese pa\u00eds\u00bb, ha enfatizado el piloto de Aston [&hellip;]<\/p>\n","protected":false},"author":1,"featured_media":22244,"comment_status":"open","ping_status":"open","sticky":false,"template":"","format":"standard","meta":{"site-sidebar-layout":"default","site-content-layout":"","ast-site-content-layout":"default","site-content-style":"default","site-sidebar-style":"default","ast-global-header-display":"","ast-banner-title-visibility":"","ast-main-header-display":"","ast-hfb-above-header-display":"","ast-hfb-below-header-display":"","ast-hfb-mobile-header-display":"","site-post-title":"","ast-breadcrumbs-content":"","ast-featured-img":"","footer-sml-layout":"","theme-transparent-header-meta":"","adv-header-id-meta":"","stick-header-meta":"","header-above-stick-meta":"","header-main-stick-meta":"","header-below-stick-meta":"","astra-migrate-meta-layouts":"default","ast-page-background-enabled":"default","ast-page-background-meta":{"desktop":{"background-color":"var(--ast-global-color-4)","background-image":"","background-repeat":"repeat","background-position":"center center","background-size":"auto","background-attachment":"scroll","background-type":"","background-media":"","overlay-type":"","overlay-color":"","overlay-opacity":"","overlay-gradient":""},"tablet":{"background-color":"","background-image":"","background-repeat":"repeat","background-position":"center center","background-size":"auto","background-attachment":"scroll","background-type":"","background-media":"","overlay-type":"","overlay-color":"","overlay-opacity":"","overlay-gradient":""},"mobile":{"background-color":"","background-image":"","background-repeat":"repeat","background-position":"center center","background-size":"auto","background-attachment":"scroll","background-type":"","background-media":"","overlay-type":"","overlay-color":"","overlay-opacity":"","overlay-gradient":""}},"ast-content-background-meta":{"desktop":{"background-color":"var(--ast-global-color-5)","background-image":"","background-repeat":"repeat","background-position":"center center","background-size":"auto","background-attachment":"scroll","background-type":"","background-media":"","overlay-type":"","overlay-color":"","overlay-opacity":"","overlay-gradient":""},"tablet":{"background-color":"var(--ast-global-color-5)","background-image":"","background-repeat":"repeat","background-position":"center center","background-size":"auto","background-attachment":"scroll","background-type":"","background-media":"","overlay-type":"","overlay-color":"","overlay-opacity":"","overlay-gradient":""},"mobile":{"background-color":"var(--ast-global-color-5)","background-image":"","background-repeat":"repeat","background-position":"center center","background-size":"auto","background-attachment":"scroll","background-type":"","background-media":"","overlay-type":"","overlay-color":"","overlay-opacity":"","overlay-gradient":""}},"footnotes":""},"categories":[8],"tags":[511,7528,8076,2231,8078,6232,8077],"class_list":["post-22243","post","type-post","status-publish","format-standard","has-post-thumbnail","hentry","category-noticias","tag-fernando-alonso","tag-formula-1","tag-gp-sochi-2022","tag-rusia","tag-sebastian-vettel","tag-ucrania","tag-verstappen"],"_links":{"self":[{"href":"https:\/\/losperiodistas.com.mx\/portal\/wp-json\/wp\/v2\/posts\/22243","targetHints":{"allow":["GET"]}}],"collection":[{"href":"https:\/\/losperiodistas.com.mx\/portal\/wp-json\/wp\/v2\/posts"}],"about":[{"href":"https:\/\/losperiodistas.com.mx\/portal\/wp-json\/wp\/v2\/types\/post"}],"author":[{"embeddable":true,"href":"https:\/\/losperiodistas.com.mx\/portal\/wp-json\/wp\/v2\/users\/1"}],"replies":[{"embeddable":true,"href":"https:\/\/losperiodistas.com.mx\/portal\/wp-json\/wp\/v2\/comments?post=22243"}],"version-history":[{"count":2,"href":"https:\/\/losperiodistas.com.mx\/portal\/wp-json\/wp\/v2\/posts\/22243\/revisions"}],"predecessor-version":[{"id":22247,"href":"https:\/\/losperiodistas.com.mx\/portal\/wp-json\/wp\/v2\/posts\/22243\/revisions\/22247"}],"wp:featuredmedia":[{"embeddable":true,"href":"https:\/\/losperiodistas.com.mx\/portal\/wp-json\/wp\/v2\/media\/22244"}],"wp:attachment":[{"href":"https:\/\/losperiodistas.com.mx\/portal\/wp-json\/wp\/v2\/media?parent=22243"}],"wp:term":[{"taxonomy":"category","embeddable":true,"href":"https:\/\/losperiodistas.com.mx\/portal\/wp-json\/wp\/v2\/categories?post=22243"},{"taxonomy":"post_tag","embeddable":true,"href":"https:\/\/losperiodistas.com.mx\/portal\/wp-json\/wp\/v2\/tags?post=22243"}],"curies":[{"name":"wp","href":"https:\/\/api.w.org\/{rel}","templated":true}]}}