{"id":22214,"date":"2022-02-24T09:05:23","date_gmt":"2022-02-24T15:05:23","guid":{"rendered":"http:\/\/losperiodistas.com.mx\/portal\/?p=22214"},"modified":"2022-02-24T09:05:24","modified_gmt":"2022-02-24T15:05:24","slug":"el-articulo-4-de-la-otan-por-que-varios-paises-lo-invocan-y-que-implica-en-la-guerra-rusia-ucrania-el-confidencial","status":"publish","type":"post","link":"https:\/\/losperiodistas.com.mx\/portal\/el-articulo-4-de-la-otan-por-que-varios-paises-lo-invocan-y-que-implica-en-la-guerra-rusia-ucrania-el-confidencial\/","title":{"rendered":"El art\u00edculo 4 de la OTAN: por qu\u00e9 varios pa\u00edses lo invocan y qu\u00e9 implica en la guerra Rusia-Ucrania | El Confidencial"},"content":{"rendered":"\n<p style=\"font-size:18px\"><em>En medio del conflicto, varios pa\u00edses integrantes de la OTAN han invocado el art\u00edculo 4. Hasta la fecha y desde la creaci\u00f3n de la Alianza solo se hab\u00eda invocado en seis ocasiones<\/em><\/p>\n\n\n\n<p><\/p>\n\n\n\n<figure class=\"wp-block-image size-large\"><img fetchpriority=\"high\" decoding=\"async\" width=\"1024\" height=\"576\" src=\"https:\/\/losperiodistas.com.mx\/portal\/wp-content\/uploads\/2022\/02\/f.elconfidencial.com_original_0af_4d7_6ec_0af4d76ecf20986dcb3c7bbbd9e83a4b-1024x576.jpg\" alt=\"\" class=\"wp-image-22215\" srcset=\"https:\/\/losperiodistas.com.mx\/portal\/wp-content\/uploads\/2022\/02\/f.elconfidencial.com_original_0af_4d7_6ec_0af4d76ecf20986dcb3c7bbbd9e83a4b-1024x576.jpg 1024w, https:\/\/losperiodistas.com.mx\/portal\/wp-content\/uploads\/2022\/02\/f.elconfidencial.com_original_0af_4d7_6ec_0af4d76ecf20986dcb3c7bbbd9e83a4b-300x169.jpg 300w, https:\/\/losperiodistas.com.mx\/portal\/wp-content\/uploads\/2022\/02\/f.elconfidencial.com_original_0af_4d7_6ec_0af4d76ecf20986dcb3c7bbbd9e83a4b-768x432.jpg 768w, https:\/\/losperiodistas.com.mx\/portal\/wp-content\/uploads\/2022\/02\/f.elconfidencial.com_original_0af_4d7_6ec_0af4d76ecf20986dcb3c7bbbd9e83a4b.jpg 1440w\" sizes=\"(max-width: 1024px) 100vw, 1024px\" \/><figcaption>Figuras desplegadas frente al s\u00edmbolo de la OTAN y los colores de la bandera de Rusia (Reuters)<\/figcaption><\/figure>\n\n\n\n<p class=\"has-vivid-cyan-blue-color has-text-color has-medium-font-size\">EL CONFIDENCIAL<\/p>\n\n\n\n<ul class=\"wp-block-list\"><li><strong><a href=\"https:\/\/www.elconfidencial.com\/mundo\/2022-02-24\/ultima-hora-guerra-ucrania-rusia-militares-frontera_3375044\/\">Guerra Ucrania-Rusia en directo<\/a><\/strong><\/li><li><strong><a href=\"https:\/\/www.elconfidencial.com\/mundo\/europa\/2022-02-24\/ucrania-otan-que-es-miembros-requisitos_3365207\/\">\u00bfUcrania forma parte de la OTAN?<\/a><\/strong><\/li><\/ul>\n\n\n\n<p>Polonia, Estonia, Letonia y Lituania han invocado este jueves el&nbsp;<strong>art\u00edculo 4 de la OTAN<\/strong>. Como integrantes de la organizaci\u00f3n, estos pa\u00edses han acudido a este art\u00edculo con el objetivo de iniciar consultas dentro de la alianza sobre el&nbsp;<a href=\"https:\/\/www.elconfidencial.com\/mundo\/2022-02-24\/rusia-inicia-la-invasion-de-ucrania-explosiones-en-kiev-odesa-y-otras-ciudades_3381149\/\">ataque de Rusia a Ucrania<\/a>. Durante la madrugada del jueves, el presidente ruso, Vlad\u00edmir Putin, ha anunciado el lanzamiento de una \u00aboperaci\u00f3n militar especial\u00bb en varios territorios de Ucrania, entre ellos en la propia capital, Kiev. Seg\u00fan Mosc\u00fa, el objetivo no es ocupar el pa\u00eds vecino, sino desarmar y juzgar a quienes est\u00e1n atacando a las autoproclamadas rep\u00fablicas independientes de&nbsp;<a href=\"https:\/\/www.elconfidencial.com\/mundo\/2022-02-23\/invasion-donbas-ucrania-putin-rusia_3380641\/\">Donetsk y Lugansk<\/a>, cuya independencia ha reconocido Putin.<\/p>\n\n\n\n<p>Mientras en&nbsp;<a href=\"https:\/\/www.elconfidencial.com\/mundo\/2022-02-24\/ley-marcial-ucrania_3381251\/\">Ucrania se ha impuesto la ley marcial<\/a>, Espa\u00f1a re\u00fane al consejo de Seguridad para coordinar una respuesta a la \u00abgrave situaci\u00f3n\u00bb entre Rusia y Ucrania y el presidente de Estados Unidos, Joe Biden, condena la decisi\u00f3n de Putin y advierte de&nbsp;<strong>una respuesta \u00abunida y decisiva\u00bb<\/strong>&nbsp;por parte de los aliados. En este contexto es en el que varios pa\u00edses integrantes de la OTAN han invocado este art\u00edculo.&nbsp;<strong>\u00bfPero qu\u00e9 implica el art\u00edculo 4 de la OTAN?&nbsp;<\/strong>Se trata de un procedimiento de consulta, clave en el proceso de toma de decisiones por parte de la alianza, ya que todas las decisiones se han de tomar por consenso.<\/p>\n\n\n\n<p>En el art\u00edculo 4 del tratado fundacional de la OTAN, los miembros pueden llevar cualquier tema que les preocupe, especialmente relacionado con la seguridad de un pa\u00eds miembro, a la mesa de discusi\u00f3n dentro del Consejo del Atl\u00e1ntico Norte. El art\u00edculo reza lo siguiente: \u00abLas partes consultar\u00e1n entre s\u00ed siempre que, en opini\u00f3n de cualquiera de ellas,&nbsp;<strong>la integridad territorial, la independencia pol\u00edtica o la seguridad de cualquiera de las partes<\/strong>&nbsp;se vea amenazada\u00bb. Una vez que se invoca, el tema debe ser debatido y potencialmente puede llevar a alguna decisi\u00f3n o acci\u00f3n conjunta en nombre de la Alianza.<\/p>\n\n\n\n<p>Desde la creaci\u00f3n de la Alianza (1949), el art\u00edculo 4 ha sido invocado un total de seis veces. La \u00faltima fue en 2020, cuando Turqu\u00eda solicit\u00f3 consultas a ra\u00edz de los acontecimientos de Siria, que llevaron a la p\u00e9rdida de varios soldados nacionales. Cinco a\u00f1os antes, Turqu\u00eda ya hab\u00eda invocado el art\u00edculo 4 de la OTAN, tras varios atentados terroristas y para informar a los Aliados de las medidas que estaban tomando. Un a\u00f1o antes lo hizo\u00a0<strong>Polonia, tras el aumento de las tensiones en la vecina Ucrania, como resultado de las \u00abacciones agresivas\u00bb de Rusia<\/strong>, en palabras de la propia OTAN. El resto de las veces que se ha invocado el art\u00edculo 4 de la OTAN tambi\u00e9n fue Turqu\u00eda quien lo hizo.<\/p>\n\n\n\n<p>Fuente: https:\/\/www.elconfidencial.com\/mundo\/2022-02-24\/articulo-4-otan_3381301\/<\/p>\n","protected":false},"excerpt":{"rendered":"<p>En medio del conflicto, varios pa\u00edses integrantes de la OTAN han invocado el art\u00edculo 4. Hasta la fecha y desde [&hellip;]<\/p>\n","protected":false},"author":1,"featured_media":22215,"comment_status":"open","ping_status":"open","sticky":false,"template":"","format":"standard","meta":{"site-sidebar-layout":"default","site-content-layout":"","ast-site-content-layout":"default","site-content-style":"default","site-sidebar-style":"default","ast-global-header-display":"","ast-banner-title-visibility":"","ast-main-header-display":"","ast-hfb-above-header-display":"","ast-hfb-below-header-display":"","ast-hfb-mobile-header-display":"","site-post-title":"","ast-breadcrumbs-content":"","ast-featured-img":"","footer-sml-layout":"","theme-transparent-header-meta":"","adv-header-id-meta":"","stick-header-meta":"","header-above-stick-meta":"","header-main-stick-meta":"","header-below-stick-meta":"","astra-migrate-meta-layouts":"default","ast-page-background-enabled":"default","ast-page-background-meta":{"desktop":{"background-color":"var(--ast-global-color-4)","background-image":"","background-repeat":"repeat","background-position":"center center","background-size":"auto","background-attachment":"scroll","background-type":"","background-media":"","overlay-type":"","overlay-color":"","overlay-opacity":"","overlay-gradient":""},"tablet":{"background-color":"","background-image":"","background-repeat":"repeat","background-position":"center center","background-size":"auto","background-attachment":"scroll","background-type":"","background-media":"","overlay-type":"","overlay-color":"","overlay-opacity":"","overlay-gradient":""},"mobile":{"background-color":"","background-image":"","background-repeat":"repeat","background-position":"center center","background-size":"auto","background-attachment":"scroll","background-type":"","background-media":"","overlay-type":"","overlay-color":"","overlay-opacity":"","overlay-gradient":""}},"ast-content-background-meta":{"desktop":{"background-color":"var(--ast-global-color-5)","background-image":"","background-repeat":"repeat","background-position":"center center","background-size":"auto","background-attachment":"scroll","background-type":"","background-media":"","overlay-type":"","overlay-color":"","overlay-opacity":"","overlay-gradient":""},"tablet":{"background-color":"var(--ast-global-color-5)","background-image":"","background-repeat":"repeat","background-position":"center center","background-size":"auto","background-attachment":"scroll","background-type":"","background-media":"","overlay-type":"","overlay-color":"","overlay-opacity":"","overlay-gradient":""},"mobile":{"background-color":"var(--ast-global-color-5)","background-image":"","background-repeat":"repeat","background-position":"center center","background-size":"auto","background-attachment":"scroll","background-type":"","background-media":"","overlay-type":"","overlay-color":"","overlay-opacity":"","overlay-gradient":""}},"footnotes":""},"categories":[8],"tags":[8054,3899,6232],"class_list":["post-22214","post","type-post","status-publish","format-standard","has-post-thumbnail","hentry","category-noticias","tag-guerra-rusia-ucrania","tag-otan","tag-ucrania"],"_links":{"self":[{"href":"https:\/\/losperiodistas.com.mx\/portal\/wp-json\/wp\/v2\/posts\/22214","targetHints":{"allow":["GET"]}}],"collection":[{"href":"https:\/\/losperiodistas.com.mx\/portal\/wp-json\/wp\/v2\/posts"}],"about":[{"href":"https:\/\/losperiodistas.com.mx\/portal\/wp-json\/wp\/v2\/types\/post"}],"author":[{"embeddable":true,"href":"https:\/\/losperiodistas.com.mx\/portal\/wp-json\/wp\/v2\/users\/1"}],"replies":[{"embeddable":true,"href":"https:\/\/losperiodistas.com.mx\/portal\/wp-json\/wp\/v2\/comments?post=22214"}],"version-history":[{"count":1,"href":"https:\/\/losperiodistas.com.mx\/portal\/wp-json\/wp\/v2\/posts\/22214\/revisions"}],"predecessor-version":[{"id":22216,"href":"https:\/\/losperiodistas.com.mx\/portal\/wp-json\/wp\/v2\/posts\/22214\/revisions\/22216"}],"wp:featuredmedia":[{"embeddable":true,"href":"https:\/\/losperiodistas.com.mx\/portal\/wp-json\/wp\/v2\/media\/22215"}],"wp:attachment":[{"href":"https:\/\/losperiodistas.com.mx\/portal\/wp-json\/wp\/v2\/media?parent=22214"}],"wp:term":[{"taxonomy":"category","embeddable":true,"href":"https:\/\/losperiodistas.com.mx\/portal\/wp-json\/wp\/v2\/categories?post=22214"},{"taxonomy":"post_tag","embeddable":true,"href":"https:\/\/losperiodistas.com.mx\/portal\/wp-json\/wp\/v2\/tags?post=22214"}],"curies":[{"name":"wp","href":"https:\/\/api.w.org\/{rel}","templated":true}]}}