{"id":22203,"date":"2022-02-24T08:32:16","date_gmt":"2022-02-24T14:32:16","guid":{"rendered":"http:\/\/losperiodistas.com.mx\/portal\/?p=22203"},"modified":"2022-02-24T08:32:17","modified_gmt":"2022-02-24T14:32:17","slug":"mexico-esta-preparado-para-enfrentar-el-impacto-de-la-operacion-militar-de-rusia-en-ucrania-amlo-el-economista","status":"publish","type":"post","link":"https:\/\/losperiodistas.com.mx\/portal\/mexico-esta-preparado-para-enfrentar-el-impacto-de-la-operacion-militar-de-rusia-en-ucrania-amlo-el-economista\/","title":{"rendered":"M\u00e9xico est\u00e1 preparado para enfrentar el impacto de la operaci\u00f3n militar de Rusia en Ucrania: AMLO | El Economista"},"content":{"rendered":"\n<p style=\"font-size:18px\"><em>\u201cEstamos nosotros, desde hace alg\u00fan tiempo, preparados para que, si nos aumenta mucho el precio del gas de importaci\u00f3n, podamos echar a andar todas las plantas de generaci\u00f3n de energ\u00eda el\u00e9ctrica que no requieren gas\u2019\u2019.<\/em><\/p>\n\n\n\n<p><\/p>\n\n\n\n<figure class=\"wp-block-image size-large\"><img fetchpriority=\"high\" decoding=\"async\" width=\"1024\" height=\"585\" src=\"https:\/\/losperiodistas.com.mx\/portal\/wp-content\/uploads\/2022\/02\/img_9107.jpg_1930944709-1024x585.webp\" alt=\"\" class=\"wp-image-22204\" srcset=\"https:\/\/losperiodistas.com.mx\/portal\/wp-content\/uploads\/2022\/02\/img_9107.jpg_1930944709-1024x585.webp 1024w, https:\/\/losperiodistas.com.mx\/portal\/wp-content\/uploads\/2022\/02\/img_9107.jpg_1930944709-300x171.webp 300w, https:\/\/losperiodistas.com.mx\/portal\/wp-content\/uploads\/2022\/02\/img_9107.jpg_1930944709-768x439.webp 768w, https:\/\/losperiodistas.com.mx\/portal\/wp-content\/uploads\/2022\/02\/img_9107.jpg_1930944709.webp 1120w\" sizes=\"(max-width: 1024px) 100vw, 1024px\" \/><\/figure>\n\n\n\n<p><\/p>\n\n\n\n<p><\/p>\n\n\n\n<p class=\"has-vivid-cyan-blue-color has-text-color has-medium-font-size\">ROLANDO RAMOS \/ EL ECONOMISTA<\/p>\n\n\n\n<p>M\u00e9xico est\u00e1 preparado para enfrentar los efectos econ\u00f3micos derivados de la&nbsp;<a href=\"https:\/\/www.eleconomista.com.mx\/internacionales\/Rusia-afirma-que-destruyo-las-bases-aereas-de-Ucrania-y-Kiev-que-derribo-cinco-aeronaves-rusas-20220224-0013.html\" target=\"_blank\" rel=\"noreferrer noopener\">operaci\u00f3n militar de Rusia en Ucrania<\/a>, afirm\u00f3 el presidente Andr\u00e9s Manuel L\u00f3pez Obrador.<\/p>\n\n\n\n<p>\u201cEstamos nosotros, desde hace alg\u00fan tiempo, preparados para que, si nos aumenta mucho el precio del gas de importaci\u00f3n, podamos echar a andar todas las plantas de generaci\u00f3n de energ\u00eda el\u00e9ctrica que no requieren&nbsp;<strong>gas<\/strong>\u2019\u2019.<\/p>\n\n\n\n<p>Inform\u00f3 que para evitar el aumento en los costos de la&nbsp;<strong>energ\u00eda el\u00e9ctrica<\/strong>, hay un plan para actuar.<\/p>\n\n\n\n<p>\u201cPor ejemplo, producir m\u00e1s energ\u00eda el\u00e9ctrica con agua. Vamos a echar a andar a toda su capacidad las&nbsp;<strong>hidroel\u00e9ctricas<\/strong>&nbsp;y otras medidas que estamos ya tomando. Estamos preparados para que no haya apagones, que no falte la luz y que no aumente el precio.<\/p>\n\n\n\n<p>\u201cEn el caso de las gasolinas, igual. Hay un subsidio, para decirlo con claridad, de modo que aunque aumente el precio de la&nbsp;<strong>gasolina<\/strong>&nbsp;de importaci\u00f3n, porque aumenta el precio del petr\u00f3leo crudo, que esto no se traslade a los consumidores.<\/p>\n\n\n\n<p>\u201cQue mantengamos el&nbsp;<a href=\"https:\/\/www.eleconomista.com.mx\/economia\/Por-cada-dolar-que-suba-la-Mezcla-Mexico-obtendria-13588-mdp-adicionales-20220220-0093.html\" target=\"_blank\" rel=\"noreferrer noopener\">precio de las gasolinas<\/a>, est\u00e1 acordado, que no aumente el precio por encima de la inflaci\u00f3n. Entonces, estamos preparados con ese prop\u00f3sito y vamos a estar pendientes.<\/p>\n\n\n\n<p>Destac\u00f3 que durante su gobierno no ha habido devaluaci\u00f3n, lo que calific\u00f3 de \u201checho hist\u00f3rico. Entonces, ahora puede estar subiendo (el&nbsp;<strong>precio del d\u00f3lar<\/strong>) por esta situaci\u00f3n, pero tenemos margen y esperemos que pronto se normalice la situaci\u00f3n en Ucrania; que haya di\u00e1logo y se resuelva esto\u2019\u2019.<\/p>\n\n\n\n<p>Durante la conferencia de prensa que ofreci\u00f3 esta ma\u00f1ana en Palacio Nacional, afirm\u00f3 que su posici\u00f3n es contraria a la guerra en cualquier parte del mundo.<\/p>\n\n\n\n<p>\u201cNo queremos la&nbsp;<strong>guerra<\/strong>&nbsp;en ning\u00fan lado, en ninguna parte; no queremos que la gente sufra, no queremos que la poblaci\u00f3n civil sea afectada. No queremos la confrontaci\u00f3n b\u00e9lica, esa es nuestra postura\u2019\u2019.<\/p>\n\n\n\n<p>rolando.ramos@eleconomista.mx<\/p>\n\n\n\n<p>Fuente: https:\/\/www.eleconomista.com.mx\/politica\/Mexico-esta-preparado-para-enfrentar-el-impacto-de-la-operacion-militar-de-Rusia-en-Ucrania-AMLO-20220224-0032.html<\/p>\n","protected":false},"excerpt":{"rendered":"<p>\u201cEstamos nosotros, desde hace alg\u00fan tiempo, preparados para que, si nos aumenta mucho el precio del gas de importaci\u00f3n, podamos [&hellip;]<\/p>\n","protected":false},"author":1,"featured_media":22204,"comment_status":"open","ping_status":"open","sticky":false,"template":"","format":"standard","meta":{"site-sidebar-layout":"default","site-content-layout":"","ast-site-content-layout":"default","site-content-style":"default","site-sidebar-style":"default","ast-global-header-display":"","ast-banner-title-visibility":"","ast-main-header-display":"","ast-hfb-above-header-display":"","ast-hfb-below-header-display":"","ast-hfb-mobile-header-display":"","site-post-title":"","ast-breadcrumbs-content":"","ast-featured-img":"","footer-sml-layout":"","theme-transparent-header-meta":"","adv-header-id-meta":"","stick-header-meta":"","header-above-stick-meta":"","header-main-stick-meta":"","header-below-stick-meta":"","astra-migrate-meta-layouts":"default","ast-page-background-enabled":"default","ast-page-background-meta":{"desktop":{"background-color":"var(--ast-global-color-4)","background-image":"","background-repeat":"repeat","background-position":"center center","background-size":"auto","background-attachment":"scroll","background-type":"","background-media":"","overlay-type":"","overlay-color":"","overlay-opacity":"","overlay-gradient":""},"tablet":{"background-color":"","background-image":"","background-repeat":"repeat","background-position":"center center","background-size":"auto","background-attachment":"scroll","background-type":"","background-media":"","overlay-type":"","overlay-color":"","overlay-opacity":"","overlay-gradient":""},"mobile":{"background-color":"","background-image":"","background-repeat":"repeat","background-position":"center center","background-size":"auto","background-attachment":"scroll","background-type":"","background-media":"","overlay-type":"","overlay-color":"","overlay-opacity":"","overlay-gradient":""}},"ast-content-background-meta":{"desktop":{"background-color":"var(--ast-global-color-5)","background-image":"","background-repeat":"repeat","background-position":"center center","background-size":"auto","background-attachment":"scroll","background-type":"","background-media":"","overlay-type":"","overlay-color":"","overlay-opacity":"","overlay-gradient":""},"tablet":{"background-color":"var(--ast-global-color-5)","background-image":"","background-repeat":"repeat","background-position":"center center","background-size":"auto","background-attachment":"scroll","background-type":"","background-media":"","overlay-type":"","overlay-color":"","overlay-opacity":"","overlay-gradient":""},"mobile":{"background-color":"var(--ast-global-color-5)","background-image":"","background-repeat":"repeat","background-position":"center center","background-size":"auto","background-attachment":"scroll","background-type":"","background-media":"","overlay-type":"","overlay-color":"","overlay-opacity":"","overlay-gradient":""}},"footnotes":""},"categories":[8],"tags":[8056,2231,6232],"class_list":["post-22203","post","type-post","status-publish","format-standard","has-post-thumbnail","hentry","category-noticias","tag-mexico-gas","tag-rusia","tag-ucrania"],"_links":{"self":[{"href":"https:\/\/losperiodistas.com.mx\/portal\/wp-json\/wp\/v2\/posts\/22203","targetHints":{"allow":["GET"]}}],"collection":[{"href":"https:\/\/losperiodistas.com.mx\/portal\/wp-json\/wp\/v2\/posts"}],"about":[{"href":"https:\/\/losperiodistas.com.mx\/portal\/wp-json\/wp\/v2\/types\/post"}],"author":[{"embeddable":true,"href":"https:\/\/losperiodistas.com.mx\/portal\/wp-json\/wp\/v2\/users\/1"}],"replies":[{"embeddable":true,"href":"https:\/\/losperiodistas.com.mx\/portal\/wp-json\/wp\/v2\/comments?post=22203"}],"version-history":[{"count":1,"href":"https:\/\/losperiodistas.com.mx\/portal\/wp-json\/wp\/v2\/posts\/22203\/revisions"}],"predecessor-version":[{"id":22205,"href":"https:\/\/losperiodistas.com.mx\/portal\/wp-json\/wp\/v2\/posts\/22203\/revisions\/22205"}],"wp:featuredmedia":[{"embeddable":true,"href":"https:\/\/losperiodistas.com.mx\/portal\/wp-json\/wp\/v2\/media\/22204"}],"wp:attachment":[{"href":"https:\/\/losperiodistas.com.mx\/portal\/wp-json\/wp\/v2\/media?parent=22203"}],"wp:term":[{"taxonomy":"category","embeddable":true,"href":"https:\/\/losperiodistas.com.mx\/portal\/wp-json\/wp\/v2\/categories?post=22203"},{"taxonomy":"post_tag","embeddable":true,"href":"https:\/\/losperiodistas.com.mx\/portal\/wp-json\/wp\/v2\/tags?post=22203"}],"curies":[{"name":"wp","href":"https:\/\/api.w.org\/{rel}","templated":true}]}}