{"id":22200,"date":"2022-02-24T08:22:52","date_gmt":"2022-02-24T14:22:52","guid":{"rendered":"http:\/\/losperiodistas.com.mx\/portal\/?p=22200"},"modified":"2022-02-24T08:22:54","modified_gmt":"2022-02-24T14:22:54","slug":"turistas-estan-acostumbrados-a-parquimetros-dice-alejandro-canedo-el-universal-puebla","status":"publish","type":"post","link":"https:\/\/losperiodistas.com.mx\/portal\/turistas-estan-acostumbrados-a-parquimetros-dice-alejandro-canedo-el-universal-puebla\/","title":{"rendered":"Turistas est\u00e1n acostumbrados a parqu\u00edmetros, dice Alejandro Ca\u00f1edo | El Universal Puebla"},"content":{"rendered":"\n<p style=\"font-size:18px\"><em>Asegur\u00f3 que ese mobiliario les da seguridad a los visitantes<\/em><\/p>\n\n\n\n<figure class=\"wp-block-image size-large\"><img fetchpriority=\"high\" decoding=\"async\" width=\"1024\" height=\"662\" src=\"https:\/\/losperiodistas.com.mx\/portal\/wp-content\/uploads\/2022\/02\/Captura-de-Pantalla-2022-02-24-a-las-8.20.48-1024x662.jpg\" alt=\"\" class=\"wp-image-22201\" srcset=\"https:\/\/losperiodistas.com.mx\/portal\/wp-content\/uploads\/2022\/02\/Captura-de-Pantalla-2022-02-24-a-las-8.20.48-1024x662.jpg 1024w, https:\/\/losperiodistas.com.mx\/portal\/wp-content\/uploads\/2022\/02\/Captura-de-Pantalla-2022-02-24-a-las-8.20.48-300x194.jpg 300w, https:\/\/losperiodistas.com.mx\/portal\/wp-content\/uploads\/2022\/02\/Captura-de-Pantalla-2022-02-24-a-las-8.20.48-768x497.jpg 768w, https:\/\/losperiodistas.com.mx\/portal\/wp-content\/uploads\/2022\/02\/Captura-de-Pantalla-2022-02-24-a-las-8.20.48-1536x993.jpg 1536w, https:\/\/losperiodistas.com.mx\/portal\/wp-content\/uploads\/2022\/02\/Captura-de-Pantalla-2022-02-24-a-las-8.20.48-2048x1324.jpg 2048w\" sizes=\"(max-width: 1024px) 100vw, 1024px\" \/><\/figure>\n\n\n\n<p><\/p>\n\n\n\n<p class=\"has-vivid-cyan-blue-color has-text-color has-medium-font-size\">ABEL CUAPA \/ EL UNIVERSAL PUEBLA<\/p>\n\n\n\n<p>El titular de la<strong>&nbsp;Secretar\u00eda de Econom\u00eda y Turismo<\/strong>&nbsp;municipal,<strong>&nbsp;Alejandro Ca\u00f1edo Priesca,<\/strong>&nbsp;argument\u00f3 que los turistas estar\u00edan contentos si hubiera parqu\u00edmetros en la&nbsp;<strong>ciudad de Puebla.<\/strong><\/p>\n\n\n\n<p>Indic\u00f3 que algunas personas que visitan la capital le han comentado que est\u00e1n acostumbrados a este tipo de infraestructura.<\/p>\n\n\n\n<blockquote class=\"wp-block-quote is-layout-flow wp-block-quote-is-layout-flow\"><p>\u201cEst\u00e1n acostumbrados, es una pr\u00e1ctica en varios pa\u00edses y M\u00e9xico\u201d, coment\u00f3.<\/p><\/blockquote>\n\n\n\n<p>A\u00f1adi\u00f3 que los parqu\u00edmetros les da seguridad a los turistas y la certeza de que hay un orden en la ciudad.<\/p>\n\n\n\n<p>Recientemente, se dio a conocer que en la&nbsp;<strong>Ley de Ingresos 2022<\/strong>&nbsp;ya se contempla instalar medidores de tiempo de estacionamiento para los automovilistas en las calles.<a href=\"https:\/\/www.eluniversalpuebla.com.mx\/ciudad\/parquimetros-ya-vienen-en-ley-de-ingresos-confirma-lalo-rivera\"><br>Parqu\u00edmetros ya vienen en Ley de Ingresos, confirma Lalo Rivera<\/a><\/p>\n\n\n\n<figure class=\"wp-block-image\"><a href=\"https:\/\/www.eluniversalpuebla.com.mx\/ciudad\/parquimetros-ya-vienen-en-ley-de-ingresos-confirma-lalo-rivera\"><img decoding=\"async\" src=\"https:\/\/www.eluniversalpuebla.com.mx\/sites\/default\/files\/styles\/f14-210x129\/public\/2022\/02\/22\/eduardo-rivera-parquimetros-ps-el-universal-puebla-recuperado.jpg?itok=twhcT6qM\" alt=\"EDUARDO RIVERA PARQUIMETROS\"\/><\/a><\/figure>\n\n\n\n<p>Sin embargo, el presidente municipal<strong>\u00a0Eduardo Rivera P\u00e9rez,<\/strong>\u00a0sostuvo que realizar\u00e1 una consulta con diferentes sectores para conocer su opini\u00f3n al respecto.<\/p>\n\n\n\n<p>Fuente: https:\/\/www.eluniversalpuebla.com.mx\/ciudad\/turistas-estan-acostumbrados-parquimetros-dice-alejandro-canedo<\/p>\n","protected":false},"excerpt":{"rendered":"<p>Asegur\u00f3 que ese mobiliario les da seguridad a los visitantes ABEL CUAPA \/ EL UNIVERSAL PUEBLA El titular de la&nbsp;Secretar\u00eda [&hellip;]<\/p>\n","protected":false},"author":1,"featured_media":22201,"comment_status":"open","ping_status":"open","sticky":false,"template":"","format":"standard","meta":{"site-sidebar-layout":"default","site-content-layout":"","ast-site-content-layout":"default","site-content-style":"default","site-sidebar-style":"default","ast-global-header-display":"","ast-banner-title-visibility":"","ast-main-header-display":"","ast-hfb-above-header-display":"","ast-hfb-below-header-display":"","ast-hfb-mobile-header-display":"","site-post-title":"","ast-breadcrumbs-content":"","ast-featured-img":"","footer-sml-layout":"","theme-transparent-header-meta":"","adv-header-id-meta":"","stick-header-meta":"","header-above-stick-meta":"","header-main-stick-meta":"","header-below-stick-meta":"","astra-migrate-meta-layouts":"default","ast-page-background-enabled":"default","ast-page-background-meta":{"desktop":{"background-color":"var(--ast-global-color-4)","background-image":"","background-repeat":"repeat","background-position":"center center","background-size":"auto","background-attachment":"scroll","background-type":"","background-media":"","overlay-type":"","overlay-color":"","overlay-opacity":"","overlay-gradient":""},"tablet":{"background-color":"","background-image":"","background-repeat":"repeat","background-position":"center center","background-size":"auto","background-attachment":"scroll","background-type":"","background-media":"","overlay-type":"","overlay-color":"","overlay-opacity":"","overlay-gradient":""},"mobile":{"background-color":"","background-image":"","background-repeat":"repeat","background-position":"center center","background-size":"auto","background-attachment":"scroll","background-type":"","background-media":"","overlay-type":"","overlay-color":"","overlay-opacity":"","overlay-gradient":""}},"ast-content-background-meta":{"desktop":{"background-color":"var(--ast-global-color-5)","background-image":"","background-repeat":"repeat","background-position":"center center","background-size":"auto","background-attachment":"scroll","background-type":"","background-media":"","overlay-type":"","overlay-color":"","overlay-opacity":"","overlay-gradient":""},"tablet":{"background-color":"var(--ast-global-color-5)","background-image":"","background-repeat":"repeat","background-position":"center center","background-size":"auto","background-attachment":"scroll","background-type":"","background-media":"","overlay-type":"","overlay-color":"","overlay-opacity":"","overlay-gradient":""},"mobile":{"background-color":"var(--ast-global-color-5)","background-image":"","background-repeat":"repeat","background-position":"center center","background-size":"auto","background-attachment":"scroll","background-type":"","background-media":"","overlay-type":"","overlay-color":"","overlay-opacity":"","overlay-gradient":""}},"footnotes":""},"categories":[8],"tags":[4243,7825,4292],"class_list":["post-22200","post","type-post","status-publish","format-standard","has-post-thumbnail","hentry","category-noticias","tag-centro-historico","tag-parquimetros","tag-turismo"],"_links":{"self":[{"href":"https:\/\/losperiodistas.com.mx\/portal\/wp-json\/wp\/v2\/posts\/22200","targetHints":{"allow":["GET"]}}],"collection":[{"href":"https:\/\/losperiodistas.com.mx\/portal\/wp-json\/wp\/v2\/posts"}],"about":[{"href":"https:\/\/losperiodistas.com.mx\/portal\/wp-json\/wp\/v2\/types\/post"}],"author":[{"embeddable":true,"href":"https:\/\/losperiodistas.com.mx\/portal\/wp-json\/wp\/v2\/users\/1"}],"replies":[{"embeddable":true,"href":"https:\/\/losperiodistas.com.mx\/portal\/wp-json\/wp\/v2\/comments?post=22200"}],"version-history":[{"count":1,"href":"https:\/\/losperiodistas.com.mx\/portal\/wp-json\/wp\/v2\/posts\/22200\/revisions"}],"predecessor-version":[{"id":22202,"href":"https:\/\/losperiodistas.com.mx\/portal\/wp-json\/wp\/v2\/posts\/22200\/revisions\/22202"}],"wp:featuredmedia":[{"embeddable":true,"href":"https:\/\/losperiodistas.com.mx\/portal\/wp-json\/wp\/v2\/media\/22201"}],"wp:attachment":[{"href":"https:\/\/losperiodistas.com.mx\/portal\/wp-json\/wp\/v2\/media?parent=22200"}],"wp:term":[{"taxonomy":"category","embeddable":true,"href":"https:\/\/losperiodistas.com.mx\/portal\/wp-json\/wp\/v2\/categories?post=22200"},{"taxonomy":"post_tag","embeddable":true,"href":"https:\/\/losperiodistas.com.mx\/portal\/wp-json\/wp\/v2\/tags?post=22200"}],"curies":[{"name":"wp","href":"https:\/\/api.w.org\/{rel}","templated":true}]}}