{"id":22184,"date":"2022-02-24T07:22:16","date_gmt":"2022-02-24T13:22:16","guid":{"rendered":"http:\/\/losperiodistas.com.mx\/portal\/?p=22184"},"modified":"2022-02-24T07:22:17","modified_gmt":"2022-02-24T13:22:17","slug":"efemerides-del-24-de-febrero-que-paso-un-dia-como-hoy-adn-40","status":"publish","type":"post","link":"https:\/\/losperiodistas.com.mx\/portal\/efemerides-del-24-de-febrero-que-paso-un-dia-como-hoy-adn-40\/","title":{"rendered":"Efem\u00e9rides del 24 de febrero: Qu\u00e9 pas\u00f3 un d\u00eda como hoy | ADN 40"},"content":{"rendered":"\n<p style=\"font-size:18px\"><em>\u00bfSabes qu\u00e9 pas\u00f3 un d\u00eda como hoy? En esta fecha se celebra el D\u00eda de la Bandera. Conoce las efem\u00e9rides de este 24 de feb<\/em>rero.<\/p>\n\n\n\n<figure class=\"wp-block-image size-full\"><img fetchpriority=\"high\" decoding=\"async\" width=\"968\" height=\"546\" src=\"https:\/\/losperiodistas.com.mx\/portal\/wp-content\/uploads\/2022\/02\/efem-feb-24.jpeg\" alt=\"\" class=\"wp-image-22185\" srcset=\"https:\/\/losperiodistas.com.mx\/portal\/wp-content\/uploads\/2022\/02\/efem-feb-24.jpeg 968w, https:\/\/losperiodistas.com.mx\/portal\/wp-content\/uploads\/2022\/02\/efem-feb-24-300x169.jpeg 300w, https:\/\/losperiodistas.com.mx\/portal\/wp-content\/uploads\/2022\/02\/efem-feb-24-768x433.jpeg 768w\" sizes=\"(max-width: 968px) 100vw, 968px\" \/><\/figure>\n\n\n\n<p><\/p>\n\n\n\n<p class=\"has-vivid-cyan-blue-color has-text-color has-medium-font-size\">ADN 40<\/p>\n\n\n\n<p>En esta fecha se celebra el D\u00eda de la Bandera mexicana, el cual fue establecido el 24 de febrero de 1934. Sin embargo esta conmemoraci\u00f3n nacional fue oficialmente reconocida hasta 1940, por decreto del Presidente L\u00e1zaro C\u00e1rdenas del R\u00edo.<\/p>\n\n\n\n<p>La Bandera mexicana, adem\u00e1s de ser un s\u00edmbolo patrio y representar el esp\u00edritu de unidad, valor y patriotismo, es un elemento unificador; es una expresi\u00f3n aut\u00e9ntica de los or\u00edgenes del mexicano, as\u00ed como del deseo de fortalecer el sentido de identidad nacional, como pa\u00eds independiente y soberano.<\/p>\n\n\n\n<p>En este d\u00eda tan importante para todos los mexicanos, se exhorta a todos los municipios del pa\u00eds a sensibilizar y promover la difusi\u00f3n, el conocimiento y el respeto a los s\u00edmbolos patrios, espec\u00edficamente a la Bandera Nacional, ya que en ella se resume la historia de independencia, libertad, soberan\u00eda, democracia, paz y unidad.<\/p>\n\n\n\n<figure class=\"wp-block-image\"><img decoding=\"async\" src=\"https:\/\/tvazteca.brightspotcdn.com\/dims4\/default\/25646d4\/2147483647\/strip\/true\/crop\/1100x640+0+0\/resize\/968x563!\/format\/jpg\/quality\/80\/?url=https%3A%2F%2Ftvazteca.brightspotcdn.com%2F41%2F70%2F737f8d3542b48c24316c1b11ddde%2Fefemerides-24-de-febrero-1.jpg\" alt=\"efem\u00e9rides 24 de febrero\"\/><\/figure>\n\n\n\n<h2 class=\"wp-block-heading\">Qu\u00e9 se conmemora cada 24 de febrero<\/h2>\n\n\n\n<ul class=\"wp-block-list\"><li>1895: en Baire, localidad del departamento oriental cubano, se dio el Grito de Baire, con lo que comenz\u00f3 la segunda guerra de independencia de Cuba, denominada por Jos\u00e9 Mart\u00ed como la \u201cGuerra Necesaria\u201d.<\/li><li>1896: el f\u00edsico franc\u00e9s Henri Becquerel anunci\u00f3 el descubrimiento de una radiaci\u00f3n emitida por el uranio.<\/li><li>1917: en Petrogrado, capital zarista de Rusia, una revuelta termin\u00f3 en una rebeli\u00f3n militar que oblig\u00f3 al zar Nicol\u00e1s II a abdicar. Comenz\u00f3 as\u00ed la Revoluci\u00f3n Rusa.<\/li><li>1917: el servicio de inteligencia brit\u00e1nico intercept\u00f3 un telegrama de Arthur Zimmermann, secretario de Estado de Asuntos Exteriores alem\u00e1n, en el que pidi\u00f3 a M\u00e9xico entrar en guerra contra Estados Unidos.<\/li><li>1966: en el marco de la guerra de Vietnam (1955-1975), el fot\u00f3grafo japon\u00e9s Kyoichi Sawada (1936-1970) registr\u00f3 la imagen, que ganar\u00eda un premio World Press, de un blindado M113 con soldados estadounidenses arrastrando el cuerpo de un ni\u00f1o combatiente del Vietcong hasta matarlo. Por esta fotograf\u00eda, cuatro a\u00f1os despu\u00e9s Sawada ser\u00e1 asesinado en Camboya.<\/li><\/ul>\n\n\n\n<figure class=\"wp-block-image\"><img decoding=\"async\" src=\"https:\/\/tvazteca.brightspotcdn.com\/dims4\/default\/ddd4b8f\/2147483647\/strip\/true\/crop\/1100x1000+0+0\/resize\/968x880!\/format\/jpg\/quality\/80\/?url=https%3A%2F%2Ftvazteca.brightspotcdn.com%2Fa3%2F51%2F629b9a834b5897c064a1f29aebb7%2Fefemerides-24-de-febrero-2.jpg\" alt=\"efem\u00e9rides 24 de febrero\"\/><\/figure>\n\n\n\n<ul class=\"wp-block-list\"><li>1975: la banda brit\u00e1nica Led Zeppelin public\u00f3 el \u00e1lbum Physical Graffiti.<\/li><li>1991: Estados Unidos inici\u00f3 una ofensiva terrestre contra Irak, dentro de la llamada Guerra del Golfo P\u00e9rsico, con el mayor ataque registrado desde la Segunda Guerra Mundial.<\/li><li>2011: en los Estados Unidos, el transbordador espacial Discovery fue lanzado en su \u00faltima misi\u00f3n, la STS-133.<\/li><\/ul>\n\n\n\n<h2 class=\"wp-block-heading\">Efem\u00e9rides de M\u00e9xico<\/h2>\n\n\n\n<p>De acuerdo con la Secretar\u00eda de Educaci\u00f3n P\u00fablica (SEP) estas son algunas de las&nbsp;<strong>efem\u00e9rides<\/strong>&nbsp;de M\u00e9xico de cada&nbsp;<strong>24 de febrero<\/strong>:<\/p>\n\n\n\n<ul class=\"wp-block-list\"><li>1821: Agust\u00edn de Iturbide da a conocer el Plan de Iguala, con el cual se logr\u00f3 la conciliaci\u00f3n entre realistas e insurgentes en pro de la Independencia de M\u00e9xico.<\/li><li>2003: se crea la Comisi\u00f3n Nacional de Cultura F\u00edsica y Deporte.<\/li><\/ul>\n\n\n\n<p>Con informaci\u00f3n de Gob.mx<\/p>\n\n\n\n<p>Fuente: https:\/\/www.adn40.mx\/mexico\/efemerides-del-24-de-febrero-me-especial<\/p>\n","protected":false},"excerpt":{"rendered":"<p>\u00bfSabes qu\u00e9 pas\u00f3 un d\u00eda como hoy? En esta fecha se celebra el D\u00eda de la Bandera. Conoce las efem\u00e9rides [&hellip;]<\/p>\n","protected":false},"author":1,"featured_media":22185,"comment_status":"open","ping_status":"open","sticky":false,"template":"","format":"standard","meta":{"site-sidebar-layout":"default","site-content-layout":"","ast-site-content-layout":"default","site-content-style":"default","site-sidebar-style":"default","ast-global-header-display":"","ast-banner-title-visibility":"","ast-main-header-display":"","ast-hfb-above-header-display":"","ast-hfb-below-header-display":"","ast-hfb-mobile-header-display":"","site-post-title":"","ast-breadcrumbs-content":"","ast-featured-img":"","footer-sml-layout":"","theme-transparent-header-meta":"","adv-header-id-meta":"","stick-header-meta":"","header-above-stick-meta":"","header-main-stick-meta":"","header-below-stick-meta":"","astra-migrate-meta-layouts":"default","ast-page-background-enabled":"default","ast-page-background-meta":{"desktop":{"background-color":"var(--ast-global-color-4)","background-image":"","background-repeat":"repeat","background-position":"center center","background-size":"auto","background-attachment":"scroll","background-type":"","background-media":"","overlay-type":"","overlay-color":"","overlay-opacity":"","overlay-gradient":""},"tablet":{"background-color":"","background-image":"","background-repeat":"repeat","background-position":"center center","background-size":"auto","background-attachment":"scroll","background-type":"","background-media":"","overlay-type":"","overlay-color":"","overlay-opacity":"","overlay-gradient":""},"mobile":{"background-color":"","background-image":"","background-repeat":"repeat","background-position":"center center","background-size":"auto","background-attachment":"scroll","background-type":"","background-media":"","overlay-type":"","overlay-color":"","overlay-opacity":"","overlay-gradient":""}},"ast-content-background-meta":{"desktop":{"background-color":"var(--ast-global-color-5)","background-image":"","background-repeat":"repeat","background-position":"center center","background-size":"auto","background-attachment":"scroll","background-type":"","background-media":"","overlay-type":"","overlay-color":"","overlay-opacity":"","overlay-gradient":""},"tablet":{"background-color":"var(--ast-global-color-5)","background-image":"","background-repeat":"repeat","background-position":"center center","background-size":"auto","background-attachment":"scroll","background-type":"","background-media":"","overlay-type":"","overlay-color":"","overlay-opacity":"","overlay-gradient":""},"mobile":{"background-color":"var(--ast-global-color-5)","background-image":"","background-repeat":"repeat","background-position":"center center","background-size":"auto","background-attachment":"scroll","background-type":"","background-media":"","overlay-type":"","overlay-color":"","overlay-opacity":"","overlay-gradient":""}},"footnotes":""},"categories":[8],"tags":[8051,8049,8052,8050],"class_list":["post-22184","post","type-post","status-publish","format-standard","has-post-thumbnail","hentry","category-noticias","tag-bandera-de-mexico","tag-guerra-del-golfo-persico","tag-lazaro-cardenas","tag-nicolas-ii-abdicacion"],"_links":{"self":[{"href":"https:\/\/losperiodistas.com.mx\/portal\/wp-json\/wp\/v2\/posts\/22184","targetHints":{"allow":["GET"]}}],"collection":[{"href":"https:\/\/losperiodistas.com.mx\/portal\/wp-json\/wp\/v2\/posts"}],"about":[{"href":"https:\/\/losperiodistas.com.mx\/portal\/wp-json\/wp\/v2\/types\/post"}],"author":[{"embeddable":true,"href":"https:\/\/losperiodistas.com.mx\/portal\/wp-json\/wp\/v2\/users\/1"}],"replies":[{"embeddable":true,"href":"https:\/\/losperiodistas.com.mx\/portal\/wp-json\/wp\/v2\/comments?post=22184"}],"version-history":[{"count":1,"href":"https:\/\/losperiodistas.com.mx\/portal\/wp-json\/wp\/v2\/posts\/22184\/revisions"}],"predecessor-version":[{"id":22186,"href":"https:\/\/losperiodistas.com.mx\/portal\/wp-json\/wp\/v2\/posts\/22184\/revisions\/22186"}],"wp:featuredmedia":[{"embeddable":true,"href":"https:\/\/losperiodistas.com.mx\/portal\/wp-json\/wp\/v2\/media\/22185"}],"wp:attachment":[{"href":"https:\/\/losperiodistas.com.mx\/portal\/wp-json\/wp\/v2\/media?parent=22184"}],"wp:term":[{"taxonomy":"category","embeddable":true,"href":"https:\/\/losperiodistas.com.mx\/portal\/wp-json\/wp\/v2\/categories?post=22184"},{"taxonomy":"post_tag","embeddable":true,"href":"https:\/\/losperiodistas.com.mx\/portal\/wp-json\/wp\/v2\/tags?post=22184"}],"curies":[{"name":"wp","href":"https:\/\/api.w.org\/{rel}","templated":true}]}}