{"id":22179,"date":"2022-02-24T14:02:46","date_gmt":"2022-02-24T20:02:46","guid":{"rendered":"http:\/\/losperiodistas.com.mx\/portal\/?p=22179"},"modified":"2022-02-24T14:02:48","modified_gmt":"2022-02-24T20:02:48","slug":"los-lideres-europeos-condenan-las-acciones-de-putin-y-reiteran-su-apoyo-a-ucrania-euronews","status":"publish","type":"post","link":"https:\/\/losperiodistas.com.mx\/portal\/los-lideres-europeos-condenan-las-acciones-de-putin-y-reiteran-su-apoyo-a-ucrania-euronews\/","title":{"rendered":"Los l\u00edderes europeos condenan las acciones de Putin y reiteran su apoyo a Ucrania\u00a0| Euronews"},"content":{"rendered":"\n<figure class=\"wp-block-embed is-type-video is-provider-youtube wp-block-embed-youtube wp-embed-aspect-16-9 wp-has-aspect-ratio\"><div class=\"wp-block-embed__wrapper\">\n<iframe title=\"Los l\u00edderes europeos condenan las acciones de Putin y reiteran su apoyo a Ucrania\" width=\"500\" height=\"281\" src=\"https:\/\/www.youtube.com\/embed\/Cjg1ke2jMME?feature=oembed\" frameborder=\"0\" allow=\"accelerometer; autoplay; clipboard-write; encrypted-media; gyroscope; picture-in-picture; web-share\" referrerpolicy=\"strict-origin-when-cross-origin\" allowfullscreen><\/iframe>\n<\/div><figcaption><em>Boris Johnson, Emmanuel Macron y Olaf Scholz rechazan las acciones militares de Rusia y amenazan con m\u00e1s sanciones.\u00a0<\/em>\u00a0\u00a0&#8211;\u00a0\u00a0\u00a0Derechos de autor\u00a0\u00a0<a href=\"https:\/\/es.euronews.com\/2022\/02\/24\/los-lideres-europeos-condenan-las-acciones-de-putin-y-reiteran-su-apoyo-a-ucrania#\">AP<\/a><\/figcaption><\/figure>\n\n\n\n<p><\/p>\n\n\n\n<p class=\"has-vivid-cyan-blue-color has-text-color has-medium-font-size\">BLANCA CASTRO \/ EURONEWS<\/p>\n\n\n\n<p>Las reacciones de los l\u00edderes europeos sobre la invasi\u00f3n de Ucrania son contundentes. El presidente franc\u00e9s, Emmanuel Macron, fue uno de los primero en mostrar su solidaridad a Kiev.<\/p>\n\n\n\n<p>\u00abEstaremos del lado de Ucrania sin vacilar y asumiremos todas nuestras responsabilidades para proteger la soberan\u00eda y la seguridad de nuestros aliados europeos. Queridos compatriotas, que los sucesos de anoche sean un punto de inflexi\u00f3n en la historia de Europa y de nuestro pa\u00eds. Tendr\u00e1n a largo plazo, efectos profundos en nuestras vidas, tendr\u00e1n consecuencias en la geopol\u00edtica de nuestro continente pero podremos dar una respuesta unida\u00bb, declar\u00f3 el mandatario.<\/p>\n\n\n\n<ul class=\"wp-block-list\"><li><a href=\"https:\/\/es.euronews.com\/2022\/02\/24\/en-directo-zelenski-llama-a-lideres-mundiales-a-detener-a-putin\">En directo: declaran el toque de queda en Kiev por la guerra con Rusia<\/a><\/li><\/ul>\n\n\n\n<p>El canciller alem\u00e1n, Olaf Scholz, acusa a Vlad\u00edmir Putin de llevar a cabo una guerra personal y sangrienta.<\/p>\n\n\n\n<p>\u00abEste 24 de febrero es un d\u00eda terrible para Ucrania y un d\u00eda oscuro para Europa. Con su ataque a Ucrania, el presidente ruso Vladimir Putin vuelve a infringir descaradamente el derecho internacional. Putin est\u00e1 llevando el sufrimiento y la destrucci\u00f3n a sus vecinos inmediatos\u00bb. Est\u00e1 violando la soberan\u00eda y las fronteras de Ucrania, est\u00e1 poniendo en peligro la vida de innumerables personas inocentes en Ucrania, el pa\u00eds hermano de Rusia. En \u00faltima instancia, tambi\u00e9n est\u00e1 poniendo en tela de juicio la paz de nuestro continente. No hay justificaci\u00f3n para todo esto. Esta es la guerra de Putin\u00bb, conden\u00f3.<\/p>\n\n\n\n<p>En Reino Unido, el primer ministro Boris Johnson, tambi\u00e9n anunci\u00f3 severas sanciones contra Mosc\u00fa y advirti\u00f3 que Europa lleva demasiado tiempo dependiento del suministro energ\u00e9tico ruso.about:blank<\/p>\n\n\n\n<p>\u00abAlineados con nuestros socios, aprobaremos un paquete masivo de sanciones econ\u00f3micas, dise\u00f1adas para debilitar la econom\u00eda rusa. Y para ello tambi\u00e9n deberemos poner fin, colectivamente, a la dependencia del petr\u00f3leo y el gas rusos que durante demasiado tiempo ha dado a Putin su control sobre la pol\u00edtica occidental. Nuestra misi\u00f3n es clara, diplom\u00e1tica, pol\u00edtica, econ\u00f3mica y finalmente militar. Esta horrible y b\u00e1rbara apuesta de Vladimir Putin debe terminar en fracaso\u00bb.<\/p>\n\n\n\n<h2 class=\"wp-block-heading\">M\u00e1s informaci\u00f3n sobre la crisis ucraniana:<\/h2>\n\n\n\n<ul class=\"wp-block-list\"><li><a href=\"https:\/\/es.euronews.com\/2022\/02\/24\/la-otan-culpa-a-rusia-de-acabar-con-la-paz-en-europa-y-promete-defender-a-sus-socios-ante-\">La OTAN culpa a Rusia de acabar con la paz en Europa y promete defender a sus socios ante un ataque<\/a><\/li><li><a href=\"https:\/\/es.euronews.com\/2022\/02\/24\/espana-se-solidariza-con-ucrania-y-coordina-su-respuesta-con-la-ue-y-la-otan\">Espa\u00f1a se solidariza con Ucrania y coordina su respuesta con la UE y la OTAN<\/a><\/li><li><a href=\"https:\/\/es.euronews.com\/2022\/02\/22\/crisis-en-ucrania-los-evacuados-del-donbas-agradecen-el-reconocimiento-de-putin\">Crisis en Ucrania | Los evacuados del Donb\u00e1s agradecen el reconocimiento de Putin<\/a><\/li><li><a href=\"https:\/\/es.euronews.com\/2022\/02\/24\/putin-ha-hecho-lo-correcto-dicen-los-rusos-entrevistados-por-euronews-sobre-ucrania\">\u00abPutin ha hecho lo correcto\u00bb dicen los rusos, entrevistados por Euronews sobre Ucrania<\/a><\/li><\/ul>\n\n\n\n<p>Fuente: https:\/\/es.euronews.com\/2022\/02\/24\/los-lideres-europeos-condenan-las-acciones-de-putin-y-reiteran-su-apoyo-a-ucrania<\/p>\n","protected":false},"excerpt":{"rendered":"<p>BLANCA CASTRO \/ EURONEWS Las reacciones de los l\u00edderes europeos sobre la invasi\u00f3n de Ucrania son contundentes. El presidente franc\u00e9s, [&hellip;]<\/p>\n","protected":false},"author":1,"featured_media":22239,"comment_status":"open","ping_status":"open","sticky":false,"template":"","format":"standard","meta":{"site-sidebar-layout":"default","site-content-layout":"","ast-site-content-layout":"default","site-content-style":"default","site-sidebar-style":"default","ast-global-header-display":"","ast-banner-title-visibility":"","ast-main-header-display":"","ast-hfb-above-header-display":"","ast-hfb-below-header-display":"","ast-hfb-mobile-header-display":"","site-post-title":"","ast-breadcrumbs-content":"","ast-featured-img":"","footer-sml-layout":"","theme-transparent-header-meta":"","adv-header-id-meta":"","stick-header-meta":"","header-above-stick-meta":"","header-main-stick-meta":"","header-below-stick-meta":"","astra-migrate-meta-layouts":"default","ast-page-background-enabled":"default","ast-page-background-meta":{"desktop":{"background-color":"var(--ast-global-color-4)","background-image":"","background-repeat":"repeat","background-position":"center center","background-size":"auto","background-attachment":"scroll","background-type":"","background-media":"","overlay-type":"","overlay-color":"","overlay-opacity":"","overlay-gradient":""},"tablet":{"background-color":"","background-image":"","background-repeat":"repeat","background-position":"center center","background-size":"auto","background-attachment":"scroll","background-type":"","background-media":"","overlay-type":"","overlay-color":"","overlay-opacity":"","overlay-gradient":""},"mobile":{"background-color":"","background-image":"","background-repeat":"repeat","background-position":"center center","background-size":"auto","background-attachment":"scroll","background-type":"","background-media":"","overlay-type":"","overlay-color":"","overlay-opacity":"","overlay-gradient":""}},"ast-content-background-meta":{"desktop":{"background-color":"var(--ast-global-color-5)","background-image":"","background-repeat":"repeat","background-position":"center center","background-size":"auto","background-attachment":"scroll","background-type":"","background-media":"","overlay-type":"","overlay-color":"","overlay-opacity":"","overlay-gradient":""},"tablet":{"background-color":"var(--ast-global-color-5)","background-image":"","background-repeat":"repeat","background-position":"center center","background-size":"auto","background-attachment":"scroll","background-type":"","background-media":"","overlay-type":"","overlay-color":"","overlay-opacity":"","overlay-gradient":""},"mobile":{"background-color":"var(--ast-global-color-5)","background-image":"","background-repeat":"repeat","background-position":"center center","background-size":"auto","background-attachment":"scroll","background-type":"","background-media":"","overlay-type":"","overlay-color":"","overlay-opacity":"","overlay-gradient":""}},"footnotes":""},"categories":[8],"tags":[8074,8073,8075],"class_list":["post-22179","post","type-post","status-publish","format-standard","has-post-thumbnail","hentry","category-noticias","tag-condena-invasion-ucrania","tag-europa","tag-sanciones-a-rusia"],"_links":{"self":[{"href":"https:\/\/losperiodistas.com.mx\/portal\/wp-json\/wp\/v2\/posts\/22179","targetHints":{"allow":["GET"]}}],"collection":[{"href":"https:\/\/losperiodistas.com.mx\/portal\/wp-json\/wp\/v2\/posts"}],"about":[{"href":"https:\/\/losperiodistas.com.mx\/portal\/wp-json\/wp\/v2\/types\/post"}],"author":[{"embeddable":true,"href":"https:\/\/losperiodistas.com.mx\/portal\/wp-json\/wp\/v2\/users\/1"}],"replies":[{"embeddable":true,"href":"https:\/\/losperiodistas.com.mx\/portal\/wp-json\/wp\/v2\/comments?post=22179"}],"version-history":[{"count":1,"href":"https:\/\/losperiodistas.com.mx\/portal\/wp-json\/wp\/v2\/posts\/22179\/revisions"}],"predecessor-version":[{"id":22240,"href":"https:\/\/losperiodistas.com.mx\/portal\/wp-json\/wp\/v2\/posts\/22179\/revisions\/22240"}],"wp:featuredmedia":[{"embeddable":true,"href":"https:\/\/losperiodistas.com.mx\/portal\/wp-json\/wp\/v2\/media\/22239"}],"wp:attachment":[{"href":"https:\/\/losperiodistas.com.mx\/portal\/wp-json\/wp\/v2\/media?parent=22179"}],"wp:term":[{"taxonomy":"category","embeddable":true,"href":"https:\/\/losperiodistas.com.mx\/portal\/wp-json\/wp\/v2\/categories?post=22179"},{"taxonomy":"post_tag","embeddable":true,"href":"https:\/\/losperiodistas.com.mx\/portal\/wp-json\/wp\/v2\/tags?post=22179"}],"curies":[{"name":"wp","href":"https:\/\/api.w.org\/{rel}","templated":true}]}}