{"id":22176,"date":"2022-02-24T03:15:48","date_gmt":"2022-02-24T09:15:48","guid":{"rendered":"http:\/\/losperiodistas.com.mx\/portal\/?p=22176"},"modified":"2022-02-24T03:15:50","modified_gmt":"2022-02-24T09:15:50","slug":"bruselas-condena-el-ataque-barbaro-de-moscu-y-anuncia-mas-sanciones-la-razon","status":"publish","type":"post","link":"https:\/\/losperiodistas.com.mx\/portal\/bruselas-condena-el-ataque-barbaro-de-moscu-y-anuncia-mas-sanciones-la-razon\/","title":{"rendered":"Bruselas condena el \u201cataque b\u00e1rbaro\u201d de Mosc\u00fa y anuncia m\u00e1s sanciones | La Raz\u00f3n"},"content":{"rendered":"\n<p style=\"font-size:18px\"><em>Hoy los jefes de Estado y de Gobierno de los Veintisiete se re\u00fanen de urgencia para aprobar la segunda tanda de castigos<\/em><\/p>\n\n\n\n<p><\/p>\n\n\n\n<figure class=\"wp-block-image size-full\"><img fetchpriority=\"high\" decoding=\"async\" width=\"600\" height=\"400\" src=\"https:\/\/losperiodistas.com.mx\/portal\/wp-content\/uploads\/2022\/02\/C26WKVBTZRB77DESC2RNPCVEV4.webp\" alt=\"\" class=\"wp-image-22177\" srcset=\"https:\/\/losperiodistas.com.mx\/portal\/wp-content\/uploads\/2022\/02\/C26WKVBTZRB77DESC2RNPCVEV4.webp 600w, https:\/\/losperiodistas.com.mx\/portal\/wp-content\/uploads\/2022\/02\/C26WKVBTZRB77DESC2RNPCVEV4-300x200.webp 300w\" sizes=\"(max-width: 600px) 100vw, 600px\" \/><figcaption><strong>La presidenta de la Comisi\u00f3n Europea Ursula von der Leyen<\/strong>\u00a0FOTO:\u00a0POOL\u00a0REUTERS<\/figcaption><\/figure>\n\n\n\n<p class=\"has-vivid-cyan-blue-color has-text-color has-medium-font-size\">MIRENTXU ARROQUI \/ Bruselas \/ LA RAZ\u00d3N<\/p>\n\n\n\n<p>Los l\u00edderes europeos se han apresurado hoy a condenar la invasi\u00f3n a&nbsp;<strong>Ucrania&nbsp;<\/strong>y han avisado a&nbsp;<strong>Vladimir Putin<\/strong>&nbsp;de que est\u00e1n listos para aprobar el mayor paquete de sanciones conocido hasta la fecha.&nbsp;<strong>\u201cCondenamos este ataque b\u00e1rbaro y los argumentos c\u00ednicos usados para justificarlo\u201d,<\/strong>&nbsp;ha asegurado la presidenta de la Comisi\u00f3n Europea,<strong>&nbsp;Ursula von der Leyen<\/strong>&nbsp;en una comparecencia conjunta justo a Josep Borrell, el m\u00e1ximo representante de la diplomacia comunitaria.<\/p>\n\n\n\n<h3 class=\"wp-block-heading\">Noticias relacionadas<\/h3>\n\n\n\n<ul class=\"wp-block-list\"><li><a href=\"https:\/\/www.larazon.es\/internacional\/20220224\/oiab5mcclvf47ppme24hpllszm.html\">Los frentes.&nbsp;Las tropas rusas entran en Ucrania por Crimea mientras soldados de Bielorrusia se suman al ataque<\/a><\/li><li><a href=\"https:\/\/www.larazon.es\/internacional\/20220224\/tfoi2a676vcnbdomyjfvytnqpa.html\">En guerra.&nbsp;Putin apoya la autodeterminaci\u00f3n de los pueblos y \u201cdesnazificar\u201d Ucrania en su discurso para iniciar la guerra<\/a><\/li><\/ul>\n\n\n\n<p>Antes de que se produjera el ataque y, ante la gravedad de la situaci\u00f3n, el presidente del Consejo, Charles Michel, convoc\u00f3 para hoy una reuni\u00f3n de urgencia de los jefes de Estado y de Gobierno de los Veintisiete que comenzar\u00e1 a las ocho de la tarde.&nbsp;<strong>Von der Leyen&nbsp;<\/strong>acaba de confirmar que en esta cita la Comisi\u00f3n Europea presentar\u00e1 un \u201cpaquete masivo\u201d que tiene como objetivo golpear al r\u00e9gimen ruso d\u00f3nde m\u00e1s le duele, ya que est\u00e1 dise\u00f1ado para que Putin no pueda financiar la guerra que acaba de declarar a Ucrania.<\/p>\n\n\n\n<p>Seg\u00fan ha explicado la presidenta del Ejecutivo comunitario, las sanciones pretenden poner contra las cuerdas al r\u00e9gimen al atacar sectores estrat\u00e9gicos de la econom\u00eda Rusia y prohibir el acceso de las entidades rusas a los bancos europeos. \u201cNo dejaremos que el presidente Putin derribe la arquitectura de seguridad europea\u201d, ha asegurado la pol\u00edtica alemana.<\/p>\n\n\n\n<p>Ayer las canciller\u00edas europeas aprobaron un primer paquete de sanciones que incluye al ministro de Defensa, Sergei Shoigu; la portavoz de Exteriores, Mar\u00eda Zakharova; el jefe de gabinete de Vladimir Putin ,&nbsp;<strong>Anton Vaino&nbsp;<\/strong>y altos mandos militares y el aparato de propaganda del Kremlin, pero dejan fuera de este listado al propio presidente ruso y a su ministro de Exteriores, Sergei Lavrov.<\/p>\n\n\n\n<p>Adem\u00e1s,<strong>&nbsp;esta primera bater\u00eda de castigos abarca a tres bancos rusos Rossiya Bank, Promsvyazbank y VEB y e introduce restricciones al comercio con las provincias rebeldes prorrusas&nbsp;<\/strong>de Donetsk y Luhansk cuya autroproclamada independencia fue reconocida por Putin como preludio a la guerra.<\/p>\n\n\n\n<p>Asimismo, seg\u00fan ha explicado Borrell,&nbsp;<strong>la cumbre de hoy tambi\u00e9n servir\u00e1 para dise\u00f1ar medidas de asistencia a Ucrania<\/strong>&nbsp;y preparar la evacuaci\u00f3n de civiles, incluida la plantilla de las instituciones europeas en la zona.<\/p>\n\n\n\n<p><strong>Borrell ha subrayado los \u201cesfuerzos sin precedentes<\/strong>\u201d realizados estas semanas para evitar la contienda que no han sido respondidos de manera rec\u00edproca por Rusia.<\/p>\n\n\n\n<p>Fuente: https:\/\/www.larazon.es\/internacional\/20220224\/fhzsn5rb7fftxhr3zx2il634hu.html<\/p>\n","protected":false},"excerpt":{"rendered":"<p>Hoy los jefes de Estado y de Gobierno de los Veintisiete se re\u00fanen de urgencia para aprobar la segunda tanda [&hellip;]<\/p>\n","protected":false},"author":1,"featured_media":22177,"comment_status":"open","ping_status":"open","sticky":false,"template":"","format":"standard","meta":{"site-sidebar-layout":"default","site-content-layout":"","ast-site-content-layout":"default","site-content-style":"default","site-sidebar-style":"default","ast-global-header-display":"","ast-banner-title-visibility":"","ast-main-header-display":"","ast-hfb-above-header-display":"","ast-hfb-below-header-display":"","ast-hfb-mobile-header-display":"","site-post-title":"","ast-breadcrumbs-content":"","ast-featured-img":"","footer-sml-layout":"","theme-transparent-header-meta":"","adv-header-id-meta":"","stick-header-meta":"","header-above-stick-meta":"","header-main-stick-meta":"","header-below-stick-meta":"","astra-migrate-meta-layouts":"default","ast-page-background-enabled":"default","ast-page-background-meta":{"desktop":{"background-color":"var(--ast-global-color-4)","background-image":"","background-repeat":"repeat","background-position":"center center","background-size":"auto","background-attachment":"scroll","background-type":"","background-media":"","overlay-type":"","overlay-color":"","overlay-opacity":"","overlay-gradient":""},"tablet":{"background-color":"","background-image":"","background-repeat":"repeat","background-position":"center center","background-size":"auto","background-attachment":"scroll","background-type":"","background-media":"","overlay-type":"","overlay-color":"","overlay-opacity":"","overlay-gradient":""},"mobile":{"background-color":"","background-image":"","background-repeat":"repeat","background-position":"center center","background-size":"auto","background-attachment":"scroll","background-type":"","background-media":"","overlay-type":"","overlay-color":"","overlay-opacity":"","overlay-gradient":""}},"ast-content-background-meta":{"desktop":{"background-color":"var(--ast-global-color-5)","background-image":"","background-repeat":"repeat","background-position":"center center","background-size":"auto","background-attachment":"scroll","background-type":"","background-media":"","overlay-type":"","overlay-color":"","overlay-opacity":"","overlay-gradient":""},"tablet":{"background-color":"var(--ast-global-color-5)","background-image":"","background-repeat":"repeat","background-position":"center center","background-size":"auto","background-attachment":"scroll","background-type":"","background-media":"","overlay-type":"","overlay-color":"","overlay-opacity":"","overlay-gradient":""},"mobile":{"background-color":"var(--ast-global-color-5)","background-image":"","background-repeat":"repeat","background-position":"center center","background-size":"auto","background-attachment":"scroll","background-type":"","background-media":"","overlay-type":"","overlay-color":"","overlay-opacity":"","overlay-gradient":""}},"footnotes":""},"categories":[8],"tags":[2207,2231,6232,2697],"class_list":["post-22176","post","type-post","status-publish","format-standard","has-post-thumbnail","hentry","category-noticias","tag-comision-europea","tag-rusia","tag-ucrania","tag-ursula-von-der-leyen"],"_links":{"self":[{"href":"https:\/\/losperiodistas.com.mx\/portal\/wp-json\/wp\/v2\/posts\/22176","targetHints":{"allow":["GET"]}}],"collection":[{"href":"https:\/\/losperiodistas.com.mx\/portal\/wp-json\/wp\/v2\/posts"}],"about":[{"href":"https:\/\/losperiodistas.com.mx\/portal\/wp-json\/wp\/v2\/types\/post"}],"author":[{"embeddable":true,"href":"https:\/\/losperiodistas.com.mx\/portal\/wp-json\/wp\/v2\/users\/1"}],"replies":[{"embeddable":true,"href":"https:\/\/losperiodistas.com.mx\/portal\/wp-json\/wp\/v2\/comments?post=22176"}],"version-history":[{"count":1,"href":"https:\/\/losperiodistas.com.mx\/portal\/wp-json\/wp\/v2\/posts\/22176\/revisions"}],"predecessor-version":[{"id":22178,"href":"https:\/\/losperiodistas.com.mx\/portal\/wp-json\/wp\/v2\/posts\/22176\/revisions\/22178"}],"wp:featuredmedia":[{"embeddable":true,"href":"https:\/\/losperiodistas.com.mx\/portal\/wp-json\/wp\/v2\/media\/22177"}],"wp:attachment":[{"href":"https:\/\/losperiodistas.com.mx\/portal\/wp-json\/wp\/v2\/media?parent=22176"}],"wp:term":[{"taxonomy":"category","embeddable":true,"href":"https:\/\/losperiodistas.com.mx\/portal\/wp-json\/wp\/v2\/categories?post=22176"},{"taxonomy":"post_tag","embeddable":true,"href":"https:\/\/losperiodistas.com.mx\/portal\/wp-json\/wp\/v2\/tags?post=22176"}],"curies":[{"name":"wp","href":"https:\/\/api.w.org\/{rel}","templated":true}]}}