{"id":22169,"date":"2022-02-24T02:57:14","date_gmt":"2022-02-24T08:57:14","guid":{"rendered":"http:\/\/losperiodistas.com.mx\/portal\/?p=22169"},"modified":"2022-02-24T02:57:18","modified_gmt":"2022-02-24T08:57:18","slug":"rusia-y-ucrania-ultima-hora-de-la-guerra-en-directo-ucrania-pide-ayuda-a-la-comunidad-internacional-y-exige-aislar-a-rusia-el-pais","status":"publish","type":"post","link":"https:\/\/losperiodistas.com.mx\/portal\/rusia-y-ucrania-ultima-hora-de-la-guerra-en-directo-ucrania-pide-ayuda-a-la-comunidad-internacional-y-exige-aislar-a-rusia-el-pais\/","title":{"rendered":"Rusia y Ucrania: \u00faltima hora de la guerra, en directo | Ucrania pide ayuda a la comunidad internacional y exige aislar a Rusia | El Pa\u00eds"},"content":{"rendered":"\n<p style=\"font-size:18px\"><em>Al menos 8 personas han muerto tras los ataques, seg\u00fan Kiev | Ucrania afirma que numerosas localidades de todo el pa\u00eds est\u00e1n bajo ataque | Putin anuncia de madrugada una operaci\u00f3n militar en el Donb\u00e1s | La UE condena la agresi\u00f3n | La OTAN se re\u00fane de urgencia<\/em><\/p>\n\n\n\n<figure class=\"wp-block-image size-large\"><img fetchpriority=\"high\" decoding=\"async\" width=\"1024\" height=\"581\" src=\"https:\/\/losperiodistas.com.mx\/portal\/wp-content\/uploads\/2022\/02\/Captura-de-Pantalla-2022-02-24-a-las-2.41.25-1024x581.jpg\" alt=\"\" class=\"wp-image-22170\" srcset=\"https:\/\/losperiodistas.com.mx\/portal\/wp-content\/uploads\/2022\/02\/Captura-de-Pantalla-2022-02-24-a-las-2.41.25-1024x581.jpg 1024w, https:\/\/losperiodistas.com.mx\/portal\/wp-content\/uploads\/2022\/02\/Captura-de-Pantalla-2022-02-24-a-las-2.41.25-300x170.jpg 300w, https:\/\/losperiodistas.com.mx\/portal\/wp-content\/uploads\/2022\/02\/Captura-de-Pantalla-2022-02-24-a-las-2.41.25-768x436.jpg 768w, https:\/\/losperiodistas.com.mx\/portal\/wp-content\/uploads\/2022\/02\/Captura-de-Pantalla-2022-02-24-a-las-2.41.25-1536x872.jpg 1536w, https:\/\/losperiodistas.com.mx\/portal\/wp-content\/uploads\/2022\/02\/Captura-de-Pantalla-2022-02-24-a-las-2.41.25-2048x1163.jpg 2048w\" sizes=\"(max-width: 1024px) 100vw, 1024px\" \/><figcaption>Video EVP<\/figcaption><\/figure>\n\n\n\n<p><a href=\"https:\/\/elpais.com\/internacional\/2022-02-24\/rusia-ataca-ucrania-ultima-hora-del-conflicto-en-directo.html?autoplay=1 \">https:\/\/elpais.com\/internacional\/2022-02-24\/rusia-ataca-ucrania-ultima-hora-del-conflicto-en-directo.html?autoplay=1 <\/a><\/p>\n\n\n\n<p class=\"has-vivid-cyan-blue-color has-text-color has-medium-font-size\">EL PA\u00cdS<\/p>\n\n\n\n<p>Rusia ha atacado esta madrugada a Ucrania. El presidente ruso, Vlad\u00edmir Putin,\u00a0<a href=\"https:\/\/elpais.com\/internacional\/2022-02-24\/putin-ordena-una-operacion-militar-en-ucrania.html\" target=\"_blank\" rel=\"noreferrer noopener\">ha anunciado de madrugada una operaci\u00f3n militar especial en la regi\u00f3n separatista del Donb\u00e1s<\/a>, informa la enviada especial\u00a0<strong>Mar\u00eda Sahuquillo<\/strong>\u00a0desde Avdiivka, en el este de Ucrania. \u201cEl objetivo de la operaci\u00f3n es proteger a las personas\u201d, ha justificado el mandatario en un mensaje a la naci\u00f3n. Apenas unos minutos despu\u00e9s del discurso, varias ciudades del este del pa\u00eds, desde Sloviansk y Kramatorsk a J\u00e1rkov, a 30 kil\u00f3metros de la frontera rusa, fueron atacadas. Tambi\u00e9n se han escuchado explosiones en Kiev, la capital, y las fuerzas rusas han cruzado la frontera en otros puntos del pa\u00eds. Al menos 8 personas han muerto tras los ataques, seg\u00fan Kiev. La ofensiva, lanzada contra hasta diez regiones, ha procedido desde territorio ruso pero tambi\u00e9n desde Bielorrusia. El Gobierno de Ucrania ha reclamado ayuda financiera y humanitaria a la comunidad internacional, y ha exigido \u201csanciones devastadoras\u201d y \u201caislar por todos los medios y formatos\u201d a Rusia. Desde la Uni\u00f3n Europea, la presidenta de la Comisi\u00f3n, Ursula von der Leyen, y el presidente del Consejo, Charles Michel, han exigido a Putin que cese las hostilidades, mientras que el jefe de la diplomacia comunitaria, Josep Borrell, ha anunciado \u201cun nuevo paquete\u201d de sanciones contra Rusia. Los presidentes y primeros ministros de los 27 han condenado la agresi\u00f3n rusa, entre ellos Pedro S\u00e1nchez. Hungr\u00eda, miembro de la UE, ha defendido la soberan\u00eda ucrania, pero ha evitado una condena expl\u00edcita a Rusia. La OTAN, por otro lado, tiene prevista una reuni\u00f3n de urgencia este jueves. Tres de sus miembros, Letonia, Estonia y Lituania, han reclamado a la Alianza \u201cestar preparados ante una impredecible ola migratoria, ciberataques y campa\u00f1a de desinformaci\u00f3n por parte rusa\u201d. <\/p>\n\n\n\n<figure class=\"wp-block-embed is-type-rich is-provider-gestor-del-servicio wp-block-embed-gestor-del-servicio\"><div class=\"wp-block-embed__wrapper\">\nhttps:\/\/youtube.com\/watch?v=bkaSzylayqM%3Ffeature%3Doembed\n<\/div><\/figure>\n\n\n\n<ul class=\"wp-block-list\"><li><a href=\"https:\/\/elpais.com\/internacional\/2022-02-24\/putin-ordena-una-operacion-militar-en-ucrania.html\" target=\"_blank\" rel=\"noreferrer noopener\">Rusia ataca Ucrania<\/a><\/li><li><a href=\"https:\/\/elpais.com\/internacional\/2022-02-22\/fechas-clave-del-conflicto-entre-rusia-y-ucrania-cuando-y-como-empezo.html\" target=\"_blank\" rel=\"noreferrer noopener\">Fechas clave del conflicto entre Rusia y Ucrania: cu\u00e1ndo y c\u00f3mo empez\u00f3<\/a><\/li><li><a href=\"https:\/\/elpais.com\/internacional\/2022-02-22\/donbas-en-mapas-las-razones-del-conflicto.html\" target=\"_blank\" rel=\"noreferrer noopener\">El Donb\u00e1s en mapas: las razones del conflicto<\/a><\/li><\/ul>\n\n\n\n<figure class=\"wp-block-image\"><img decoding=\"async\" src=\"https:\/\/ep00.epimg.net\/miperfil\/avatares\/8\/45\/el_pais.jpg\" alt=\"EL PA\u00cdS\"\/><\/figure>\n\n\n\n<figure class=\"wp-block-image\"><img decoding=\"async\" src=\"https:\/\/skp00.epimg.net\/Imagenes\/AF\/89\/1645691532-a661b55acd2c860f430cb20be023bdd2.jpg\" alt=\"\"\/><\/figure>\n\n\n\n<h3 class=\"wp-block-heading\"><a href=\"http:\/\/cort.as\/-YtF1\" target=\"_blank\" rel=\"noreferrer noopener\">Las bolsas europeas abren con p\u00e9rdidas masivas por el ataque de Rusia a Ucrania<\/a><\/h3>\n\n\n\n<p>Los ataques de Rusia al este y sur de Ucrania ha provocado el desplome de las bolsas europeas. El presidente ruso, Vladimir Putin, ha cruzado un l\u00edmite al que los analistas no cre\u00edan que llegara y cada paso que da se acerca al peor escenario que preve\u00edan. Eso se ha traducido en p\u00e9rdidas masivas en los principales mercados de valores europeos, cuyos futuros arrojan abultados n\u00fameros rojos, de m\u00e1s del 4%, mientras que el precio del petr\u00f3leo se dispara y el barril de Brent supera los 100 d\u00f3lares.&nbsp;El Ibex abr\u00eda con p\u00e9rdidas del 4,22%, hasta los 8.077, situ\u00e1ndose de nuevo en m\u00ednimos este a\u00f1o. Se trata del mayor retroceso desde junio de 2020, en plena pandemia, cuando el selectivo espa\u00f1ol cerr\u00f3 con un retroceso del 5,04%. Informa&nbsp;<strong>Llu\u00eds Pellicer.<\/strong><\/p>\n\n\n\n<p><a href=\"http:\/\/cort.as\/-YtF1\" target=\"_blank\" rel=\"noreferrer noopener\"><strong>Lea aqu\u00ed la pieza completa.<\/strong><\/a>02:32<a href=\"https:\/\/web.whatsapp.com\/send?text=Rusia%20y%20Ucrania%3A%20%C3%BAltima%20hora%20de%20la%20guerra%2C%20en%20directo%20%7C%20Ucrania%20pide%20ayuda%20a%20la%20comunidad%20internacional%20y%20exige%20aislar%20a%20Rusia%0D%0A%0D%0Ahttps%3A%2F%2Felpais.com%2Finternacional%2F2022-02-24%2Frusia-ataca-ucrania-ultima-hora-del-conflicto-en-directo.html%231645691532-a661b55acd2c860f430cb20be023bdd2%230%23414%3Fssm=whatsapp\" target=\"_blank\" rel=\"noreferrer noopener\"><\/a><a href=\"https:\/\/www.facebook.com\/dialog\/share?display=popup&amp;app_id=94039431626&amp;href=https%3A%2F%2Felpais.com%2Finternacional%2F2022-02-24%2Frusia-ataca-ucrania-ultima-hora-del-conflicto-en-directo.html%231645691532-a661b55acd2c860f430cb20be023bdd2%230%23414%3Fssm=FB_CC&amp;quote=Rusia%20y%20Ucrania%3A%20%C3%BAltima%20hora%20de%20la%20guerra%2C%20en%20directo%20%7C%20Ucrania%20pide%20ayuda%20a%20la%20comunidad%20internacional%20y%20exige%20aislar%20a%20Rusia\" target=\"_blank\" rel=\"noreferrer noopener\"><\/a><a href=\"https:\/\/twitter.com\/intent\/tweet?url=https%3A%2F%2Felpais.com%2Finternacional%2F2022-02-24%2Frusia-ataca-ucrania-ultima-hora-del-conflicto-en-directo.html%231645691532-a661b55acd2c860f430cb20be023bdd2%230%23414%3Fssm=TW_CC&amp;text=Rusia%20y%20Ucrania%3A%20%C3%BAltima%20hora%20de%20la%20guerra%2C%20en%20directo%20%7C%20Ucrania%20pide%20ayuda%20a%20la%20comunidad%20internacional%20y%20exige%20aislar%20a%20Rusia&amp;via=el_pais&amp;lang=es\" target=\"_blank\" rel=\"noreferrer noopener\"><\/a><a href=\"https:\/\/elpais.com\/internacional\/2022-02-24\/rusia-ataca-ucrania-ultima-hora-del-conflicto-en-directo.html#1645691532-a661b55acd2c860f430cb20be023bdd2#0#414#?prm=copy_link\"><\/a><\/p>\n\n\n\n<figure class=\"wp-block-image\"><img decoding=\"async\" src=\"https:\/\/ep00.epimg.net\/miperfil\/avatares\/8\/45\/el_pais.jpg\" alt=\"EL PA\u00cdS\"\/><\/figure>\n\n\n\n<h3 class=\"wp-block-heading\">Ucrania confirma que las tropas rusas est\u00e1n penetrando por&nbsp;el norte del pa\u00eds y que utilizan artiller\u00eda<\/h3>\n\n\n\n<p>El Gobierno ucranio ha confirmado este jueves en una nota oficial que las tropas rusas est\u00e1n penetrando tambi\u00e9n por las fronteras del noreste del pa\u00eds, en concreto por la regi\u00f3n de Chernihiv, aleda\u00f1a a&nbsp;Bielorrusia. El comunicado no precisa, sin embargo, si los militares&nbsp;han penetrado en su territorio desde ese pa\u00eds aliado de Rusia&nbsp;-donde el Kremlin mantiene 30.000 tropas-, o bien desde territorio ruso. El texto s\u00ed&nbsp;menciona un paso fronterizo, Senkivka, situado justo en el v\u00e9rtice entre los tres pa\u00edses, Ucrania, Rusia y Bielorrusia.&nbsp;<\/p>\n\n\n\n<p>\u00abEquipos militares rusos, incluidos veh\u00edculos blindados, han violado&nbsp;la frontera estatal en las regiones de Chernihiv [noreste], Sumy [este], Lugansk [este, en la regi\u00f3n del Donb\u00e1s]&nbsp;y Kharkiv[este]. &nbsp;En particular, en la regi\u00f3n de Chernihiv, los veh\u00edculos enemigos pasaron por los puestos de control [fronterizos]&nbsp;de Senkivka y Gremyach y en otras direcciones. &nbsp;El movimiento de columnas tambi\u00e9n tuvo lugar a trav\u00e9s del puesto de control de Budarka en la regi\u00f3n de Kharkiv y en direcci\u00f3n al puesto de control de Milove en la regi\u00f3n de Lugansk&nbsp;\u00ab, precisa el comunicado oficial.&nbsp;<\/p>\n\n\n\n<p>La \u00abofensiva de las tropas rusas a trav\u00e9s de la frontera estatal est\u00e1 precedida por el fuego de artiller\u00eda, antes del traslado de equipamiento militar\u00bb, recalca tambi\u00e9n el texto.<\/p>\n\n\n\n<p>Las autoridades ucranias han se\u00f1alado a su vez que \u00abla&nbsp;mayor\u00eda de las unidades y patrullas fronterizas y las patrullas&nbsp;de las provincias de Lugansk, Sumy, Kharkiv, Chernihiv y Zhytomyr han sido&nbsp;atacadas\u00bb y que \u00abvarios militares de las guardias fronteriza&nbsp;resultaron heridos\u00bb.<\/p>\n\n\n\n<p>La nota del Gobierno ucranio&nbsp;concluye afirmando que miembros de la guardia fronteriza del pa\u00eds \u00abjunto con las Fuerzas Armadas\u00bb, est\u00e1n tomando \u00abtodas las medidas para detener al enemigo\u00bb, en alusi\u00f3n a las tropas rusas.<\/p>\n\n\n\n<p>Informa&nbsp;<strong>Mar\u00eda Sahuquillo<\/strong>02:21<a href=\"https:\/\/web.whatsapp.com\/send?text=Rusia%20y%20Ucrania%3A%20%C3%BAltima%20hora%20de%20la%20guerra%2C%20en%20directo%20%7C%20Ucrania%20pide%20ayuda%20a%20la%20comunidad%20internacional%20y%20exige%20aislar%20a%20Rusia%0D%0A%0D%0Ahttps%3A%2F%2Felpais.com%2Finternacional%2F2022-02-24%2Frusia-ataca-ucrania-ultima-hora-del-conflicto-en-directo.html%231645690885-e6eb48433239a7834d413f1e8695b7ff%231%23414%3Fssm=whatsapp\" target=\"_blank\" rel=\"noreferrer noopener\"><\/a><a href=\"https:\/\/www.facebook.com\/dialog\/share?display=popup&amp;app_id=94039431626&amp;href=https%3A%2F%2Felpais.com%2Finternacional%2F2022-02-24%2Frusia-ataca-ucrania-ultima-hora-del-conflicto-en-directo.html%231645690885-e6eb48433239a7834d413f1e8695b7ff%231%23414%3Fssm=FB_CC&amp;quote=Rusia%20y%20Ucrania%3A%20%C3%BAltima%20hora%20de%20la%20guerra%2C%20en%20directo%20%7C%20Ucrania%20pide%20ayuda%20a%20la%20comunidad%20internacional%20y%20exige%20aislar%20a%20Rusia\" target=\"_blank\" rel=\"noreferrer noopener\"><\/a><a href=\"https:\/\/twitter.com\/intent\/tweet?url=https%3A%2F%2Felpais.com%2Finternacional%2F2022-02-24%2Frusia-ataca-ucrania-ultima-hora-del-conflicto-en-directo.html%231645690885-e6eb48433239a7834d413f1e8695b7ff%231%23414%3Fssm=TW_CC&amp;text=Rusia%20y%20Ucrania%3A%20%C3%BAltima%20hora%20de%20la%20guerra%2C%20en%20directo%20%7C%20Ucrania%20pide%20ayuda%20a%20la%20comunidad%20internacional%20y%20exige%20aislar%20a%20Rusia&amp;via=el_pais&amp;lang=es\" target=\"_blank\" rel=\"noreferrer noopener\"><\/a><a href=\"https:\/\/elpais.com\/internacional\/2022-02-24\/rusia-ataca-ucrania-ultima-hora-del-conflicto-en-directo.html#1645690885-e6eb48433239a7834d413f1e8695b7ff#1#414#?prm=copy_link\"><\/a><\/p>\n\n\n\n<figure class=\"wp-block-image\"><img decoding=\"async\" src=\"https:\/\/ep00.epimg.net\/miperfil\/avatares\/8\/45\/el_pais.jpg\" alt=\"EL PA\u00cdS\"\/><\/figure>\n\n\n\n<h3 class=\"wp-block-heading\">Hungr\u00eda defiende la soberan\u00eda de Ucrania pero no condena el ataque ruso<\/h3>\n\n\n\n<p>El Gobierno de Hungr\u00eda, un pa\u00eds que forma parte de la UE, ha afirmado este jueves que \u00abla guerra es el peor escenario posible\u00bb y mostr\u00f3 su apoyo a la soberan\u00eda de Ucrania, aunque sin condenar expl\u00edcitamente el ataque lanzado por Rusia contra ese pa\u00eds. \u00abLa guerra es el peor escenario posible\u00bb, ha dicho el ministro de Exteriores h\u00fangaro, P\u00e9ter Szijj\u00e1rt\u00f3, en un v\u00eddeo publicado en la red social Facebook.<\/p>\n\n\n\n<p>Szijj\u00e1rt\u00f3 ha reiterado que su pa\u00eds forma parte de todas las negociaciones con sus aliados para dar una respuesta coordinada y ha pedido que todos los ciudadanos h\u00fangaros que actualmente permanecen en Ucrania se pongan en contacto con el consulado h\u00fangaro. El primer ministro h\u00fangaro, Viktor Orb\u00e1n, asegur\u00f3 ayer que \u00abde ninguna manera enviar\u00e1 armas y soldados a Ucrania\u00bb y que Hungr\u00eda debe mantenerse al margen del conflicto armado. Orb\u00e1n dijo que el Ej\u00e9rcito h\u00fangaro debe prepararse para que, en caso dado y si llegan refugiados, en colaboraci\u00f3n con la Polic\u00eda, gestione esa situaci\u00f3n. Las relaciones entre los dos pa\u00edses son tensas, ya que Budapest critica a Kiev por limitar los derechos de las minor\u00edas \u00e9tnicas, entre ellas la magiar de 150.000 personas, mientras que Ucrania acusa a Hungr\u00eda de apoyar las pol\u00edticas de Rusia. (Efe)02:16<a href=\"https:\/\/web.whatsapp.com\/send?text=Rusia%20y%20Ucrania%3A%20%C3%BAltima%20hora%20de%20la%20guerra%2C%20en%20directo%20%7C%20Ucrania%20pide%20ayuda%20a%20la%20comunidad%20internacional%20y%20exige%20aislar%20a%20Rusia%0D%0A%0D%0Ahttps%3A%2F%2Felpais.com%2Finternacional%2F2022-02-24%2Frusia-ataca-ucrania-ultima-hora-del-conflicto-en-directo.html%231645690581-44190dc1db836d904d665e5ab1b89b4b%232%23414%3Fssm=whatsapp\" target=\"_blank\" rel=\"noreferrer noopener\"><\/a><a href=\"https:\/\/www.facebook.com\/dialog\/share?display=popup&amp;app_id=94039431626&amp;href=https%3A%2F%2Felpais.com%2Finternacional%2F2022-02-24%2Frusia-ataca-ucrania-ultima-hora-del-conflicto-en-directo.html%231645690581-44190dc1db836d904d665e5ab1b89b4b%232%23414%3Fssm=FB_CC&amp;quote=Rusia%20y%20Ucrania%3A%20%C3%BAltima%20hora%20de%20la%20guerra%2C%20en%20directo%20%7C%20Ucrania%20pide%20ayuda%20a%20la%20comunidad%20internacional%20y%20exige%20aislar%20a%20Rusia\" target=\"_blank\" rel=\"noreferrer noopener\"><\/a><a href=\"https:\/\/twitter.com\/intent\/tweet?url=https%3A%2F%2Felpais.com%2Finternacional%2F2022-02-24%2Frusia-ataca-ucrania-ultima-hora-del-conflicto-en-directo.html%231645690581-44190dc1db836d904d665e5ab1b89b4b%232%23414%3Fssm=TW_CC&amp;text=Rusia%20y%20Ucrania%3A%20%C3%BAltima%20hora%20de%20la%20guerra%2C%20en%20directo%20%7C%20Ucrania%20pide%20ayuda%20a%20la%20comunidad%20internacional%20y%20exige%20aislar%20a%20Rusia&amp;via=el_pais&amp;lang=es\" target=\"_blank\" rel=\"noreferrer noopener\"><\/a><a href=\"https:\/\/elpais.com\/internacional\/2022-02-24\/rusia-ataca-ucrania-ultima-hora-del-conflicto-en-directo.html#1645690581-44190dc1db836d904d665e5ab1b89b4b#2#414#?prm=copy_link\"><\/a><\/p>\n\n\n\n<figure class=\"wp-block-image\"><img decoding=\"async\" src=\"https:\/\/ep00.epimg.net\/miperfil\/avatares\/8\/45\/el_pais.jpg\" alt=\"EL PA\u00cdS\"\/><\/figure>\n\n\n\n<h3 class=\"wp-block-heading\">Al menos ocho muertos y una decena de heridos en la invasi\u00f3n rusa en Ucrania<\/h3>\n\n\n\n<p>Ucrania ha informado de al menos ocho muertos y una decena de heridos en las primeras horas de la invasi\u00f3n rusa al pa\u00eds, seg\u00fan el asesor del ministerio del Interior, Ant\u00f3n Gueraschenko. \u00abUna mujer y un ni\u00f1o resultaron heridos en la regi\u00f3n de Konopot, donde ardi\u00f3 un auto. En la ciudad de Podolsk de la regi\u00f3n de Odesa, siete muertos, siete heridos y 19 desaparecidos a consecuencia de un bombardeo. En la ciudad de Mari\u00fapol, regi\u00f3n de Donetsk, hay un muerto y dos heridos\u00bb, ha informado en su canal de Telegram. (Reuters y Efe)02:10<a href=\"https:\/\/web.whatsapp.com\/send?text=Rusia%20y%20Ucrania%3A%20%C3%BAltima%20hora%20de%20la%20guerra%2C%20en%20directo%20%7C%20Ucrania%20pide%20ayuda%20a%20la%20comunidad%20internacional%20y%20exige%20aislar%20a%20Rusia%0D%0A%0D%0Ahttps%3A%2F%2Felpais.com%2Finternacional%2F2022-02-24%2Frusia-ataca-ucrania-ultima-hora-del-conflicto-en-directo.html%231645690223-ea15a2ba6d7b69ddcf0949057c4f75fc%233%23414%3Fssm=whatsapp\" target=\"_blank\" rel=\"noreferrer noopener\"><\/a><a href=\"https:\/\/www.facebook.com\/dialog\/share?display=popup&amp;app_id=94039431626&amp;href=https%3A%2F%2Felpais.com%2Finternacional%2F2022-02-24%2Frusia-ataca-ucrania-ultima-hora-del-conflicto-en-directo.html%231645690223-ea15a2ba6d7b69ddcf0949057c4f75fc%233%23414%3Fssm=FB_CC&amp;quote=Rusia%20y%20Ucrania%3A%20%C3%BAltima%20hora%20de%20la%20guerra%2C%20en%20directo%20%7C%20Ucrania%20pide%20ayuda%20a%20la%20comunidad%20internacional%20y%20exige%20aislar%20a%20Rusia\" target=\"_blank\" rel=\"noreferrer noopener\"><\/a><a href=\"https:\/\/twitter.com\/intent\/tweet?url=https%3A%2F%2Felpais.com%2Finternacional%2F2022-02-24%2Frusia-ataca-ucrania-ultima-hora-del-conflicto-en-directo.html%231645690223-ea15a2ba6d7b69ddcf0949057c4f75fc%233%23414%3Fssm=TW_CC&amp;text=Rusia%20y%20Ucrania%3A%20%C3%BAltima%20hora%20de%20la%20guerra%2C%20en%20directo%20%7C%20Ucrania%20pide%20ayuda%20a%20la%20comunidad%20internacional%20y%20exige%20aislar%20a%20Rusia&amp;via=el_pais&amp;lang=es\" target=\"_blank\" rel=\"noreferrer noopener\"><\/a><a href=\"https:\/\/elpais.com\/internacional\/2022-02-24\/rusia-ataca-ucrania-ultima-hora-del-conflicto-en-directo.html#1645690223-ea15a2ba6d7b69ddcf0949057c4f75fc#3#414#?prm=copy_link\"><\/a><\/p>\n\n\n\n<figure class=\"wp-block-image\"><img decoding=\"async\" src=\"https:\/\/ep00.epimg.net\/miperfil\/avatares\/8\/45\/el_pais.jpg\" alt=\"EL PA\u00cdS\"\/><\/figure>\n\n\n\n<figure class=\"wp-block-image\"><img decoding=\"async\" src=\"https:\/\/skp00.epimg.net\/Imagenes\/CB\/71\/1645690022-87f588f5c154419645eb1282f8ae0212.jpg\" alt=\"\"\/><\/figure>\n\n\n\n<h3 class=\"wp-block-heading\">Explosiones en varios puntos del este de Ucrania y Kiev<\/h3>\n\n\n\n<p>Solo unos minutos despu\u00e9s del discurso del presidente ruso, Vlad\u00edmir Putin, en el que anunci\u00f3 a las seis de la ma\u00f1ana de este jueves una \u201coperaci\u00f3n militar en el Donb\u00e1s\u201d,&nbsp;se registraron grandes explosiones en varios puntos del este de Ucrania, desde Sloviansk y Kramatorsk a J\u00e1rkov, a 30 kil\u00f3metros de la frontera rusa; incluso en Kiev, la capital. El Ministerio del Interior ucranio ha informado de que tropas rusas han aterrizado en la ciudad portuaria de Odessa y est\u00e1n cruzando la frontera en varios puntos del pa\u00eds. Seg\u00fan fuentes de Interior, desde la pen\u00ednsula ucrania de Crimea, que Rusia se anexion\u00f3 ilegalmente en 2014.&nbsp;La agencia rusa Interfax tambi\u00e9n report\u00f3 explosiones en las zonas de Donetsk y Lugansk bajo control de los separatistas prorrusos, que, alimentados por el Kremlin, llevan ocho a\u00f1os luchando contra el Ej\u00e9rcito ucranio en una guerra que ha segado ya 14.000 vidas. Una nueva guerra caliente en la zona ser\u00eda devastadora. Una intervenci\u00f3n a gran escala en todo el pa\u00eds, catastr\u00f3fica.&nbsp;<strong>En el mapa adjuntado en este mensaje se pueden observar las localizaciones de algunas de las explosiones registradas este jueves.<\/strong><\/p>\n\n\n\n<p>La \u201coperaci\u00f3n militar\u201d de Putin que, seg\u00fan el l\u00edder ruso, busca desmilitarizar pero \u201cno ocupar\u201d el pa\u00eds, toma color de una invasi\u00f3n a gran escala. El presidente ucranio, Volod\u00edmir Zelenski, se ha apresurado a declarar la ley marcial. \u201cEl ej\u00e9rcito est\u00e1 trabajando. Sin p\u00e1nico. Somos fuertes. Estamos listos para todo. Derrotaremos a todos\u201d, dijo. Informa&nbsp;<strong>Mar\u00eda Sahuquillo<\/strong>&nbsp;desde&nbsp;Sloviansk (Ucrania).02:07<a href=\"https:\/\/web.whatsapp.com\/send?text=Rusia%20y%20Ucrania%3A%20%C3%BAltima%20hora%20de%20la%20guerra%2C%20en%20directo%20%7C%20Ucrania%20pide%20ayuda%20a%20la%20comunidad%20internacional%20y%20exige%20aislar%20a%20Rusia%0D%0A%0D%0Ahttps%3A%2F%2Felpais.com%2Finternacional%2F2022-02-24%2Frusia-ataca-ucrania-ultima-hora-del-conflicto-en-directo.html%231645690022-87f588f5c154419645eb1282f8ae0212%234%23414%3Fssm=whatsapp\" target=\"_blank\" rel=\"noreferrer noopener\"><\/a><a href=\"https:\/\/www.facebook.com\/dialog\/share?display=popup&amp;app_id=94039431626&amp;href=https%3A%2F%2Felpais.com%2Finternacional%2F2022-02-24%2Frusia-ataca-ucrania-ultima-hora-del-conflicto-en-directo.html%231645690022-87f588f5c154419645eb1282f8ae0212%234%23414%3Fssm=FB_CC&amp;quote=Rusia%20y%20Ucrania%3A%20%C3%BAltima%20hora%20de%20la%20guerra%2C%20en%20directo%20%7C%20Ucrania%20pide%20ayuda%20a%20la%20comunidad%20internacional%20y%20exige%20aislar%20a%20Rusia\" target=\"_blank\" rel=\"noreferrer noopener\"><\/a><a href=\"https:\/\/twitter.com\/intent\/tweet?url=https%3A%2F%2Felpais.com%2Finternacional%2F2022-02-24%2Frusia-ataca-ucrania-ultima-hora-del-conflicto-en-directo.html%231645690022-87f588f5c154419645eb1282f8ae0212%234%23414%3Fssm=TW_CC&amp;text=Rusia%20y%20Ucrania%3A%20%C3%BAltima%20hora%20de%20la%20guerra%2C%20en%20directo%20%7C%20Ucrania%20pide%20ayuda%20a%20la%20comunidad%20internacional%20y%20exige%20aislar%20a%20Rusia&amp;via=el_pais&amp;lang=es\" target=\"_blank\" rel=\"noreferrer noopener\"><\/a><a href=\"https:\/\/elpais.com\/internacional\/2022-02-24\/rusia-ataca-ucrania-ultima-hora-del-conflicto-en-directo.html#1645690022-87f588f5c154419645eb1282f8ae0212#4#414#?prm=copy_link\"><\/a><\/p>\n\n\n\n<figure class=\"wp-block-image\"><img decoding=\"async\" src=\"https:\/\/ep00.epimg.net\/miperfil\/avatares\/8\/45\/el_pais.jpg\" alt=\"EL PA\u00cdS\"\/><\/figure>\n\n\n\n<h3 class=\"wp-block-heading\">Josep Borrell: \u00abEuropa vive los momentos m\u00e1s oscuros&nbsp;desde el fin de la Segunda Guerra Mundial\u00bb<\/h3>\n\n\n\n<p>Josep Borrell, alto representante de Pol\u00edtica Exterior de la UE, en una rueda de prensa este jueves: \u00abNos encontramos en los momentos m\u00e1s oscuros de Europa desde el fin de la Segunda Guerra Mundial. Una potencia nuclear ha atacado un pa\u00eds vecino y est\u00e1 amenazando con represalias a cualquier Estado que pueda venir a su rescate. No se trata solamente de la mayor violaci\u00f3n del derecho internacional, sino que es una vulneraci\u00f3n de los principios b\u00e1sicos de la resistencia humana. Est\u00e1 costando muchas vidas, con consecuencias frente a nosotros. La UE responder\u00e1 en los t\u00e9rminos m\u00e1s fuertes posibles. El presidente del Consejo Europeo ha solicitado una reuni\u00f3n esta tarde para pedir directrices pol\u00edticas para el paquete de sanciones m\u00e1s duro que hemos puesto nunca en marcha. Como representante de Asuntos Exteriores y Seguridad de la UE estar\u00e9 en contacto con nuestros socios de todo el mundo para asegurarnos de que la comunidad internacional entienda la gravedad del momento y para pedir conjuntamente a Rusia que cese inmediatamente su comportamiento intolerante\u00bb, dice Borrell.<\/p>\n\n\n\n<p><a href=\"https:\/\/elpais.com\/internacional\/2022-02-24\/rusia-ataca-ucrania-ultima-hora-del-conflicto-en-directo.html#1645689146-fbf9fbbaab6f7c39b4802c7595161dfa#5#414#?prm=copy_link\"><\/a><\/p>\n\n\n\n<figure class=\"wp-block-embed is-type-rich is-provider-twitter wp-block-embed-twitter\"><div class=\"wp-block-embed__wrapper\">\n<blockquote class=\"twitter-tweet\" data-width=\"500\" data-dnt=\"true\"><p lang=\"en\" dir=\"ltr\">These are among the darkest hours of Europe since the Second World War.<br><br>The EU will respond in the strongest possible terms and agree on the harshest package of sanctions we have ever implemented.<br><br>President Putin needs to stop this senseless aggression.<br><br>We stand with Ukraine. <a href=\"https:\/\/t.co\/mmDtfUOHvk\">pic.twitter.com\/mmDtfUOHvk<\/a><\/p>&mdash; Josep Borrell Fontelles (@JosepBorrellF) <a href=\"https:\/\/twitter.com\/JosepBorrellF\/status\/1496759656391323651?ref_src=twsrc%5Etfw\">February 24, 2022<\/a><\/blockquote><script async src=\"https:\/\/platform.twitter.com\/widgets.js\" charset=\"utf-8\"><\/script>\n<\/div><\/figure>\n\n\n\n<figure class=\"wp-block-image\"><img decoding=\"async\" src=\"https:\/\/ep00.epimg.net\/miperfil\/avatares\/8\/45\/el_pais.jpg\" alt=\"EL PA\u00cdS\"\/><\/figure>\n\n\n\n<h3 class=\"wp-block-heading\">Von der Leyen: \u00abHago un llamamiento a Rusia para que detenga la violencia inmediatamente y retire sus tropas del territorio ucranio\u00bb<\/h3>\n\n\n\n<p>Ursula von der Leyen, presidenta de la Comisi\u00f3n Europea, en una rueda de prensa en directo este jueves: \u00abNos enfrentamos a un acto de agresi\u00f3n sin precedentes, est\u00e1 en juego la&nbsp;estabilidad europea y el conjunto del orden pac\u00edfico internacional. Haremos que el presidente Putin sea responsable por ello. M\u00e1s tarde presentaremos un paquete de sanciones masivas, y con este paquete nos dirigiremos a sectores estrat\u00e9gicos de la econom\u00eda rusa, bloqueando el acceso a la tecnolog\u00eda y a los mercados clave para Rusia. Nos dirigiremos a la base econ\u00f3mica de Rusia y su capacidad para modernizarse. Congelaremos los activos rusos en la UE y detendremos el acceso de los bancos rusos a los mercados europeos\u00bb, dice von der Leyen.<\/p>\n\n\n\n<p>Y a\u00f1ade: \u00abIgual que con el primer paquete de sanciones, estamos alineados estrechamente con nuestros aliados: EE UU, el Reino Unido,&nbsp;Canad\u00e1, Jap\u00f3n y Australia. Estas sanciones est\u00e1n dise\u00f1adas para tener un gran impacto en los intereses del Kremlin y su capacidad para financiar la guerra, y sabemos que millones de rusos no quieren la guerra. El presidente Putin est\u00e1 intentando llevar el tiempo atr\u00e1s, a los tiempos del imperio ruso, pero al hacer esto est\u00e1 arriesgando el futuro del pueblo ruso. Hago un llamamiento a Rusia para que detenga la violencia inmediatamente y retire sus tropas del territorio ucranio. No permitiremos que el presidente Putin destruya la arquitectura pac\u00edfica de la UE que se ha construido mediante d\u00e9cadas, no permitiremos que el presidente Putin reemplace el estado de Derecho mediante un estado de fuerza despiadado. No debe desestimar la resoluci\u00f3n y la fuerza de nuestras democracias. La historia ha demostrado que las sociedades y las alianzas construidas basadas en la paz y la libertad son resilientes y tienen \u00e9xito, y esto son precisamente lo que temen los aut\u00f3cratas. La UE seguir\u00e1 al lado de Ucrania y su pueblo\u00bb.01:46<a href=\"https:\/\/web.whatsapp.com\/send?text=Rusia%20y%20Ucrania%3A%20%C3%BAltima%20hora%20de%20la%20guerra%2C%20en%20directo%20%7C%20Ucrania%20pide%20ayuda%20a%20la%20comunidad%20internacional%20y%20exige%20aislar%20a%20Rusia%0D%0A%0D%0Ahttps%3A%2F%2Felpais.com%2Finternacional%2F2022-02-24%2Frusia-ataca-ucrania-ultima-hora-del-conflicto-en-directo.html%231645688809-3a3ccfabba2c114b4838e5c920eae311%236%23414%3Fssm=whatsapp\" target=\"_blank\" rel=\"noreferrer noopener\"><\/a><a href=\"https:\/\/www.facebook.com\/dialog\/share?display=popup&amp;app_id=94039431626&amp;href=https%3A%2F%2Felpais.com%2Finternacional%2F2022-02-24%2Frusia-ataca-ucrania-ultima-hora-del-conflicto-en-directo.html%231645688809-3a3ccfabba2c114b4838e5c920eae311%236%23414%3Fssm=FB_CC&amp;quote=Rusia%20y%20Ucrania%3A%20%C3%BAltima%20hora%20de%20la%20guerra%2C%20en%20directo%20%7C%20Ucrania%20pide%20ayuda%20a%20la%20comunidad%20internacional%20y%20exige%20aislar%20a%20Rusia\" target=\"_blank\" rel=\"noreferrer noopener\"><\/a><a href=\"https:\/\/twitter.com\/intent\/tweet?url=https%3A%2F%2Felpais.com%2Finternacional%2F2022-02-24%2Frusia-ataca-ucrania-ultima-hora-del-conflicto-en-directo.html%231645688809-3a3ccfabba2c114b4838e5c920eae311%236%23414%3Fssm=TW_CC&amp;text=Rusia%20y%20Ucrania%3A%20%C3%BAltima%20hora%20de%20la%20guerra%2C%20en%20directo%20%7C%20Ucrania%20pide%20ayuda%20a%20la%20comunidad%20internacional%20y%20exige%20aislar%20a%20Rusia&amp;via=el_pais&amp;lang=es\" target=\"_blank\" rel=\"noreferrer noopener\"><\/a><a href=\"https:\/\/elpais.com\/internacional\/2022-02-24\/rusia-ataca-ucrania-ultima-hora-del-conflicto-en-directo.html#1645688809-3a3ccfabba2c114b4838e5c920eae311#6#414#?prm=copy_link\"><\/a><\/p>\n\n\n\n<figure class=\"wp-block-image\"><img decoding=\"async\" src=\"https:\/\/ep00.epimg.net\/miperfil\/avatares\/8\/45\/el_pais.jpg\" alt=\"EL PA\u00cdS\"\/><\/figure>\n\n\n\n<h3 class=\"wp-block-heading\">Colas en Sloviansk<\/h3>\n\n\n\n<p>Los ciudadanos de Sloviansk, en el Donb\u00e1s, hacen cola esta ma\u00f1ana para echar gasolina, sacra dinero y comprar comida. Informa\u00a0<strong>Mar\u00eda R. Sahuquillo<\/strong><\/p>\n\n\n\n<p><a href=\"https:\/\/elpais.com\/internacional\/2022-02-24\/rusia-ataca-ucrania-ultima-hora-del-conflicto-en-directo.html#1645688570-cde1f0a5021a4f7c326ce0065a47fc70#7#414#?prm=copy_link\"><\/a><\/p>\n\n\n\n<figure class=\"wp-block-embed is-type-rich is-provider-twitter wp-block-embed-twitter\"><div class=\"wp-block-embed__wrapper\">\n<blockquote class=\"twitter-tweet\" data-width=\"500\" data-dnt=\"true\"><p lang=\"es\" dir=\"ltr\">Colas en gasolineras, cajeros autom\u00e1ticos y supermercados en Sloviansk, en el Donb\u00e1s, donde esta ma\u00f1ana se han escuchado varias explosiones. Yo me he cruzado con un tanque ucranio. La gente est\u00e1 nerviosa, pero no hay p\u00e1nico<a href=\"https:\/\/twitter.com\/hashtag\/Ukraine?src=hash&amp;ref_src=twsrc%5Etfw\">#Ukraine<\/a><a href=\"https:\/\/twitter.com\/hashtag\/Donbass?src=hash&amp;ref_src=twsrc%5Etfw\">#Donbass<\/a> <a href=\"https:\/\/t.co\/4JuHc0j0vr\">pic.twitter.com\/4JuHc0j0vr<\/a><\/p>&mdash; \ud835\udc40\ud835\udc4e\ud835\udc5f\ud835\udc56\ud835\udc4e \ud835\udc46\ud835\udc4e\u210e\ud835\udc62\ud835\udc5e\ud835\udc62\ud835\udc56\ud835\udc59\ud835\udc59\ud835\udc5c (@mrsahuquillo) <a href=\"https:\/\/twitter.com\/mrsahuquillo\/status\/1496746009405399042?ref_src=twsrc%5Etfw\">February 24, 2022<\/a><\/blockquote><script async src=\"https:\/\/platform.twitter.com\/widgets.js\" charset=\"utf-8\"><\/script>\n<\/div><\/figure>\n\n\n\n<figure class=\"wp-block-image\"><img decoding=\"async\" src=\"https:\/\/ep00.epimg.net\/miperfil\/avatares\/8\/45\/el_pais.jpg\" alt=\"EL PA\u00cdS\"\/><\/figure>\n\n\n\n<h3 class=\"wp-block-heading\">Condena del secretario general de la OTAN, Jens Stoltenberg: el ataque de Rusia a Ucrania es \u00abtemerario\u00bb y \u00abno provocado\u00bb<\/h3>\n\n\n\n<p>El ataque de Rusia a Ucrania es \u00abtemerario\u00bb y \u00abno provocado\u00bb, ha condenado este jueves el secretario general de la OTAN, Jens Stoltenberg, que tambi\u00e9n ha advertido de que esta agresi\u00f3n militar pone en peligro \u00abinnumerables vidas\u00bb y lamentado que Rusia \u00abhaya elegido el camino de la agresi\u00f3n\u00bb. \u00abCondeno en\u00e9rgicamente el ataque temerario y no provocado de Rusia contra Ucrania, que pone en peligro innumerables vidas civiles. Una vez m\u00e1s, a pesar de nuestras repetidas advertencias y de nuestros incansables esfuerzos por emprender la diplomacia, Rusia ha elegido el camino de la agresi\u00f3n contra un pa\u00eds soberano e independiente\u00bb, ha declarado en un comunicado.<\/p>\n\n\n\n<p>\u00abSe trata de una grave violaci\u00f3n del Derecho Internacional y una grave amenaza para la seguridad euroatl\u00e1ntica. Los aliados de la OTAN se reunir\u00e1n para abordar la nueva agresi\u00f3n de Rusia. Estamos con el pueblo de Ucrania en este terrible momento. La OTAN har\u00e1 todo lo necesario para proteger y defender a todos los aliados\u00bb, ha agregado el secretario general de la OTAN.<\/p>\n\n\n\n<p>Ucrania no forma parte de la Alianza Atl\u00e1ntica. El Consejo del Atl\u00e1ntico Norte de la OTAN tiene previsto celebrar esta ma\u00f1ana del jueves una reuni\u00f3n de \u00abemergencia\u00bb de los embajadores de los pa\u00edses miembros de la Alianza para abordar la situaci\u00f3n en Ucrania, inform\u00f3 a la agencia Efe una portavoz de la organizaci\u00f3n. El secretario general de la OTAN, Jens Stoltenberg, est\u00e1 \u00absiguiendo de cerca la situaci\u00f3n\u00bb y dar\u00e1 \u00abuna conferencia de prensa m\u00e1s tarde, tras la reuni\u00f3n\u00bb, precis\u00f3 la portavoz. (Efe&nbsp;y Europa Press)&nbsp;&nbsp; &nbsp;&nbsp;&nbsp;&nbsp;&nbsp;&nbsp; &nbsp; &nbsp;&nbsp;&nbsp;01:18<a href=\"https:\/\/web.whatsapp.com\/send?text=Rusia%20y%20Ucrania%3A%20%C3%BAltima%20hora%20de%20la%20guerra%2C%20en%20directo%20%7C%20Ucrania%20pide%20ayuda%20a%20la%20comunidad%20internacional%20y%20exige%20aislar%20a%20Rusia%0D%0A%0D%0Ahttps%3A%2F%2Felpais.com%2Finternacional%2F2022-02-24%2Frusia-ataca-ucrania-ultima-hora-del-conflicto-en-directo.html%231645687082-bcdf00489d346a7e431129339069b5bf%238%23414%3Fssm=whatsapp\" target=\"_blank\" rel=\"noreferrer noopener\"><\/a><a href=\"https:\/\/www.facebook.com\/dialog\/share?display=popup&amp;app_id=94039431626&amp;href=https%3A%2F%2Felpais.com%2Finternacional%2F2022-02-24%2Frusia-ataca-ucrania-ultima-hora-del-conflicto-en-directo.html%231645687082-bcdf00489d346a7e431129339069b5bf%238%23414%3Fssm=FB_CC&amp;quote=Rusia%20y%20Ucrania%3A%20%C3%BAltima%20hora%20de%20la%20guerra%2C%20en%20directo%20%7C%20Ucrania%20pide%20ayuda%20a%20la%20comunidad%20internacional%20y%20exige%20aislar%20a%20Rusia\" target=\"_blank\" rel=\"noreferrer noopener\"><\/a><a href=\"https:\/\/twitter.com\/intent\/tweet?url=https%3A%2F%2Felpais.com%2Finternacional%2F2022-02-24%2Frusia-ataca-ucrania-ultima-hora-del-conflicto-en-directo.html%231645687082-bcdf00489d346a7e431129339069b5bf%238%23414%3Fssm=TW_CC&amp;text=Rusia%20y%20Ucrania%3A%20%C3%BAltima%20hora%20de%20la%20guerra%2C%20en%20directo%20%7C%20Ucrania%20pide%20ayuda%20a%20la%20comunidad%20internacional%20y%20exige%20aislar%20a%20Rusia&amp;via=el_pais&amp;lang=es\" target=\"_blank\" rel=\"noreferrer noopener\"><\/a><a href=\"https:\/\/elpais.com\/internacional\/2022-02-24\/rusia-ataca-ucrania-ultima-hora-del-conflicto-en-directo.html#1645687082-bcdf00489d346a7e431129339069b5bf#8#414#?prm=copy_link\"><\/a><\/p>\n\n\n\n<figure class=\"wp-block-image\"><img decoding=\"async\" src=\"https:\/\/ep00.epimg.net\/miperfil\/avatares\/8\/45\/el_pais.jpg\" alt=\"EL PA\u00cdS\"\/><\/figure>\n\n\n\n<h3 class=\"wp-block-heading\">Espa\u00f1a condena la agresi\u00f3n de Rusia y coordina una respuesta con la UE y la OTAN<\/h3>\n\n\n\n<p>El presidente del Gobierno, Pedro S\u00e1nchez, ha dejado clara este jueves la condena de Espa\u00f1a a la agresi\u00f3n de Rusia y ha manifestado su solidaridad con las autoridades y el pueblo de Ucrania. El jefe del Ejecutivo se mantiene en contacto con los aliados de la Uni\u00f3n Europea y de la OTAN para coordinar una respuesta com\u00fan.<\/p>\n\n\n\n<p><a href=\"https:\/\/elpais.com\/internacional\/2022-02-24\/rusia-ataca-ucrania-ultima-hora-del-conflicto-en-directo.html#1645686886-aa20f141a7562d77bbff34048fc7425f#9#414#?prm=copy_link\"><\/a><\/p>\n\n\n\n<figure class=\"wp-block-embed is-type-rich is-provider-twitter wp-block-embed-twitter\"><div class=\"wp-block-embed__wrapper\">\n<blockquote class=\"twitter-tweet\" data-width=\"500\" data-dnt=\"true\"><p lang=\"es\" dir=\"ltr\">El Gobierno de Espa\u00f1a condena la agresi\u00f3n de Rusia a Ucrania y se solidariza con el Gobierno y el pueblo ucraniano.<br>Permanezco en estrecho contacto con nuestros socios y aliados de la Uni\u00f3n Europea y <a href=\"https:\/\/twitter.com\/NATO?ref_src=twsrc%5Etfw\">@NATO<\/a> para coordinar nuestra respuesta.<\/p>&mdash; Pedro S\u00e1nchez (@sanchezcastejon) <a href=\"https:\/\/twitter.com\/sanchezcastejon\/status\/1496734866687381504?ref_src=twsrc%5Etfw\">February 24, 2022<\/a><\/blockquote><script async src=\"https:\/\/platform.twitter.com\/widgets.js\" charset=\"utf-8\"><\/script>\n<\/div><\/figure>\n\n\n\n<figure class=\"wp-block-image\"><img decoding=\"async\" src=\"https:\/\/ep00.epimg.net\/miperfil\/avatares\/8\/45\/el_pais.jpg\" alt=\"EL PA\u00cdS\"\/><\/figure>\n\n\n\n<h2 class=\"wp-block-heading\">Ucrania pide ayuda a la comunidad internacional<\/h2>\n\n\n\n<p>El ministro de Relaciones de Exteriores de Ucrania, Dmytro Kuleba, ha hecho un llamamiento a la comunidad internacional pidiendo apoyo frente a la agresi\u00f3n de Rusia. \u00abEl mundo debe actuar de inmediato. El futuro de Europa y del mundo est\u00e1n en juego\u00bb, ha escrito en Twitter antes de solicitar cinco acciones concretas. Primero, \u00absanciones devastadoras contra Rusia ahora, incluyendo el SWIFT\u00bb, en referencia a la exclusi\u00f3n de facto del sistema interbancario mundial. En segundo lugar, \u00abaislar completamente a Rusia\u00bb. Tercero: armas y equipamiento militar para Ucrania. Tambi\u00e9n \u00abasistencia financiera\u00bb y por \u00faltimo \u00abasistencia humanitaria\u00bb. \u00a0<\/p>\n\n\n\n<p><a href=\"https:\/\/elpais.com\/internacional\/2022-02-24\/rusia-ataca-ucrania-ultima-hora-del-conflicto-en-directo.html#1645685045-17930e7f3d441015e154051c490b5be4#10#414#?prm=copy_link\"><\/a><\/p>\n\n\n\n<figure class=\"wp-block-embed is-type-rich is-provider-twitter wp-block-embed-twitter\"><div class=\"wp-block-embed__wrapper\">\n<blockquote class=\"twitter-tweet\" data-width=\"500\" data-dnt=\"true\"><p lang=\"en\" dir=\"ltr\">The world must act immediately. Future of Europe &amp; the world is at stake. To do list:<br><br>1. Devastating sanctions on Russia NOW, including SWIFT<br>2. Fully isolate Russia by all means, in all formats<br>3. Weapons, equipment for Ukraine<br>4. Financial assistance<br>5. Humanitarian assistance<\/p>&mdash; Dmytro Kuleba (@DmytroKuleba) <a href=\"https:\/\/twitter.com\/DmytroKuleba\/status\/1496711163530424324?ref_src=twsrc%5Etfw\">February 24, 2022<\/a><\/blockquote><script async src=\"https:\/\/platform.twitter.com\/widgets.js\" charset=\"utf-8\"><\/script>\n<\/div><\/figure>\n\n\n\n<figure class=\"wp-block-image\"><img decoding=\"async\" src=\"https:\/\/ep00.epimg.net\/miperfil\/avatares\/8\/45\/el_pais.jpg\" alt=\"EL PA\u00cdS\"\/><\/figure>\n\n\n\n<figure class=\"wp-block-image\"><img decoding=\"async\" src=\"https:\/\/skp00.epimg.net\/Imagenes\/5D\/58\/1645684579-3592edd239c33c8256bf38918080fb8e.jpg\" alt=\"\"\/><\/figure>\n\n\n\n<h3 class=\"wp-block-heading\">\u00daLTIMA HORA | Rusia afirma que ha destruido bases y defensas a\u00e9reas de Ucrania<\/h3>\n\n\n\n<p>El Gobierno de Rusia ha afirmado que ha destruido las bases a\u00e9reas y la defensa antia\u00e9rea de Ucrania (AFP)00:36<a href=\"https:\/\/web.whatsapp.com\/send?text=Rusia%20y%20Ucrania%3A%20%C3%BAltima%20hora%20de%20la%20guerra%2C%20en%20directo%20%7C%20Ucrania%20pide%20ayuda%20a%20la%20comunidad%20internacional%20y%20exige%20aislar%20a%20Rusia%0D%0A%0D%0Ahttps%3A%2F%2Felpais.com%2Finternacional%2F2022-02-24%2Frusia-ataca-ucrania-ultima-hora-del-conflicto-en-directo.html%231645684579-3592edd239c33c8256bf38918080fb8e%2311%23414%3Fssm=whatsapp\" target=\"_blank\" rel=\"noreferrer noopener\"><\/a><a href=\"https:\/\/www.facebook.com\/dialog\/share?display=popup&amp;app_id=94039431626&amp;href=https%3A%2F%2Felpais.com%2Finternacional%2F2022-02-24%2Frusia-ataca-ucrania-ultima-hora-del-conflicto-en-directo.html%231645684579-3592edd239c33c8256bf38918080fb8e%2311%23414%3Fssm=FB_CC&amp;quote=Rusia%20y%20Ucrania%3A%20%C3%BAltima%20hora%20de%20la%20guerra%2C%20en%20directo%20%7C%20Ucrania%20pide%20ayuda%20a%20la%20comunidad%20internacional%20y%20exige%20aislar%20a%20Rusia\" target=\"_blank\" rel=\"noreferrer noopener\"><\/a><a href=\"https:\/\/twitter.com\/intent\/tweet?url=https%3A%2F%2Felpais.com%2Finternacional%2F2022-02-24%2Frusia-ataca-ucrania-ultima-hora-del-conflicto-en-directo.html%231645684579-3592edd239c33c8256bf38918080fb8e%2311%23414%3Fssm=TW_CC&amp;text=Rusia%20y%20Ucrania%3A%20%C3%BAltima%20hora%20de%20la%20guerra%2C%20en%20directo%20%7C%20Ucrania%20pide%20ayuda%20a%20la%20comunidad%20internacional%20y%20exige%20aislar%20a%20Rusia&amp;via=el_pais&amp;lang=es\" target=\"_blank\" rel=\"noreferrer noopener\"><\/a><a href=\"https:\/\/elpais.com\/internacional\/2022-02-24\/rusia-ataca-ucrania-ultima-hora-del-conflicto-en-directo.html#1645684579-3592edd239c33c8256bf38918080fb8e#11#414#?prm=copy_link\"><\/a><\/p>\n\n\n\n<figure class=\"wp-block-image\"><img decoding=\"async\" src=\"https:\/\/ep00.epimg.net\/miperfil\/avatares\/8\/45\/el_pais.jpg\" alt=\"EL PA\u00cdS\"\/><\/figure>\n\n\n\n<h3 class=\"wp-block-heading\">Scholz condena el ataque ruso contra Ucrania<\/h3>\n\n\n\n<p>El canciller alem\u00e1n, Olaf Scholz, ha condenado&nbsp;el ataque ruso de esta madrugada contra Ucrania, que calific\u00f3 de \u00abruptura flagrante del derecho internacional\u00bb que \u00abno puede ser justificada bajo ning\u00fan concepto\u00bb. \u00abAlemania condena en los t\u00e9rminos m\u00e1s fuertes este acto carente de consideraci\u00f3n del presidente Putin,\u00bb a\u00f1adi\u00f3 Scholz en referencia al l\u00edder ruso, que tambi\u00e9n expres\u00f3 su solidaridad con \u00abUcrania y las personas que all\u00ed viven\u00bb. \u00abRusia debe cesar de inmediato esta acci\u00f3n militar,\u00bb afirm\u00f3 el canciller, que calific\u00f3 la jornada de hoy de \u00abd\u00eda terrible para Ucrania y d\u00eda oscuro para Europa\u00bb, seg\u00fan indic\u00f3 su portavoz en un mensaje a los medios. Agreg\u00f3 que el tema ser\u00e1 tratado en la reuni\u00f3n virtual de l\u00edderes del G7 prevista para este jueves y que tambi\u00e9n lo debatir\u00e1 en el marco de la OTAN y de la Uni\u00f3n Europa (UE). (Efe)00:28<a href=\"https:\/\/web.whatsapp.com\/send?text=Rusia%20y%20Ucrania%3A%20%C3%BAltima%20hora%20de%20la%20guerra%2C%20en%20directo%20%7C%20Ucrania%20pide%20ayuda%20a%20la%20comunidad%20internacional%20y%20exige%20aislar%20a%20Rusia%0D%0A%0D%0Ahttps%3A%2F%2Felpais.com%2Finternacional%2F2022-02-24%2Frusia-ataca-ucrania-ultima-hora-del-conflicto-en-directo.html%231645684119-969d6602f68197e9ce0ff49f48fb4e38%2312%23414%3Fssm=whatsapp\" target=\"_blank\" rel=\"noreferrer noopener\"><\/a><a href=\"https:\/\/www.facebook.com\/dialog\/share?display=popup&amp;app_id=94039431626&amp;href=https%3A%2F%2Felpais.com%2Finternacional%2F2022-02-24%2Frusia-ataca-ucrania-ultima-hora-del-conflicto-en-directo.html%231645684119-969d6602f68197e9ce0ff49f48fb4e38%2312%23414%3Fssm=FB_CC&amp;quote=Rusia%20y%20Ucrania%3A%20%C3%BAltima%20hora%20de%20la%20guerra%2C%20en%20directo%20%7C%20Ucrania%20pide%20ayuda%20a%20la%20comunidad%20internacional%20y%20exige%20aislar%20a%20Rusia\" target=\"_blank\" rel=\"noreferrer noopener\"><\/a><a href=\"https:\/\/twitter.com\/intent\/tweet?url=https%3A%2F%2Felpais.com%2Finternacional%2F2022-02-24%2Frusia-ataca-ucrania-ultima-hora-del-conflicto-en-directo.html%231645684119-969d6602f68197e9ce0ff49f48fb4e38%2312%23414%3Fssm=TW_CC&amp;text=Rusia%20y%20Ucrania%3A%20%C3%BAltima%20hora%20de%20la%20guerra%2C%20en%20directo%20%7C%20Ucrania%20pide%20ayuda%20a%20la%20comunidad%20internacional%20y%20exige%20aislar%20a%20Rusia&amp;via=el_pais&amp;lang=es\" target=\"_blank\" rel=\"noreferrer noopener\"><\/a><a href=\"https:\/\/elpais.com\/internacional\/2022-02-24\/rusia-ataca-ucrania-ultima-hora-del-conflicto-en-directo.html#1645684119-969d6602f68197e9ce0ff49f48fb4e38#12#414#?prm=copy_link\"><\/a><\/p>\n\n\n\n<figure class=\"wp-block-image\"><img decoding=\"async\" src=\"https:\/\/ep00.epimg.net\/miperfil\/avatares\/8\/45\/el_pais.jpg\" alt=\"EL PA\u00cdS\"\/><\/figure>\n\n\n\n<h2 class=\"wp-block-heading\">Rusia tambi\u00e9n ataca&nbsp;desde Bielorrusia<\/h2>\n\n\n\n<p>Rusia ha atacado tambi\u00e9n desde la vecina Bielorrusia, seg\u00fan ha asegurado la guardia fronteriza ucraniana. La agencia estadounidense Associated Press informa de que las fuerzas del Kremlin abrieron fuego con artiller\u00eda gracias al apoyo de Minsk. Ucrania respondi\u00f3 al ataque, pero todav\u00eda no hay un reporte oficial de v\u00edctimas. El peso estrat\u00e9gico de Bielorrusia en el conflicto no es menor, ya que la frontera de ese pa\u00eds se encuentra a unos 75 kil\u00f3metros de Kiev.00:26<a href=\"https:\/\/web.whatsapp.com\/send?text=Rusia%20y%20Ucrania%3A%20%C3%BAltima%20hora%20de%20la%20guerra%2C%20en%20directo%20%7C%20Ucrania%20pide%20ayuda%20a%20la%20comunidad%20internacional%20y%20exige%20aislar%20a%20Rusia%0D%0A%0D%0Ahttps%3A%2F%2Felpais.com%2Finternacional%2F2022-02-24%2Frusia-ataca-ucrania-ultima-hora-del-conflicto-en-directo.html%231645683961-90153903afc4ad547e0de20b32e5bb73%2313%23414%3Fssm=whatsapp\" target=\"_blank\" rel=\"noreferrer noopener\"><\/a><a href=\"https:\/\/www.facebook.com\/dialog\/share?display=popup&amp;app_id=94039431626&amp;href=https%3A%2F%2Felpais.com%2Finternacional%2F2022-02-24%2Frusia-ataca-ucrania-ultima-hora-del-conflicto-en-directo.html%231645683961-90153903afc4ad547e0de20b32e5bb73%2313%23414%3Fssm=FB_CC&amp;quote=Rusia%20y%20Ucrania%3A%20%C3%BAltima%20hora%20de%20la%20guerra%2C%20en%20directo%20%7C%20Ucrania%20pide%20ayuda%20a%20la%20comunidad%20internacional%20y%20exige%20aislar%20a%20Rusia\" target=\"_blank\" rel=\"noreferrer noopener\"><\/a><a href=\"https:\/\/twitter.com\/intent\/tweet?url=https%3A%2F%2Felpais.com%2Finternacional%2F2022-02-24%2Frusia-ataca-ucrania-ultima-hora-del-conflicto-en-directo.html%231645683961-90153903afc4ad547e0de20b32e5bb73%2313%23414%3Fssm=TW_CC&amp;text=Rusia%20y%20Ucrania%3A%20%C3%BAltima%20hora%20de%20la%20guerra%2C%20en%20directo%20%7C%20Ucrania%20pide%20ayuda%20a%20la%20comunidad%20internacional%20y%20exige%20aislar%20a%20Rusia&amp;via=el_pais&amp;lang=es\" target=\"_blank\" rel=\"noreferrer noopener\"><\/a><a href=\"https:\/\/elpais.com\/internacional\/2022-02-24\/rusia-ataca-ucrania-ultima-hora-del-conflicto-en-directo.html#1645683961-90153903afc4ad547e0de20b32e5bb73#13#414#?prm=copy_link\"><\/a><\/p>\n\n\n\n<figure class=\"wp-block-image\"><img decoding=\"async\" src=\"https:\/\/ep00.epimg.net\/miperfil\/avatares\/8\/45\/el_pais.jpg\" alt=\"EL PA\u00cdS\"\/><\/figure>\n\n\n\n<h2 class=\"wp-block-heading\">Zelenski le pide a Biden instar&nbsp;al mundo \u00aba&nbsp;condenar claramente la agresi\u00f3n flagrante de Putin\u00bb<\/h2>\n\n\n\n<p>El presidente de Estados Unidos, Joe Biden, public\u00f3 un mensaje en su cuenta de Twitter en el que dio detalles de de su llamada en la noche del mi\u00e9rcoles con el presidente ucranio, Volod\u00edmir Zelenski, despu\u00e9s de que Rusia comenzara sus ataques, que conden\u00f3. El mandatario asegur\u00f3, adem\u00e1s, que le inform\u00f3 a su par de Ucrania de las medidas que va a tomar su pa\u00eds para ejercer presi\u00f3n internacional, incluida la reuni\u00f3n de emergencia del Consejo de Seguridad de la ONU del mi\u00e9rcoles.<\/p>\n\n\n\n<p>\u00ab(Zelenski) me ha pedido que inste a los l\u00edderes del mundo a condenar claramente la agresi\u00f3n flagrante e Putin y a apoyar al pueblo de Ucrania\u00bb, ha escrito.\u00a0<\/p>\n\n\n\n<p><a href=\"https:\/\/elpais.com\/internacional\/2022-02-24\/rusia-ataca-ucrania-ultima-hora-del-conflicto-en-directo.html#1645682884-5bb2cf2f9413752760fec2717e6e2b34#14#414#?prm=copy_link\"><\/a><\/p>\n\n\n\n<figure class=\"wp-block-embed is-type-rich is-provider-twitter wp-block-embed-twitter\"><div class=\"wp-block-embed__wrapper\">\n<blockquote class=\"twitter-tweet\" data-width=\"500\" data-dnt=\"true\"><p lang=\"en\" dir=\"ltr\">President Zelenskyy reached out to me tonight and we just finished speaking. I condemned this unprovoked and unjustified attack by Russian military forces. I briefed him on the steps we are taking to rally international condemnation, including tonight at the UN Security Council.<\/p>&mdash; President Biden (@POTUS) <a href=\"https:\/\/twitter.com\/POTUS\/status\/1496716481652043776?ref_src=twsrc%5Etfw\">February 24, 2022<\/a><\/blockquote><script async src=\"https:\/\/platform.twitter.com\/widgets.js\" charset=\"utf-8\"><\/script>\n<\/div><\/figure>\n\n\n\n<figure class=\"wp-block-image\"><img decoding=\"async\" src=\"https:\/\/ep00.epimg.net\/miperfil\/avatares\/8\/45\/el_pais.jpg\" alt=\"EL PA\u00cdS\"\/><\/figure>\n\n\n\n<h2 class=\"wp-block-heading\">Trump atribuye la agresi\u00f3n de Putin a la \u00abdebilidad\u00bb de Washington<\/h2>\n\n\n\n<p>El expresidente de Estados Unidos Donald Trump intervino el mi\u00e9rcoles en Fox News poco despu\u00e9s del inicio del ataque ruso para afirmar que esto \u00abno habr\u00eda tenido lugar\u00bb durante su Administraci\u00f3n. Trump llam\u00f3 para decir que no cre\u00eda que Putin \u00abquer\u00eda hacer esto, inicialmente\u00bb. \u201cCreo que quer\u00eda hacer algo y negociar y empeor\u00f3 cada vez m\u00e1s, y luego vio la debilidad\u201d, agreg\u00f3 Trump. Adem\u00e1s, el exmandatario republicano dijo que cree que la invasi\u00f3n rusa fue en parte provocada por la \u00abdebilidad\u00bb de la retirada estadounidense de Afganist\u00e1n.00:00<a href=\"https:\/\/web.whatsapp.com\/send?text=Rusia%20y%20Ucrania%3A%20%C3%BAltima%20hora%20de%20la%20guerra%2C%20en%20directo%20%7C%20Ucrania%20pide%20ayuda%20a%20la%20comunidad%20internacional%20y%20exige%20aislar%20a%20Rusia%0D%0A%0D%0Ahttps%3A%2F%2Felpais.com%2Finternacional%2F2022-02-24%2Frusia-ataca-ucrania-ultima-hora-del-conflicto-en-directo.html%231645682436-3c1a55e157e4cdb84d2532b1efda3935%2315%23414%3Fssm=whatsapp\" target=\"_blank\" rel=\"noreferrer noopener\"><\/a><a href=\"https:\/\/www.facebook.com\/dialog\/share?display=popup&amp;app_id=94039431626&amp;href=https%3A%2F%2Felpais.com%2Finternacional%2F2022-02-24%2Frusia-ataca-ucrania-ultima-hora-del-conflicto-en-directo.html%231645682436-3c1a55e157e4cdb84d2532b1efda3935%2315%23414%3Fssm=FB_CC&amp;quote=Rusia%20y%20Ucrania%3A%20%C3%BAltima%20hora%20de%20la%20guerra%2C%20en%20directo%20%7C%20Ucrania%20pide%20ayuda%20a%20la%20comunidad%20internacional%20y%20exige%20aislar%20a%20Rusia\" target=\"_blank\" rel=\"noreferrer noopener\"><\/a><a href=\"https:\/\/twitter.com\/intent\/tweet?url=https%3A%2F%2Felpais.com%2Finternacional%2F2022-02-24%2Frusia-ataca-ucrania-ultima-hora-del-conflicto-en-directo.html%231645682436-3c1a55e157e4cdb84d2532b1efda3935%2315%23414%3Fssm=TW_CC&amp;text=Rusia%20y%20Ucrania%3A%20%C3%BAltima%20hora%20de%20la%20guerra%2C%20en%20directo%20%7C%20Ucrania%20pide%20ayuda%20a%20la%20comunidad%20internacional%20y%20exige%20aislar%20a%20Rusia&amp;via=el_pais&amp;lang=es\" target=\"_blank\" rel=\"noreferrer noopener\"><\/a><a href=\"https:\/\/elpais.com\/internacional\/2022-02-24\/rusia-ataca-ucrania-ultima-hora-del-conflicto-en-directo.html#1645682436-3c1a55e157e4cdb84d2532b1efda3935#15#414#?prm=copy_link\"><\/a><\/p>\n\n\n\n<figure class=\"wp-block-image\"><img decoding=\"async\" src=\"https:\/\/ep00.epimg.net\/miperfil\/avatares\/8\/45\/el_pais.jpg\" alt=\"EL PA\u00cdS\"\/><\/figure>\n\n\n\n<h2 class=\"wp-block-heading\">Boris Johnson: \u00abPutin ha elegido un camino de sangre\u00bb<\/h2>\n\n\n\n<p>El primer ministro brit\u00e1nico, Boris Johnson, ha afirmado que est\u00e1 \u00abconsternado por los horribles acontecimientos en Ucrania\u00bb y que el presidente ruso, Vladimir Putin, \u00abha elegido un camino de derramamiento de sangre y destrucci\u00f3n al lanzar este ataque no provocado\u00bb. Ha a\u00f1adido que ha hablado con el presidente de Ucrania, Volod\u00edmir Zelenski, para discutir c\u00f3mo responder y promete una acci\u00f3n decisiva por parte de Reino Unido y sus aliados.23 feb 2022 &#8211; 23:54&nbsp;CST<a href=\"https:\/\/web.whatsapp.com\/send?text=Rusia%20y%20Ucrania%3A%20%C3%BAltima%20hora%20de%20la%20guerra%2C%20en%20directo%20%7C%20Ucrania%20pide%20ayuda%20a%20la%20comunidad%20internacional%20y%20exige%20aislar%20a%20Rusia%0D%0A%0D%0Ahttps%3A%2F%2Felpais.com%2Finternacional%2F2022-02-24%2Frusia-ataca-ucrania-ultima-hora-del-conflicto-en-directo.html%231645682090-804c1c96deffe73651e878151e01e687%2316%23414%3Fssm=whatsapp\" target=\"_blank\" rel=\"noreferrer noopener\"><\/a><a href=\"https:\/\/www.facebook.com\/dialog\/share?display=popup&amp;app_id=94039431626&amp;href=https%3A%2F%2Felpais.com%2Finternacional%2F2022-02-24%2Frusia-ataca-ucrania-ultima-hora-del-conflicto-en-directo.html%231645682090-804c1c96deffe73651e878151e01e687%2316%23414%3Fssm=FB_CC&amp;quote=Rusia%20y%20Ucrania%3A%20%C3%BAltima%20hora%20de%20la%20guerra%2C%20en%20directo%20%7C%20Ucrania%20pide%20ayuda%20a%20la%20comunidad%20internacional%20y%20exige%20aislar%20a%20Rusia\" target=\"_blank\" rel=\"noreferrer noopener\"><\/a><a href=\"https:\/\/twitter.com\/intent\/tweet?url=https%3A%2F%2Felpais.com%2Finternacional%2F2022-02-24%2Frusia-ataca-ucrania-ultima-hora-del-conflicto-en-directo.html%231645682090-804c1c96deffe73651e878151e01e687%2316%23414%3Fssm=TW_CC&amp;text=Rusia%20y%20Ucrania%3A%20%C3%BAltima%20hora%20de%20la%20guerra%2C%20en%20directo%20%7C%20Ucrania%20pide%20ayuda%20a%20la%20comunidad%20internacional%20y%20exige%20aislar%20a%20Rusia&amp;via=el_pais&amp;lang=es\" target=\"_blank\" rel=\"noreferrer noopener\"><\/a><a href=\"https:\/\/elpais.com\/internacional\/2022-02-24\/rusia-ataca-ucrania-ultima-hora-del-conflicto-en-directo.html#1645682090-804c1c96deffe73651e878151e01e687#16#414#?prm=copy_link\"><\/a><\/p>\n\n\n\n<figure class=\"wp-block-image\"><img decoding=\"async\" src=\"https:\/\/ep00.epimg.net\/miperfil\/avatares\/8\/45\/el_pais.jpg\" alt=\"EL PA\u00cdS\"\/><\/figure>\n\n\n\n<h2 class=\"wp-block-heading\">Al menos 20 ataques con misiles<\/h2>\n\n\n\n<p>La agresi\u00f3n de Rusia se ha centrado en objetivos militares ucranianos distribuidos por toda la geograf\u00eda del pa\u00eds. El Kremlin ha lanzado por el momento al menos 20 ataques con misiles contra enclaves estrat\u00e9gicos, algunos en las ciudades cercanas a la frontera como Odesa, Mariupol o Dnipro. Sin embaego, al menos otros cinco misiles han impactado en instalaciones del Ej\u00e9rcito cercanas a la capital, Kiev. Tambi\u00e9n se han escuchado explosiones en Yarkov, la segunda ciudad del pa\u00eds. Medios locales que citan al Ministerio del Interior de Ucrania afirman que algunos de los ataques han golpeado los centros militares de comando de misiles de Ucrania y el cuartel general militar en Kiev.<\/p>\n\n\n\n<p>El Ministerio de Defensa de Rusia ha negado haber atacado ciudades ucranianas, diciendo que est\u00e1 apuntando a la infraestructura militar, la defensa a\u00e9rea y las fuerzas a\u00e9reas con \u00abarmas de alta precisi\u00f3n\u00bb. En las calles del centro de la capital se vive una aparente calma, seg\u00fan confirma el enviado de EL PA\u00cdS Luis de Vega. Aunque suenan las sirenas, los autobuses operan con normalidad desplazando a los ciudadanos hacia sus puestos de trabajo.23 feb 2022 &#8211; 23:42&nbsp;CST<a href=\"https:\/\/web.whatsapp.com\/send?text=Rusia%20y%20Ucrania%3A%20%C3%BAltima%20hora%20de%20la%20guerra%2C%20en%20directo%20%7C%20Ucrania%20pide%20ayuda%20a%20la%20comunidad%20internacional%20y%20exige%20aislar%20a%20Rusia%0D%0A%0D%0Ahttps%3A%2F%2Felpais.com%2Finternacional%2F2022-02-24%2Frusia-ataca-ucrania-ultima-hora-del-conflicto-en-directo.html%231645681328-7a13ff3ec72c5b800f71d2249212b6fa%2317%23414%3Fssm=whatsapp\" target=\"_blank\" rel=\"noreferrer noopener\"><\/a><a href=\"https:\/\/www.facebook.com\/dialog\/share?display=popup&amp;app_id=94039431626&amp;href=https%3A%2F%2Felpais.com%2Finternacional%2F2022-02-24%2Frusia-ataca-ucrania-ultima-hora-del-conflicto-en-directo.html%231645681328-7a13ff3ec72c5b800f71d2249212b6fa%2317%23414%3Fssm=FB_CC&amp;quote=Rusia%20y%20Ucrania%3A%20%C3%BAltima%20hora%20de%20la%20guerra%2C%20en%20directo%20%7C%20Ucrania%20pide%20ayuda%20a%20la%20comunidad%20internacional%20y%20exige%20aislar%20a%20Rusia\" target=\"_blank\" rel=\"noreferrer noopener\"><\/a><a href=\"https:\/\/twitter.com\/intent\/tweet?url=https%3A%2F%2Felpais.com%2Finternacional%2F2022-02-24%2Frusia-ataca-ucrania-ultima-hora-del-conflicto-en-directo.html%231645681328-7a13ff3ec72c5b800f71d2249212b6fa%2317%23414%3Fssm=TW_CC&amp;text=Rusia%20y%20Ucrania%3A%20%C3%BAltima%20hora%20de%20la%20guerra%2C%20en%20directo%20%7C%20Ucrania%20pide%20ayuda%20a%20la%20comunidad%20internacional%20y%20exige%20aislar%20a%20Rusia&amp;via=el_pais&amp;lang=es\" target=\"_blank\" rel=\"noreferrer noopener\"><\/a><a href=\"https:\/\/elpais.com\/internacional\/2022-02-24\/rusia-ataca-ucrania-ultima-hora-del-conflicto-en-directo.html#1645681328-7a13ff3ec72c5b800f71d2249212b6fa#17#414#?prm=copy_link\"><\/a><\/p>\n\n\n\n<figure class=\"wp-block-image\"><img decoding=\"async\" src=\"https:\/\/ep00.epimg.net\/miperfil\/avatares\/8\/45\/el_pais.jpg\" alt=\"EL PA\u00cdS\"\/><\/figure>\n\n\n\n<h2 class=\"wp-block-heading\">Ursula von der Leyen: \u00abCondenamos en\u00e9rgicamente el ataque injustificado de Rusia\u00bb<\/h2>\n\n\n\n<p>La presidenta de la Comisi\u00f3n Europea, Ursula von der Leyen, manifiesta el rotundo rechazo de la agresi\u00f3n de Rusia contra Ucrania. \u00abCondenamos en\u00e9rgicamente el ataque injustificado de Rusia contra Ucrania. En estas horas oscuras, nuestros pensamientos van para Ucrania y las mujeres, hombres y ni\u00f1os inocentes que enfrentan este ataque no provocado y temen por sus vidas. Haremos que el Kremlin rinda cuentas\u00bb. Y en l\u00ednea con el presidente de Estados Unidos, Joe Biden, advierte a trav\u00e9s de Twitter: \u00abHaremos que el Kremlin rinda cuentas\u00bb.\u00a0<\/p>\n\n\n\n<p><\/p>\n\n\n\n<p><a href=\"https:\/\/elpais.com\/internacional\/2022-02-24\/rusia-ataca-ucrania-ultima-hora-del-conflicto-en-directo.html#1645680587-2f48c8c3e6ae25122810cd9e8e7f72d5#18#414#?prm=copy_link\"><\/a><\/p>\n\n\n\n<figure class=\"wp-block-embed is-type-rich is-provider-twitter wp-block-embed-twitter\"><div class=\"wp-block-embed__wrapper\">\n<blockquote class=\"twitter-tweet\" data-width=\"500\" data-dnt=\"true\"><p lang=\"en\" dir=\"ltr\">We strongly condemn Russia\u00b4s unjustified attack on Ukraine.<br><br>In these dark hours, our thoughts are with Ukraine and the innocent women, men and children as they face this unprovoked attack and fear for their lives.<br><br>We will hold the Kremlin accountable.<\/p>&mdash; Ursula von der Leyen (@vonderleyen) <a href=\"https:\/\/twitter.com\/vonderleyen\/status\/1496710321372901380?ref_src=twsrc%5Etfw\">February 24, 2022<\/a><\/blockquote><script async src=\"https:\/\/platform.twitter.com\/widgets.js\" charset=\"utf-8\"><\/script>\n<\/div><\/figure>\n\n\n\n<figure class=\"wp-block-image\"><img decoding=\"async\" src=\"https:\/\/ep00.epimg.net\/miperfil\/avatares\/8\/45\/el_pais.jpg\" alt=\"EL PA\u00cdS\"\/><\/figure>\n\n\n\n<h2 class=\"wp-block-heading\">Se escuchan sirenas antia\u00e9reas en Kiev<\/h2>\n\n\n\n<p>El enviado especial de EL PA\u00cdS a Kiev, Luis de Vega, nos comparte esta v\u00eddeo desde la capital ucraniana en la que se pueden escuchar las sirenas antia\u00e9reas.<\/p>\n\n\n\n<p>\u00abEn el centro de Kiev ahora mismo la situaci\u00f3n es de aparente normalidad. El tr\u00e1fico es normal, la gente est\u00e1 yendo al trabajo, se ven camiones vaciando las papeleras y barrenderos limpiando las calles, pero al mismo tiempo suenan las sirenas\u00bb, explica De Vega.\u00a0<\/p>\n\n\n\n<figure class=\"wp-block-embed is-type-rich is-provider-twitter wp-block-embed-twitter\"><div class=\"wp-block-embed__wrapper\">\n<blockquote class=\"twitter-tweet\" data-width=\"500\" data-dnt=\"true\"><p lang=\"es\" dir=\"ltr\">Suenan sirenas en Kiev. <a href=\"https:\/\/t.co\/iBHOhDvoml\">pic.twitter.com\/iBHOhDvoml<\/a><\/p>&mdash; Luis de Vega (@Ldevega) <a href=\"https:\/\/twitter.com\/Ldevega\/status\/1496714767272226824?ref_src=twsrc%5Etfw\">February 24, 2022<\/a><\/blockquote><script async src=\"https:\/\/platform.twitter.com\/widgets.js\" charset=\"utf-8\"><\/script>\n<\/div><\/figure>\n\n\n\n<p><em>Sigue toda la informaci\u00f3n internacional en&nbsp;<\/em><a href=\"https:\/\/www.facebook.com\/elpaisinternacional\"><em>Facebook<\/em><\/a><em>&nbsp;y&nbsp;<\/em><a href=\"https:\/\/twitter.com\/elpais_inter\"><em>Twitter<\/em><\/a><em>, o en&nbsp;<\/em><a href=\"https:\/\/plus.elpais.com\/newsletters\/lnp\/1\/334\"><em>nuestra newsletter semanal<\/em><\/a><em>.<\/em><\/p>\n\n\n\n<p>Fuente: https:\/\/elpais.com\/internacional\/2022-02-24\/rusia-ataca-ucrania-ultima-hora-del-conflicto-en-directo.html?autoplay=1<\/p>\n","protected":false},"excerpt":{"rendered":"<p>Al menos 8 personas han muerto tras los ataques, seg\u00fan Kiev | Ucrania afirma que numerosas localidades de todo el [&hellip;]<\/p>\n","protected":false},"author":1,"featured_media":22170,"comment_status":"open","ping_status":"open","sticky":false,"template":"","format":"standard","meta":{"site-sidebar-layout":"default","site-content-layout":"","ast-site-content-layout":"default","site-content-style":"default","site-sidebar-style":"default","ast-global-header-display":"","ast-banner-title-visibility":"","ast-main-header-display":"","ast-hfb-above-header-display":"","ast-hfb-below-header-display":"","ast-hfb-mobile-header-display":"","site-post-title":"","ast-breadcrumbs-content":"","ast-featured-img":"","footer-sml-layout":"","theme-transparent-header-meta":"","adv-header-id-meta":"","stick-header-meta":"","header-above-stick-meta":"","header-main-stick-meta":"","header-below-stick-meta":"","astra-migrate-meta-layouts":"default","ast-page-background-enabled":"default","ast-page-background-meta":{"desktop":{"background-color":"var(--ast-global-color-4)","background-image":"","background-repeat":"repeat","background-position":"center center","background-size":"auto","background-attachment":"scroll","background-type":"","background-media":"","overlay-type":"","overlay-color":"","overlay-opacity":"","overlay-gradient":""},"tablet":{"background-color":"","background-image":"","background-repeat":"repeat","background-position":"center center","background-size":"auto","background-attachment":"scroll","background-type":"","background-media":"","overlay-type":"","overlay-color":"","overlay-opacity":"","overlay-gradient":""},"mobile":{"background-color":"","background-image":"","background-repeat":"repeat","background-position":"center center","background-size":"auto","background-attachment":"scroll","background-type":"","background-media":"","overlay-type":"","overlay-color":"","overlay-opacity":"","overlay-gradient":""}},"ast-content-background-meta":{"desktop":{"background-color":"var(--ast-global-color-5)","background-image":"","background-repeat":"repeat","background-position":"center center","background-size":"auto","background-attachment":"scroll","background-type":"","background-media":"","overlay-type":"","overlay-color":"","overlay-opacity":"","overlay-gradient":""},"tablet":{"background-color":"var(--ast-global-color-5)","background-image":"","background-repeat":"repeat","background-position":"center center","background-size":"auto","background-attachment":"scroll","background-type":"","background-media":"","overlay-type":"","overlay-color":"","overlay-opacity":"","overlay-gradient":""},"mobile":{"background-color":"var(--ast-global-color-5)","background-image":"","background-repeat":"repeat","background-position":"center center","background-size":"auto","background-attachment":"scroll","background-type":"","background-media":"","overlay-type":"","overlay-color":"","overlay-opacity":"","overlay-gradient":""}},"footnotes":""},"categories":[8],"tags":[8047,2231,6232],"class_list":["post-22169","post","type-post","status-publish","format-standard","has-post-thumbnail","hentry","category-noticias","tag-ataques-belicos","tag-rusia","tag-ucrania"],"_links":{"self":[{"href":"https:\/\/losperiodistas.com.mx\/portal\/wp-json\/wp\/v2\/posts\/22169","targetHints":{"allow":["GET"]}}],"collection":[{"href":"https:\/\/losperiodistas.com.mx\/portal\/wp-json\/wp\/v2\/posts"}],"about":[{"href":"https:\/\/losperiodistas.com.mx\/portal\/wp-json\/wp\/v2\/types\/post"}],"author":[{"embeddable":true,"href":"https:\/\/losperiodistas.com.mx\/portal\/wp-json\/wp\/v2\/users\/1"}],"replies":[{"embeddable":true,"href":"https:\/\/losperiodistas.com.mx\/portal\/wp-json\/wp\/v2\/comments?post=22169"}],"version-history":[{"count":1,"href":"https:\/\/losperiodistas.com.mx\/portal\/wp-json\/wp\/v2\/posts\/22169\/revisions"}],"predecessor-version":[{"id":22172,"href":"https:\/\/losperiodistas.com.mx\/portal\/wp-json\/wp\/v2\/posts\/22169\/revisions\/22172"}],"wp:featuredmedia":[{"embeddable":true,"href":"https:\/\/losperiodistas.com.mx\/portal\/wp-json\/wp\/v2\/media\/22170"}],"wp:attachment":[{"href":"https:\/\/losperiodistas.com.mx\/portal\/wp-json\/wp\/v2\/media?parent=22169"}],"wp:term":[{"taxonomy":"category","embeddable":true,"href":"https:\/\/losperiodistas.com.mx\/portal\/wp-json\/wp\/v2\/categories?post=22169"},{"taxonomy":"post_tag","embeddable":true,"href":"https:\/\/losperiodistas.com.mx\/portal\/wp-json\/wp\/v2\/tags?post=22169"}],"curies":[{"name":"wp","href":"https:\/\/api.w.org\/{rel}","templated":true}]}}