{"id":22164,"date":"2022-02-24T02:31:18","date_gmt":"2022-02-24T08:31:18","guid":{"rendered":"http:\/\/losperiodistas.com.mx\/portal\/?p=22164"},"modified":"2022-02-24T02:31:19","modified_gmt":"2022-02-24T08:31:19","slug":"secretario-general-de-la-onu-a-putin-en-el-nombre-de-la-humanidad-regrese-sus-tropas-a-rusia-proceso","status":"publish","type":"post","link":"https:\/\/losperiodistas.com.mx\/portal\/secretario-general-de-la-onu-a-putin-en-el-nombre-de-la-humanidad-regrese-sus-tropas-a-rusia-proceso\/","title":{"rendered":"Secretario general de la ONU a Putin: \u00abEn el nombre de la humanidad, regrese sus tropas a Rusia\u201d | Proceso"},"content":{"rendered":"\n<p style=\"font-size:18px\"><em>El representante de Rusia anunci\u00f3 a los dem\u00e1s integrantes del Consejo de Seguridad de que el operativo militar tiene por objetivo \u00abla junta en el poder en Ucrania\u00bb, dejando clara la intenci\u00f3n del presidente Putin de derrocar al gobierno de ese pa\u00eds.<\/em><\/p>\n\n\n\n<p><\/p>\n\n\n\n<figure class=\"wp-block-image size-large\"><img fetchpriority=\"high\" decoding=\"async\" width=\"1024\" height=\"682\" src=\"https:\/\/losperiodistas.com.mx\/portal\/wp-content\/uploads\/2022\/02\/150780-1024x682.jpeg\" alt=\"\" class=\"wp-image-22165\" srcset=\"https:\/\/losperiodistas.com.mx\/portal\/wp-content\/uploads\/2022\/02\/150780-1024x682.jpeg 1024w, https:\/\/losperiodistas.com.mx\/portal\/wp-content\/uploads\/2022\/02\/150780-300x200.jpeg 300w, https:\/\/losperiodistas.com.mx\/portal\/wp-content\/uploads\/2022\/02\/150780-768x512.jpeg 768w, https:\/\/losperiodistas.com.mx\/portal\/wp-content\/uploads\/2022\/02\/150780-1536x1023.jpeg 1536w, https:\/\/losperiodistas.com.mx\/portal\/wp-content\/uploads\/2022\/02\/150780.jpeg 1600w\" sizes=\"(max-width: 1024px) 100vw, 1024px\" \/><figcaption>El secretario general de la ONU, Ant\u00f3nio Guterres. Foto: @ONU_es<\/figcaption><\/figure>\n\n\n\n<p><\/p>\n\n\n\n<p class=\"has-vivid-cyan-blue-color has-text-color has-medium-font-size\">MATHIEU TOURLIERE \/ PROCESO<\/p>\n\n\n\n<p>CIUDAD DE M\u00c9XICO (apro).-&nbsp; \u00abEn el nombre de la humanidad, regrese sus tropas a Rusia\u00bb, urgi\u00f3 el secretario general de la ONU, Ant\u00f3nio Guterres, tras el anuncio del presidente ruso Vladimir Putin sobre el arranque de una \u00aboperaci\u00f3n militar especial\u00bb en Ucrania, seguida de una serie de explosiones en el pa\u00eds europeo.<\/p>\n\n\n\n<p>Desde la sede la ONU en Nueva York, el diplom\u00e1tico portugu\u00e9s pidi\u00f3 al presidente ruso que, \u00aben nombre de la humanidad, no permita que inicie en Europa lo que podr\u00eda ser la peor guerra desde el arranque del siglo\u00bb.<\/p>\n\n\n\n<h5 class=\"wp-block-heading\">NOTICIAS RELACIONADAS<\/h5>\n\n\n\n<ul class=\"wp-block-list\"><li><a href=\"https:\/\/www.proceso.com.mx\/internacional\/2022\/2\/23\/rusia-bombardea-varias-ciudades-de-ucrania-incluida-la-capital-kiev-videos-281454.html\">Rusia bombardea varias ciudades de Ucrania, incluida la capital, Kiev (Videos)<\/a><\/li><li><a href=\"https:\/\/www.proceso.com.mx\/nacional\/2022\/2\/23\/ebrard-integrantes-de-la-embajada-de-mexico-en-kiev-estan-bien-tras-ataque-ruso-ucrania-281453.html\">Ebrard: integrantes de la embajada de M\u00e9xico en Kiev \u201cest\u00e1n bien\u201d tras ataque ruso a Ucrania<\/a><\/li><li><a href=\"https:\/\/www.proceso.com.mx\/internacional\/2022\/2\/23\/putin-anuncia-una-operacion-militar-en-el-este-de-ucrania-281444.html\">Putin anuncia una operaci\u00f3n militar en el este de Ucrania<\/a><\/li><li><a href=\"https:\/\/www.proceso.com.mx\/internacional\/2022\/2\/23\/biden-responde-al-ataque-de-putin-ucrania-el-mundo-hara-que-rusia-rinda-cuentas-281449.html\">Biden responde al ataque de Putin a Ucrania: \u00abEl mundo har\u00e1 que Rusia rinda cuentas\u00bb<\/a><\/li><li><a href=\"https:\/\/www.proceso.com.mx\/nacional\/2022\/2\/23\/ebrard-reacciona-al-ataque-ruso-en-ucrania-mexico-rechaza-el-uso-de-la-fuerza-281455.html\">Ebrard reacciona al ataque ruso en Ucrania: \u201cM\u00e9xico rechaza el uso de la fuerza\u201d<\/a><\/li><\/ul>\n\n\n\n<p>En el mismo tiempo, en el Consejo de Seguridad de la ONU, la reuni\u00f3n convocada en urgencia se volv\u00eda explosiva, pues Putin eligi\u00f3 ese momento para anunciar, en un mensaje televisivo, el inicio de su operativo militar en Ucrania.<\/p>\n\n\n\n<p>El representante de Rusia anunci\u00f3 a los dem\u00e1s integrantes del Consejo de Seguridad de que el operativo militar tiene por objetivo \u00abla junta en el poder en Ucrania\u00bb, dejando clara la intenci\u00f3n del presidente Putin de derrocar al gobierno de ese pa\u00eds.<\/p>\n\n\n\n<p>En respuesta, el representante de Ucrania coment\u00f3 al diplom\u00e1tico ruso que los \u00abcriminales de guerra se van directo al infierno\u00bb, en eco a los mensajes de su presidente, quien despu\u00e9s de lanzar un \u00faltimo llamado a la paz, advirti\u00f3 que su gobierno tratar\u00eda de resistir a las tropas rusas.<\/p>\n\n\n\n<p>La representante estadunidense, Linda Thomas-Greenfield, indic\u00f3, por su parte que, en el mismo momento en que sesionaba el Consejo de Seguridad, Putin lanz\u00f3 su mensaje de guerra contra Ucrania.<\/p>\n\n\n\n<p>La representante de M\u00e9xico, Alicia Buenrostro Massieu &#8211;quien habl\u00f3 en ausencia de Juan Ram\u00f3n de la Fuente&#8211; dio un discurso desactualizado, pues mientras hablaba de una posible desescalada del conflicto, Putin daba su mensaje televisivo en el que anunciaba la operaci\u00f3n castrense para lograr, en sus t\u00e9rminos, la \u00abdesmilitarizaci\u00f3n\u00bb y la \u00abdesnazificaci\u00f3n\u00bb de Ucrania.<\/p>\n\n\n\n<p>A pesar de que qued\u00f3 aislada y al margen de los dem\u00e1s integrantes del Consejo de Seguridad &#8211;de la que le toc\u00f3 la presidencia&#8211;, Rusia sigue teniendo su asiento y un derecho de veto en el organismo internacional, cuya misi\u00f3n consiste en evitar conflictos globales.<\/p>\n\n\n\n<p>Fuente: https:\/\/www.proceso.com.mx\/internacional\/2022\/2\/23\/secretario-general-de-la-onu-putin-en-el-nombre-de-la-humanidad-regrese-sus-tropas-rusia-281456.html<\/p>\n","protected":false},"excerpt":{"rendered":"<p>El representante de Rusia anunci\u00f3 a los dem\u00e1s integrantes del Consejo de Seguridad de que el operativo militar tiene por [&hellip;]<\/p>\n","protected":false},"author":1,"featured_media":22165,"comment_status":"open","ping_status":"open","sticky":false,"template":"","format":"standard","meta":{"site-sidebar-layout":"default","site-content-layout":"","ast-site-content-layout":"default","site-content-style":"default","site-sidebar-style":"default","ast-global-header-display":"","ast-banner-title-visibility":"","ast-main-header-display":"","ast-hfb-above-header-display":"","ast-hfb-below-header-display":"","ast-hfb-mobile-header-display":"","site-post-title":"","ast-breadcrumbs-content":"","ast-featured-img":"","footer-sml-layout":"","theme-transparent-header-meta":"","adv-header-id-meta":"","stick-header-meta":"","header-above-stick-meta":"","header-main-stick-meta":"","header-below-stick-meta":"","astra-migrate-meta-layouts":"default","ast-page-background-enabled":"default","ast-page-background-meta":{"desktop":{"background-color":"var(--ast-global-color-4)","background-image":"","background-repeat":"repeat","background-position":"center center","background-size":"auto","background-attachment":"scroll","background-type":"","background-media":"","overlay-type":"","overlay-color":"","overlay-opacity":"","overlay-gradient":""},"tablet":{"background-color":"","background-image":"","background-repeat":"repeat","background-position":"center center","background-size":"auto","background-attachment":"scroll","background-type":"","background-media":"","overlay-type":"","overlay-color":"","overlay-opacity":"","overlay-gradient":""},"mobile":{"background-color":"","background-image":"","background-repeat":"repeat","background-position":"center center","background-size":"auto","background-attachment":"scroll","background-type":"","background-media":"","overlay-type":"","overlay-color":"","overlay-opacity":"","overlay-gradient":""}},"ast-content-background-meta":{"desktop":{"background-color":"var(--ast-global-color-5)","background-image":"","background-repeat":"repeat","background-position":"center center","background-size":"auto","background-attachment":"scroll","background-type":"","background-media":"","overlay-type":"","overlay-color":"","overlay-opacity":"","overlay-gradient":""},"tablet":{"background-color":"var(--ast-global-color-5)","background-image":"","background-repeat":"repeat","background-position":"center center","background-size":"auto","background-attachment":"scroll","background-type":"","background-media":"","overlay-type":"","overlay-color":"","overlay-opacity":"","overlay-gradient":""},"mobile":{"background-color":"var(--ast-global-color-5)","background-image":"","background-repeat":"repeat","background-position":"center center","background-size":"auto","background-attachment":"scroll","background-type":"","background-media":"","overlay-type":"","overlay-color":"","overlay-opacity":"","overlay-gradient":""}},"footnotes":""},"categories":[8],"tags":[8045,8046,177,2231,6232,6607],"class_list":["post-22164","post","type-post","status-publish","format-standard","has-post-thumbnail","hentry","category-noticias","tag-antonio-guterres-2","tag-guerra-ucrania","tag-onu","tag-rusia","tag-ucrania","tag-vladimir-putin"],"_links":{"self":[{"href":"https:\/\/losperiodistas.com.mx\/portal\/wp-json\/wp\/v2\/posts\/22164","targetHints":{"allow":["GET"]}}],"collection":[{"href":"https:\/\/losperiodistas.com.mx\/portal\/wp-json\/wp\/v2\/posts"}],"about":[{"href":"https:\/\/losperiodistas.com.mx\/portal\/wp-json\/wp\/v2\/types\/post"}],"author":[{"embeddable":true,"href":"https:\/\/losperiodistas.com.mx\/portal\/wp-json\/wp\/v2\/users\/1"}],"replies":[{"embeddable":true,"href":"https:\/\/losperiodistas.com.mx\/portal\/wp-json\/wp\/v2\/comments?post=22164"}],"version-history":[{"count":1,"href":"https:\/\/losperiodistas.com.mx\/portal\/wp-json\/wp\/v2\/posts\/22164\/revisions"}],"predecessor-version":[{"id":22166,"href":"https:\/\/losperiodistas.com.mx\/portal\/wp-json\/wp\/v2\/posts\/22164\/revisions\/22166"}],"wp:featuredmedia":[{"embeddable":true,"href":"https:\/\/losperiodistas.com.mx\/portal\/wp-json\/wp\/v2\/media\/22165"}],"wp:attachment":[{"href":"https:\/\/losperiodistas.com.mx\/portal\/wp-json\/wp\/v2\/media?parent=22164"}],"wp:term":[{"taxonomy":"category","embeddable":true,"href":"https:\/\/losperiodistas.com.mx\/portal\/wp-json\/wp\/v2\/categories?post=22164"},{"taxonomy":"post_tag","embeddable":true,"href":"https:\/\/losperiodistas.com.mx\/portal\/wp-json\/wp\/v2\/tags?post=22164"}],"curies":[{"name":"wp","href":"https:\/\/api.w.org\/{rel}","templated":true}]}}