{"id":22161,"date":"2022-02-24T02:16:00","date_gmt":"2022-02-24T08:16:00","guid":{"rendered":"http:\/\/losperiodistas.com.mx\/portal\/?p=22161"},"modified":"2022-02-24T02:16:02","modified_gmt":"2022-02-24T08:16:02","slug":"rusia-ataca-infraestructuras-militares-de-ucrania-confirma-zelenski-dw","status":"publish","type":"post","link":"https:\/\/losperiodistas.com.mx\/portal\/rusia-ataca-infraestructuras-militares-de-ucrania-confirma-zelenski-dw\/","title":{"rendered":"Rusia ataca infraestructuras militares de Ucrania, confirma Zelenski | DW"},"content":{"rendered":"\n<p style=\"font-size:18px\">El gobernante ucraniano ante los prime<em>ros golpes de las milicias rusas orden\u00f3 la ley marcial en todo su territorio, mientras que el embajador ucraniano ante la ONU pidi\u00f3 a Rusia \u00abparar la guerra\u00bb.<\/em><\/p>\n\n\n\n<p><\/p>\n\n\n\n<figure class=\"wp-block-image size-full\"><img fetchpriority=\"high\" decoding=\"async\" width=\"700\" height=\"394\" src=\"https:\/\/losperiodistas.com.mx\/portal\/wp-content\/uploads\/2022\/02\/60894374_303.jpeg\" alt=\"\" class=\"wp-image-22162\" srcset=\"https:\/\/losperiodistas.com.mx\/portal\/wp-content\/uploads\/2022\/02\/60894374_303.jpeg 700w, https:\/\/losperiodistas.com.mx\/portal\/wp-content\/uploads\/2022\/02\/60894374_303-300x169.jpeg 300w\" sizes=\"(max-width: 700px) 100vw, 700px\" \/><\/figure>\n\n\n\n<p><\/p>\n\n\n\n<p><\/p>\n\n\n\n<p class=\"has-vivid-cyan-blue-color has-text-color has-medium-font-size\">DW<\/p>\n\n\n\n<p>El presidente ucraniano, Volod\u00edmir Zelenski, impuso este jueves (24.02.2022) la ley marcial en todo el pa\u00eds tras el comienzo de una operaci\u00f3n militar por parte de Rusia.<\/p>\n\n\n\n<p>\u00abImponemos la ley marcial en todo el territorio de nuestro Estado\u00bb, anunci\u00f3 en un v\u00eddeo en su canal oficial de Telegram.<\/p>\n\n\n\n<p>Zelenski, inform\u00f3 esta madrugada de ataques rusos contra la infraestructura de las Fuerzas Armadas del pa\u00eds.<\/p>\n\n\n\n<p>\u00abRusia ha lanzado ataques contra nuestra infraestructura militar y guardias fronterizos\u00bb, dijo Zelenski en el&nbsp;v\u00eddeo.&nbsp;<\/p>\n\n\n\n<p>De su lado, el embajador ucraniano ante la ONU, Sergiy Kyslytsya, dijo que Rusia debe \u00abparar la guerra\u201d en el Consejo de Seguridad de Naciones Unidas en una reuni\u00f3n de urgencia sobre Ucrania.<\/p>\n\n\n\n<p>\u00abEs responsabilidad de estos organismos parar la guerra\u00bb, implor\u00f3 a su vez al Consejo de Seguridad el embajador ucraniano cuya reuni\u00f3n empez\u00f3 pr\u00e1cticamente al mismo tiempo que el anuncio del presidente ruso, Vladimir Putin, del inicio de una operaci\u00f3n militar en Ucrania.&nbsp;<a href=\"https:\/\/www.dw.com\/es\/rusia-ataca-infraestructuras-militares-de-ucrania-confirma-zelenski\/a-60894202#\"><\/a><\/p>\n\n\n\n<p>Volodimir Zelenski, presidente de Ucrania.<\/p>\n\n\n\n<h2 class=\"wp-block-heading\">Condena a Rusia<\/h2>\n\n\n\n<p>Kyslytsya urgi\u00f3 al embajador ruso Vassily Nebenzia, que preside este mes el Consejo de Seguridad, que \u00abllame a Putin, a Lavrov (ministro de Relaciones Exteriores) para parar la agresi\u00f3n\u00bb.<\/p>\n\n\n\n<p>\u00abNo es una guerra, es una operaci\u00f3n militar\u00bb, le respondi\u00f3 por su parte su hom\u00f3logo ruso Vassily Nebenzia.<\/p>\n\n\n\n<p>Estados Unidos propondr\u00e1 este jueves ante el Consejo de Seguridad un proyecto de resoluci\u00f3n de condena a Rusia, anunci\u00f3 su embajadora Linda Thomas-Greenfield.<\/p>\n\n\n\n<p>Potentes explosiones se escucharon este jueves por periodistas en el centro de Kiev y otras ciudades ucranianas poco despu\u00e9s del anuncio del presidente ruso.<\/p>\n\n\n\n<p>Putin anunci\u00f3 la ma\u00f1ana del jueves en un mensaje por televisi\u00f3n una operaci\u00f3n militar en Ucrania para defender a los separatistas del pa\u00eds, en momentos en que decenas de miles de soldados rusos est\u00e1n desplegados desde hace semanas en las fronteras ucranianas.<\/p>\n\n\n\n<p>mg (efe, afp)<\/p>\n\n\n\n<p>Fuente: https:\/\/www.dw.com\/es\/rusia-ataca-infraestructuras-militares-de-ucrania-confirma-zelenski\/a-60894202<\/p>\n","protected":false},"excerpt":{"rendered":"<p>El gobernante ucraniano ante los primeros golpes de las milicias rusas orden\u00f3 la ley marcial en todo su territorio, mientras [&hellip;]<\/p>\n","protected":false},"author":1,"featured_media":22162,"comment_status":"open","ping_status":"open","sticky":false,"template":"","format":"standard","meta":{"site-sidebar-layout":"default","site-content-layout":"","ast-site-content-layout":"default","site-content-style":"default","site-sidebar-style":"default","ast-global-header-display":"","ast-banner-title-visibility":"","ast-main-header-display":"","ast-hfb-above-header-display":"","ast-hfb-below-header-display":"","ast-hfb-mobile-header-display":"","site-post-title":"","ast-breadcrumbs-content":"","ast-featured-img":"","footer-sml-layout":"","theme-transparent-header-meta":"","adv-header-id-meta":"","stick-header-meta":"","header-above-stick-meta":"","header-main-stick-meta":"","header-below-stick-meta":"","astra-migrate-meta-layouts":"default","ast-page-background-enabled":"default","ast-page-background-meta":{"desktop":{"background-color":"var(--ast-global-color-4)","background-image":"","background-repeat":"repeat","background-position":"center center","background-size":"auto","background-attachment":"scroll","background-type":"","background-media":"","overlay-type":"","overlay-color":"","overlay-opacity":"","overlay-gradient":""},"tablet":{"background-color":"","background-image":"","background-repeat":"repeat","background-position":"center center","background-size":"auto","background-attachment":"scroll","background-type":"","background-media":"","overlay-type":"","overlay-color":"","overlay-opacity":"","overlay-gradient":""},"mobile":{"background-color":"","background-image":"","background-repeat":"repeat","background-position":"center center","background-size":"auto","background-attachment":"scroll","background-type":"","background-media":"","overlay-type":"","overlay-color":"","overlay-opacity":"","overlay-gradient":""}},"ast-content-background-meta":{"desktop":{"background-color":"var(--ast-global-color-5)","background-image":"","background-repeat":"repeat","background-position":"center center","background-size":"auto","background-attachment":"scroll","background-type":"","background-media":"","overlay-type":"","overlay-color":"","overlay-opacity":"","overlay-gradient":""},"tablet":{"background-color":"var(--ast-global-color-5)","background-image":"","background-repeat":"repeat","background-position":"center center","background-size":"auto","background-attachment":"scroll","background-type":"","background-media":"","overlay-type":"","overlay-color":"","overlay-opacity":"","overlay-gradient":""},"mobile":{"background-color":"var(--ast-global-color-5)","background-image":"","background-repeat":"repeat","background-position":"center center","background-size":"auto","background-attachment":"scroll","background-type":"","background-media":"","overlay-type":"","overlay-color":"","overlay-opacity":"","overlay-gradient":""}},"footnotes":""},"categories":[8],"tags":[2231,8044,6232,6607,6606],"class_list":["post-22161","post","type-post","status-publish","format-standard","has-post-thumbnail","hentry","category-noticias","tag-rusia","tag-sergiy-kyslytsya","tag-ucrania","tag-vladimir-putin","tag-volodimir-zelenski"],"_links":{"self":[{"href":"https:\/\/losperiodistas.com.mx\/portal\/wp-json\/wp\/v2\/posts\/22161","targetHints":{"allow":["GET"]}}],"collection":[{"href":"https:\/\/losperiodistas.com.mx\/portal\/wp-json\/wp\/v2\/posts"}],"about":[{"href":"https:\/\/losperiodistas.com.mx\/portal\/wp-json\/wp\/v2\/types\/post"}],"author":[{"embeddable":true,"href":"https:\/\/losperiodistas.com.mx\/portal\/wp-json\/wp\/v2\/users\/1"}],"replies":[{"embeddable":true,"href":"https:\/\/losperiodistas.com.mx\/portal\/wp-json\/wp\/v2\/comments?post=22161"}],"version-history":[{"count":1,"href":"https:\/\/losperiodistas.com.mx\/portal\/wp-json\/wp\/v2\/posts\/22161\/revisions"}],"predecessor-version":[{"id":22163,"href":"https:\/\/losperiodistas.com.mx\/portal\/wp-json\/wp\/v2\/posts\/22161\/revisions\/22163"}],"wp:featuredmedia":[{"embeddable":true,"href":"https:\/\/losperiodistas.com.mx\/portal\/wp-json\/wp\/v2\/media\/22162"}],"wp:attachment":[{"href":"https:\/\/losperiodistas.com.mx\/portal\/wp-json\/wp\/v2\/media?parent=22161"}],"wp:term":[{"taxonomy":"category","embeddable":true,"href":"https:\/\/losperiodistas.com.mx\/portal\/wp-json\/wp\/v2\/categories?post=22161"},{"taxonomy":"post_tag","embeddable":true,"href":"https:\/\/losperiodistas.com.mx\/portal\/wp-json\/wp\/v2\/tags?post=22161"}],"curies":[{"name":"wp","href":"https:\/\/api.w.org\/{rel}","templated":true}]}}