{"id":2201,"date":"2020-12-11T07:54:11","date_gmt":"2020-12-11T13:54:11","guid":{"rendered":"http:\/\/losperiodistas.com.mx\/portal\/?p=2201"},"modified":"2020-12-11T07:54:11","modified_gmt":"2020-12-11T13:54:11","slug":"la-revista-time-elige-a-joe-biden-y-kamala-harris-como-persona-del-ano","status":"publish","type":"post","link":"https:\/\/losperiodistas.com.mx\/portal\/la-revista-time-elige-a-joe-biden-y-kamala-harris-como-persona-del-ano\/","title":{"rendered":"La revista &#8216;Time&#8217; elige a Joe Biden y Kamala Harris como Persona del A\u00f1o"},"content":{"rendered":"\n<p style=\"font-size:18px\"><em>Edward Felsenthal, editor jefe de &#8216;Time&#8217;:\u00a0 \u00abNo es s\u00f3lo por el a\u00f1o que fue, sino por lo que est\u00e1 por venir, ambos representan algo hist\u00f3rico\u00bb.<\/em><\/p>\n\n\n\n<p class=\"has-vivid-cyan-blue-color has-text-color has-medium-font-size\">JORGE FUENTESALZ\/ EFE\/ P\u00daBICO<\/p>\n\n\n\n<p id=\"m579-578-580\">El presidente electo de Estados Unidos,&nbsp;<a href=\"https:\/\/www.publico.es\/internacional\/biden-prioridades-economia-coronavirus-igualdad-cambio-climatico.html\">Joe Biden<\/a>, y la vicepresidenta,&nbsp;<a href=\"https:\/\/www.publico.es\/internacional\/serian-funciones-kamala-harris-primera.html\">Kamala Harris<\/a>, fueron elegidos como la Persona del A\u00f1o por la revista&nbsp;<em>Time<\/em>, destacando que esta distinci\u00f3n \u00abno es s\u00f3lo por el a\u00f1o que fue, sino por lo que est\u00e1 por venir\u00bb y que ambos representan \u00abalgo hist\u00f3rico\u00bb. As\u00ed lo destac\u00f3 el editor jefe de&nbsp;<em>Time<\/em>,&nbsp;<strong>Edward Felsenthal<\/strong>, para justificar las razones de esta elecci\u00f3n en la que por primera vez la revista, que ya ha designado<strong>&nbsp;a varios presidentes del pa\u00eds como personas del a\u00f1o,<\/strong>&nbsp;decide incluir a la pareja pol\u00edtica del presidente. \u00abLos pr\u00f3ximos cuatro a\u00f1os van a ser una gran prueba para ellos y para todos nosotros, para ver hasta d\u00f3nde pueden conseguir la unidad que han prometido\u00bb, agreg\u00f3 Felsenthal.<\/p>\n\n\n\n<p id=\"m584-1-585\">Felsenthal hac\u00eda referencia al discurso de la victoria pronunciado por ambos pol\u00edticos el pasado 7 de noviembre y en el que Biden se present\u00f3 como un l\u00edder conciliador que busca poner fin a la polarizaci\u00f3n pol\u00edtica en el pa\u00eds y en el que quien fuera vicepreseidente de\u00a0<a href=\"https:\/\/www.publico.es\/internacional\/elecciones-estados-unidos-obama-aparece-campana-arremete-trump-incentiva-gente-cruel-racista.html\">Barack Obama<\/a>\u00a0entre 2009 y 2017 asegur\u00f3: \u00abEste es el momento de sanar en Estados Unidos\u00bb.<\/p>\n\n\n\n<p id=\"m600-3-601\">En sus elogios a ambos, la revista compara su victoria electoral frente a Trump&nbsp;<strong>con el mito griego de la muerte del minotauro a manos de Teseo<\/strong>. \u00abDerrotar al minotauro fue una cosa, encontrar el camino para salir del laberinto es otra\u00bb asegura&nbsp;<em>Time<\/em>, que desgrana algunos de los m\u00e1s acuciantes problemas a los que se enfrentar\u00e1 su presidencia: la pandemia, el retraso educativo por los cierres de los colegios, la crisis econ\u00f3mica causada por la covid-19 o la radical divisi\u00f3n partidista.<\/p>\n\n\n\n<figure class=\"wp-block-embed-twitter wp-block-embed is-type-rich is-provider-twitter\"><div class=\"wp-block-embed__wrapper\">\n<blockquote class=\"twitter-tweet\" data-width=\"500\" data-dnt=\"true\"><p lang=\"en\" dir=\"ltr\">Joe Biden and Kamala Harris are TIME&#39;s 2020 Person of the Year <a href=\"https:\/\/twitter.com\/hashtag\/TIMEPOY?src=hash&amp;ref_src=twsrc%5Etfw\">#TIMEPOY<\/a> <a href=\"https:\/\/t.co\/o97QNlSBrl\">https:\/\/t.co\/o97QNlSBrl<\/a> <a href=\"https:\/\/t.co\/KuoBoebBN4\">pic.twitter.com\/KuoBoebBN4<\/a><\/p>&mdash; TIME (@TIME) <a href=\"https:\/\/twitter.com\/TIME\/status\/1337243797466603522?ref_src=twsrc%5Etfw\">December 11, 2020<\/a><\/blockquote><script async src=\"https:\/\/platform.twitter.com\/widgets.js\" charset=\"utf-8\"><\/script>\n<\/div><\/figure>\n\n\n\n<h2 class=\"wp-block-heading\" id=\"m605-4-606\">El mensaje de unidad de Joe Biden<\/h2>\n\n\n\n<p id=\"m610-5-611\">Charlotte Alter, corresponsal de&nbsp;<em>Time<\/em>, insisti\u00f3 tambi\u00e9n en que \u00abBiden desarroll\u00f3 un mensaje de&nbsp;<strong>unidad y sanaci\u00f3n en un momento en el que el pa\u00eds estaba m\u00e1s enfermo<\/strong>&nbsp;y m\u00e1s dividido que casi en cualquier otro momento de la historia de Estados Unidos\u00bb. \u00abCuando anunci\u00e9 por primera vez mi candidatura fui muy preciso sobre que para unir Estados Unidos no \u00edbamos a responder al odio con el odio para restaurar el alma del pa\u00eds\u00bb, dijo Biden al&nbsp;<em>Time&nbsp;<\/em>antes de insistir en que la unidad de los estadounidenses es su objetivo.<\/p>\n\n\n\n<p id=\"m615-6-616\"><em>Time&nbsp;<\/em>lo resume asegurando que durante la campa\u00f1a electoral Biden \u00abcre\u00eda que la mayor\u00eda de los votantes simplemente quer\u00eda la reconciliaci\u00f3n despu\u00e9s de cuatro a\u00f1os de combate, que ansiaban la decencia, la dignidad, la experiencia y la competencia\u00bb, tras la experiencia de estar gobernados por el presidente Donad Trump.<\/p>\n\n\n\n<h2 class=\"wp-block-heading\" id=\"m620-7-621\">La primera vicepresidenta mujer<\/h2>\n\n\n\n<p id=\"m625-8-626\">La revista tambi\u00e9n destac\u00f3 que Biden hubiera elegido por primera vez como compa\u00f1era de viaje electoral a una mujer, Kamala Harris, de quien&nbsp;<strong>valor\u00f3 su \u00abcarisma\u00bb y su \u00abdureza\u00bb<\/strong>&nbsp;a la hora de poner en cuesti\u00f3n a los funcionarios de la Adminstraci\u00f3n Trump.<\/p>\n\n\n\n<ul class=\"wp-block-list\"><li><\/li><\/ul>\n\n\n\n<p id=\"m630-9-631\"><em>Time&nbsp;<\/em>tampoco quiso olvidar&nbsp;<strong>la importancia de su origen<\/strong>, hija de padre jamaicano y madre india, ni su carrera profesional como fiscal general de California antes de ganar su esca\u00f1o en la C\u00e1mara Alta del Congreso estadounidense en 2016.<\/p>\n\n\n\n<h2 class=\"wp-block-heading\" id=\"m635-10-636\">Una pareja complementaria<\/h2>\n\n\n\n<p id=\"m640-11-641\">En su presentaci\u00f3n, otro aspecto en el que la publicaci\u00f3n tambi\u00e9n ha querido hacer hincapi\u00e9 es en que la pareja que tomar\u00e1 las riendas del pa\u00eds el pr\u00f3ximo enero se complementa&nbsp;<strong>ofreciendo \u00abjuntos, restauraci\u00f3n y renovaci\u00f3n:<\/strong>&nbsp;Estados Unidos compr\u00f3 lo que vend\u00edan en las elecciones con mayor participaci\u00f3n en un siglo\u00bb.<\/p>\n\n\n\n<p id=\"m645-12-646\">\u00abBiden y Harris comparten la fe en que un gobierno emp\u00e1tico puede restaurar la solidaridad que hemos perdido\u00bb, destaca\u00a0<em>Time\u00a0<\/em>en otro momento de la presentaci\u00f3n salpicada de continuos elogios y de una clara esperanza de que se queden atr\u00e1s para siempre los tiempos oscuros sembrados por Donald Trump.\u00a0<\/p>\n\n\n\n<p>Fuente: https:\/\/www.publico.es\/internacional\/eeuu-revista-time-elige-joe-biden-kamala-harris-persona-ano.html<\/p>\n","protected":false},"excerpt":{"rendered":"<p>Edward Felsenthal, editor jefe de &#8216;Time&#8217;:\u00a0 \u00abNo es s\u00f3lo por el a\u00f1o que fue, sino por lo que est\u00e1 por [&hellip;]<\/p>\n","protected":false},"author":1,"featured_media":2202,"comment_status":"open","ping_status":"open","sticky":false,"template":"","format":"standard","meta":{"site-sidebar-layout":"default","site-content-layout":"","ast-site-content-layout":"default","site-content-style":"default","site-sidebar-style":"default","ast-global-header-display":"","ast-banner-title-visibility":"","ast-main-header-display":"","ast-hfb-above-header-display":"","ast-hfb-below-header-display":"","ast-hfb-mobile-header-display":"","site-post-title":"","ast-breadcrumbs-content":"","ast-featured-img":"","footer-sml-layout":"","theme-transparent-header-meta":"","adv-header-id-meta":"","stick-header-meta":"","header-above-stick-meta":"","header-main-stick-meta":"","header-below-stick-meta":"","astra-migrate-meta-layouts":"default","ast-page-background-enabled":"default","ast-page-background-meta":{"desktop":{"background-color":"var(--ast-global-color-4)","background-image":"","background-repeat":"repeat","background-position":"center center","background-size":"auto","background-attachment":"scroll","background-type":"","background-media":"","overlay-type":"","overlay-color":"","overlay-opacity":"","overlay-gradient":""},"tablet":{"background-color":"","background-image":"","background-repeat":"repeat","background-position":"center center","background-size":"auto","background-attachment":"scroll","background-type":"","background-media":"","overlay-type":"","overlay-color":"","overlay-opacity":"","overlay-gradient":""},"mobile":{"background-color":"","background-image":"","background-repeat":"repeat","background-position":"center center","background-size":"auto","background-attachment":"scroll","background-type":"","background-media":"","overlay-type":"","overlay-color":"","overlay-opacity":"","overlay-gradient":""}},"ast-content-background-meta":{"desktop":{"background-color":"var(--ast-global-color-5)","background-image":"","background-repeat":"repeat","background-position":"center center","background-size":"auto","background-attachment":"scroll","background-type":"","background-media":"","overlay-type":"","overlay-color":"","overlay-opacity":"","overlay-gradient":""},"tablet":{"background-color":"var(--ast-global-color-5)","background-image":"","background-repeat":"repeat","background-position":"center center","background-size":"auto","background-attachment":"scroll","background-type":"","background-media":"","overlay-type":"","overlay-color":"","overlay-opacity":"","overlay-gradient":""},"mobile":{"background-color":"var(--ast-global-color-5)","background-image":"","background-repeat":"repeat","background-position":"center center","background-size":"auto","background-attachment":"scroll","background-type":"","background-media":"","overlay-type":"","overlay-color":"","overlay-opacity":"","overlay-gradient":""}},"footnotes":""},"categories":[8],"tags":[],"class_list":["post-2201","post","type-post","status-publish","format-standard","has-post-thumbnail","hentry","category-noticias"],"_links":{"self":[{"href":"https:\/\/losperiodistas.com.mx\/portal\/wp-json\/wp\/v2\/posts\/2201","targetHints":{"allow":["GET"]}}],"collection":[{"href":"https:\/\/losperiodistas.com.mx\/portal\/wp-json\/wp\/v2\/posts"}],"about":[{"href":"https:\/\/losperiodistas.com.mx\/portal\/wp-json\/wp\/v2\/types\/post"}],"author":[{"embeddable":true,"href":"https:\/\/losperiodistas.com.mx\/portal\/wp-json\/wp\/v2\/users\/1"}],"replies":[{"embeddable":true,"href":"https:\/\/losperiodistas.com.mx\/portal\/wp-json\/wp\/v2\/comments?post=2201"}],"version-history":[{"count":1,"href":"https:\/\/losperiodistas.com.mx\/portal\/wp-json\/wp\/v2\/posts\/2201\/revisions"}],"predecessor-version":[{"id":2203,"href":"https:\/\/losperiodistas.com.mx\/portal\/wp-json\/wp\/v2\/posts\/2201\/revisions\/2203"}],"wp:featuredmedia":[{"embeddable":true,"href":"https:\/\/losperiodistas.com.mx\/portal\/wp-json\/wp\/v2\/media\/2202"}],"wp:attachment":[{"href":"https:\/\/losperiodistas.com.mx\/portal\/wp-json\/wp\/v2\/media?parent=2201"}],"wp:term":[{"taxonomy":"category","embeddable":true,"href":"https:\/\/losperiodistas.com.mx\/portal\/wp-json\/wp\/v2\/categories?post=2201"},{"taxonomy":"post_tag","embeddable":true,"href":"https:\/\/losperiodistas.com.mx\/portal\/wp-json\/wp\/v2\/tags?post=2201"}],"curies":[{"name":"wp","href":"https:\/\/api.w.org\/{rel}","templated":true}]}}