{"id":21879,"date":"2022-02-20T10:35:02","date_gmt":"2022-02-20T16:35:02","guid":{"rendered":"http:\/\/losperiodistas.com.mx\/portal\/?p=21879"},"modified":"2022-02-20T10:35:03","modified_gmt":"2022-02-20T16:35:03","slug":"el-dios-de-la-lluvia-vuelve-a-llorar-sobre-mexico-el-mundo","status":"publish","type":"post","link":"https:\/\/losperiodistas.com.mx\/portal\/el-dios-de-la-lluvia-vuelve-a-llorar-sobre-mexico-el-mundo\/","title":{"rendered":"El Dios de la Lluvia vuelve a llorar sobre M\u00e9xico | El Mundo"},"content":{"rendered":"\n<figure class=\"wp-block-image size-large\"><img fetchpriority=\"high\" decoding=\"async\" width=\"990\" height=\"660\" src=\"https:\/\/losperiodistas.com.mx\/portal\/wp-content\/uploads\/2022\/02\/16453007866137.jpg\" alt=\"\" class=\"wp-image-21880\" srcset=\"https:\/\/losperiodistas.com.mx\/portal\/wp-content\/uploads\/2022\/02\/16453007866137.jpg 990w, https:\/\/losperiodistas.com.mx\/portal\/wp-content\/uploads\/2022\/02\/16453007866137-300x200.jpg 300w, https:\/\/losperiodistas.com.mx\/portal\/wp-content\/uploads\/2022\/02\/16453007866137-768x512.jpg 768w\" sizes=\"(max-width: 990px) 100vw, 990px\" \/><figcaption>RAUL AIRAS l Arias<\/figcaption><\/figure>\n\n\n\n<p class=\"has-vivid-cyan-blue-color has-text-color has-medium-font-size\">SILVIA ROM\u00c1N \/ EL MUNDO<\/p>\n\n\n\n<p><strong>PA\u00cdS PROTAGONISTA. M\u00e9xico. POBLACI\u00d3N. 128 millones. DEBATE. Asesinatos, grietas en el Estado de Derecho, impunidad, un presidente populista&#8230; \u00bfEst\u00e1n los mexicanos al filo de vivir en un Estado fallido?<\/strong><\/p>\n\n\n\n<p>Entre el silencio de las ruinas de las ciudades&nbsp;mayas de Uxmal y Cob\u00e1 o desde lo alto de las extraordinarias pir\u00e1mides aztecas del Sol y la Luna, uno entiende la magia y los cimientos sobre los que M\u00e9xico se asienta, respira y siente. Ya lo apunt\u00f3 alto y claro el escritor h\u00fangaro Laszlo Passuth, autor del cl\u00e1sico&nbsp;<em>El dios de la lluvia llora sobre M\u00e9xico<\/em>: \u00abEn este lugar se produjo un enorme choque de civilizaciones extraterrestres\u00bb. Emperadores contra conquistadores, sangre, violencia, miedo. La cara cruel del M\u00e9xico lindo fue sufrida por muchas generaciones&#8230; hasta hoy d\u00eda.<\/p>\n\n\n\n<p>La Riviera Maya tan amada por los espa\u00f1oles est\u00e1 militarizada debido a las guerras entre bandas que ha llevado a m\u00e1s de un turista a presenciar un asesinato a quemarropa entre las id\u00edlicas playas. Los periodistas mexicanos sufren una siniestra persecuci\u00f3n, que se salda con un informante muerto por semana. Y el presidente de la Rep\u00fablica de los Estados Unidos Mexicanos,&nbsp;<a href=\"https:\/\/www.elmundo.es\/podcasts\/el-mundo-al-dia\/2022\/02\/11\/6205bf8cfc6c8398748b458f.html\">Andr\u00e9s Manuel L\u00f3pez Obrador<\/a>, ejerce un populismo que muchos aplaudieron al principio de su mandato porque no se plegaba totalmente al del eje revolucionario Nicaragua-Venezuela-Cuba, pero que ejerce un similar efecto da\u00f1ino y consecuencias nefastas: palabras que gustan y atraen a las clases populares (\u00ab\u00bfPara qu\u00e9 m\u00e1s si ya tenemos zapatos?\u00bb) cuando la realidad es otra (su primog\u00e9nito se construy\u00f3 una mansi\u00f3n de 2.500 metros cuadrados).<\/p>\n\n\n\n<p>M\u00e9xico se encuentra en el \u00cdndice del Estado de Derecho del World Justice Project (Proyecto de Justicia Mundial) en el puesto 113 de 139 pa\u00edses (Espa\u00f1a, en el 21). En los \u00faltimos cuatro a\u00f1os -L\u00f3pez Obrador lleg\u00f3 al poder en 2018-, su r\u00e9gimen democr\u00e1tico se ha ido debilitando y cayendo en el&nbsp;<em>ranking<\/em>: los l\u00edmites al poder gubernamental, el estado c\u00edvico, la rapidez de la Justicia&#8230;<\/p>\n\n\n\n<p><strong>En M\u00e9xico no s\u00f3lo se pierde la vida<\/strong>&nbsp;por ser periodista tiroteado dentro de tu coche o en la puerta de tu casa,&nbsp;<strong>sino que luego tu muerte queda impune&nbsp;<\/strong>(el 90% de los asesinatos). De ah\u00ed el miedo actual entre la poblaci\u00f3n, pues el crimen organizado mata alegremente a reporteros, pero tambi\u00e9n a activistas medioambientales y a ciudadanos de a pie.<\/p>\n\n\n\n<p>A su vez, es&nbsp;<strong>un temor de doble filo<\/strong>&#8230; Las fuerzas armadas est\u00e1n demasiado presentes en la vida de los mexicanos. No es algo actual. Cruzar el pa\u00eds en autob\u00fas conlleva que militares lo paren en aleatorios controles en caminos y carreteras y suban fuertemente armados paseando entre los asientos de los civiles. \u00abSi tomas las mayores masacres de los \u00faltimos 30 a\u00f1os en M\u00e9xico, las investigaciones terminan cuando aparecen en el blanco las fuerzas armadas\u00bb, se\u00f1alaba estos d\u00edas Michael Chamberlin, experto y f\u00e9rreo defensor mexicano de los derechos humanos. \u00abY los militares ahora est\u00e1n asumiendo muchas funciones m\u00e1s all\u00e1 de la seguridad\u00bb, recordaba.<\/p>\n\n\n\n<p>Fue el propio L\u00f3pez Obrador el que pronunci\u00f3 la frase \u00abno se debe combatir el fuego con m\u00e1s fuego\u00bb. Pues bien,&nbsp;<strong>el presidente no dud\u00f3 en romper esta premisa y promesa<\/strong>&nbsp;electoral en mayo de 2020, ordenando la vuelta a las calles de los militares.<\/p>\n\n\n\n<p>La mala gesti\u00f3n del coronavirus ha sido otra de las piedras en el zapato del presidente conocido tambi\u00e9n como AMLO. Las im\u00e1genes de mexicanos haciendo cola con bombonas de ox\u00edgeno entre sus manos, para rellenarlas, dieron la vuelta al mundo. De hecho, fue uno de los factores que caus\u00f3 que en las elecciones de mitad de mandato, celebradas el a\u00f1o pasado, el partido gubernamental perdiera millones de votos en la C\u00e1mara de los Diputados y se desplomara en las urnas de Ciudad de M\u00e9xico, una capital de nueve millones de personas acostumbradas a la delincuencia y a las dificultades m\u00e1s variopintas, pero que se resisten a normalizarlas y a convertirlas en una rutina.<\/p>\n\n\n\n<p><strong>\u00abAbrazos y no balazos\u00bb,<\/strong>&nbsp;coreaba L\u00f3pez Obrador cuando hace cuatro a\u00f1os se presentaba como el Mes\u00edas que salvar\u00eda el pa\u00eds de la desigualdad, la corrupci\u00f3n, y, ante todo, los homicidios. \u00bfCu\u00e1ntas muertes violentas se han producido en los tres a\u00f1os que AMLO lleva instalado en el Palacio Nacional? M\u00e1s de 100.000. Es verdad que el actual presidente hered\u00f3 un pa\u00eds repleto de heridas dif\u00edciles de cicatrizar, pero ahora lo est\u00e1 dejando abierto en canal.<\/p>\n\n\n\n<p><strong>El debate sobre si M\u00e9xico puede considerarse un Estado fallido est\u00e1 de nuevo sobre la mesa,<\/strong>&nbsp;m\u00e1s a\u00fan cuando el poder del narco hace estragos desde Acapulco hasta Tulum.<\/p>\n\n\n\n<p>Da igual que L\u00f3pez Obrador intente distraer la atenci\u00f3n&nbsp;<strong>mirando por debajo de la alfombra de la Historia e increpando al Rey Felipe VI para que pida \u00abperd\u00f3n\u00bb por la Conquista espa\u00f1ola.<\/strong>&nbsp;El problema de M\u00e9xico no est\u00e1 en el pasado, sino en el presente, si bien es cierto que en Am\u00e9rica Latina hay una corriente que asegura que el \u00abgenocidio\u00bb espa\u00f1ol implant\u00f3 un sistema que caus\u00f3 la brecha social que sufre la regi\u00f3n.<\/p>\n\n\n\n<p>M\u00e9xico es color y pasi\u00f3n, pero tambi\u00e9n brutalidad y dolor. Pasa de cantar al alba\u00a0<em>Las Ma\u00f1anitas<\/em>\u00a0a entonar al ocaso el\u00a0<em>Ay, Llorona<\/em>. Muchos mexicanos piensan ahora en su pa\u00eds cuando escuchan la letra de esta \u00faltima y melanc\u00f3lica canci\u00f3n: \u00abAunque la vida me cueste, no dejar\u00e9 de quererte\u00bb.<\/p>\n\n\n\n<p>Fuente: https:\/\/www.elmundo.es\/internacional\/2022\/02\/20\/62114a1afc6c837e178b4574.html<\/p>\n","protected":false},"excerpt":{"rendered":"<p>SILVIA ROM\u00c1N \/ EL MUNDO PA\u00cdS PROTAGONISTA. M\u00e9xico. POBLACI\u00d3N. 128 millones. DEBATE. Asesinatos, grietas en el Estado de Derecho, impunidad, [&hellip;]<\/p>\n","protected":false},"author":1,"featured_media":21880,"comment_status":"open","ping_status":"open","sticky":false,"template":"","format":"standard","meta":{"site-sidebar-layout":"default","site-content-layout":"","ast-site-content-layout":"default","site-content-style":"default","site-sidebar-style":"default","ast-global-header-display":"","ast-banner-title-visibility":"","ast-main-header-display":"","ast-hfb-above-header-display":"","ast-hfb-below-header-display":"","ast-hfb-mobile-header-display":"","site-post-title":"","ast-breadcrumbs-content":"","ast-featured-img":"","footer-sml-layout":"","theme-transparent-header-meta":"","adv-header-id-meta":"","stick-header-meta":"","header-above-stick-meta":"","header-main-stick-meta":"","header-below-stick-meta":"","astra-migrate-meta-layouts":"default","ast-page-background-enabled":"default","ast-page-background-meta":{"desktop":{"background-color":"var(--ast-global-color-4)","background-image":"","background-repeat":"repeat","background-position":"center center","background-size":"auto","background-attachment":"scroll","background-type":"","background-media":"","overlay-type":"","overlay-color":"","overlay-opacity":"","overlay-gradient":""},"tablet":{"background-color":"","background-image":"","background-repeat":"repeat","background-position":"center center","background-size":"auto","background-attachment":"scroll","background-type":"","background-media":"","overlay-type":"","overlay-color":"","overlay-opacity":"","overlay-gradient":""},"mobile":{"background-color":"","background-image":"","background-repeat":"repeat","background-position":"center center","background-size":"auto","background-attachment":"scroll","background-type":"","background-media":"","overlay-type":"","overlay-color":"","overlay-opacity":"","overlay-gradient":""}},"ast-content-background-meta":{"desktop":{"background-color":"var(--ast-global-color-5)","background-image":"","background-repeat":"repeat","background-position":"center center","background-size":"auto","background-attachment":"scroll","background-type":"","background-media":"","overlay-type":"","overlay-color":"","overlay-opacity":"","overlay-gradient":""},"tablet":{"background-color":"var(--ast-global-color-5)","background-image":"","background-repeat":"repeat","background-position":"center center","background-size":"auto","background-attachment":"scroll","background-type":"","background-media":"","overlay-type":"","overlay-color":"","overlay-opacity":"","overlay-gradient":""},"mobile":{"background-color":"var(--ast-global-color-5)","background-image":"","background-repeat":"repeat","background-position":"center center","background-size":"auto","background-attachment":"scroll","background-type":"","background-media":"","overlay-type":"","overlay-color":"","overlay-opacity":"","overlay-gradient":""}},"footnotes":""},"categories":[8],"tags":[7233,7891,199,3383,7892],"class_list":["post-21879","post","type-post","status-publish","format-standard","has-post-thumbnail","hentry","category-noticias","tag-periodismoenriesgo","tag-abrazos-y-no-balazos","tag-amlo","tag-estado-fallido","tag-impunidad-mexico"],"_links":{"self":[{"href":"https:\/\/losperiodistas.com.mx\/portal\/wp-json\/wp\/v2\/posts\/21879","targetHints":{"allow":["GET"]}}],"collection":[{"href":"https:\/\/losperiodistas.com.mx\/portal\/wp-json\/wp\/v2\/posts"}],"about":[{"href":"https:\/\/losperiodistas.com.mx\/portal\/wp-json\/wp\/v2\/types\/post"}],"author":[{"embeddable":true,"href":"https:\/\/losperiodistas.com.mx\/portal\/wp-json\/wp\/v2\/users\/1"}],"replies":[{"embeddable":true,"href":"https:\/\/losperiodistas.com.mx\/portal\/wp-json\/wp\/v2\/comments?post=21879"}],"version-history":[{"count":1,"href":"https:\/\/losperiodistas.com.mx\/portal\/wp-json\/wp\/v2\/posts\/21879\/revisions"}],"predecessor-version":[{"id":21881,"href":"https:\/\/losperiodistas.com.mx\/portal\/wp-json\/wp\/v2\/posts\/21879\/revisions\/21881"}],"wp:featuredmedia":[{"embeddable":true,"href":"https:\/\/losperiodistas.com.mx\/portal\/wp-json\/wp\/v2\/media\/21880"}],"wp:attachment":[{"href":"https:\/\/losperiodistas.com.mx\/portal\/wp-json\/wp\/v2\/media?parent=21879"}],"wp:term":[{"taxonomy":"category","embeddable":true,"href":"https:\/\/losperiodistas.com.mx\/portal\/wp-json\/wp\/v2\/categories?post=21879"},{"taxonomy":"post_tag","embeddable":true,"href":"https:\/\/losperiodistas.com.mx\/portal\/wp-json\/wp\/v2\/tags?post=21879"}],"curies":[{"name":"wp","href":"https:\/\/api.w.org\/{rel}","templated":true}]}}