{"id":2184,"date":"2020-12-11T06:20:47","date_gmt":"2020-12-11T12:20:47","guid":{"rendered":"http:\/\/losperiodistas.com.mx\/portal\/?p=2184"},"modified":"2020-12-11T06:20:47","modified_gmt":"2020-12-11T12:20:47","slug":"coronavirus-en-mexico-se-registraron-11897-nuevos-contagios-y-671-muertes","status":"publish","type":"post","link":"https:\/\/losperiodistas.com.mx\/portal\/coronavirus-en-mexico-se-registraron-11897-nuevos-contagios-y-671-muertes\/","title":{"rendered":"Coronavirus en M\u00e9xico: se registraron 11,897 nuevos contagios y 671 muertes"},"content":{"rendered":"\n<p style=\"font-size:18px\"><em>La Secretar\u00eda de Salud inform\u00f3 este jueves el avance de la enfermedad de COVID-19 en M\u00e9xico<\/em><\/p>\n\n\n\n<p class=\"has-vivid-cyan-blue-color has-text-color has-medium-font-size\">INFOBAE<\/p>\n\n\n\n<p>En M\u00e9xico, la Secretar\u00eda de Salud (SSa) report\u00f3&nbsp;<strong>11,897 casos positivos<\/strong>&nbsp;y&nbsp;<strong>671 muertes por coronavirus en 24 horas.<\/strong><\/p>\n\n\n\n<p>Con estas cifras, hasta este jueves 10 de diciembre se acumularon&nbsp;<strong>1,217,126 casos positivos<\/strong>&nbsp;y&nbsp;<strong>112,326 defunciones<\/strong>.<\/p>\n\n\n\n<p>Asimismo, hay\u00a0<strong>49,058 casos sospechosos<\/strong>\u00a0con posibilidad de resultado,\u00a0<strong>1,507,203 negativos<\/strong>\u00a0y un total de\u00a0<strong>3,188,237 personas estudiadas\u00a0<\/strong>desde el primer caso registrado en el pa\u00eds.<\/p>\n\n\n\n<p>Cabe se\u00f1alar que del 7 al 20 de diciembre se encontrar\u00e1 vigente el sem\u00e1foro epidemiol\u00f3gico que establece que 2 entidades&nbsp;<strong>(Baja California y Zacatecas)<\/strong>&nbsp;se encuentran en color rojo (estado m\u00e1ximo de riesgo), 24 en color naranja (estado de riesgo alto), tres en amarillo (estado de riesgo medio) y tres m\u00e1s se ti\u00f1eron de verde (estado bajo de riesgo).<img fetchpriority=\"high\" decoding=\"async\" alt=\"La Secretaria de Salud report\u00f3 1,217,126 casos positivos acumulados de COVID-19 en M\u00e9xico (Foto: Ssa)\" height=\"1000\" src=\"https:\/\/www.infobae.com\/new-resizer\/3xTnQccPQWqAiDR4vHxTS95aTOA=\/420x236\/filters:format(jpg):quality(85)\/\/cloudfront-us-east-1.images.arcpublishing.com\/infobae\/JKJ5KR6BJBHERKE46CSXOXXTFY.jpeg\" width=\"1778\">La Secretaria de Salud report\u00f3 1,217,126 casos positivos acumulados de COVID-19 en M\u00e9xico (Foto: Ssa)<\/p>\n\n\n\n<p>Ana Luc\u00eda de la Garza, directora de Investigaci\u00f3n Operativa Epidemiol\u00f3gica, dio a conocer<strong>&nbsp;que<\/strong>&nbsp;<strong>la proporci\u00f3n de las personas que han dado positivo a la prueba de COVID-19 se ubic\u00f3 en 42% en la semana 48.<\/strong><\/p>\n\n\n\n<p>Adicionalmente, la SSa estim\u00f3&nbsp;<strong>que 80,420 (6%) pacientes presentaron s\u00edntomas en los \u00faltimos 14 d\u00edas<\/strong>, lo cual representa a personas que potencialmente contribuyen a la transmisi\u00f3n del virus.<\/p>\n\n\n\n<p>De la semana 47 a la 48 no se presentaron cambios<strong>&nbsp;en casos estimados<\/strong>&nbsp;(suma de contagios confirmados y sospechosos) a nivel nacional, contabiliz\u00e1ndose 1,392,495, hasta el este jueves. Asimismo se reportaron 896,130 personas recuperadas de la enfermedad.<\/p>\n\n\n\n<p>Aunado a esto, se report\u00f3 un&nbsp;<strong>aumento de 8% en las defunciones<\/strong>&nbsp;por COVID-19, respecto a la semana anterior.<\/p>\n\n\n\n<p>\u201cEs importante enfatizar que&nbsp;<strong>debemos continuar con las medidas preventivas<\/strong>, la epidemia no ha terminado, contin\u00faa, no nada m\u00e1s en M\u00e9xico, sino en todos los pa\u00edses.&nbsp;<strong>Hemos presentado datos de manera internacional en donde observamos diferentes incrementos en los n\u00fameros de casos<\/strong>. Europa, hace alg\u00fan mes, presentaba un incremento importante, por eso es que debemos seguir trabajando y cuid\u00e1ndonos para que las defunciones no aumenten\u201d, se\u00f1al\u00f3 la funcionaria.<img decoding=\"async\" alt=\"A nivel nacional, hay un 39% de ocupaci\u00f3n hospitalaria total (Foto: SSa)\" height=\"1000\" src=\"https:\/\/www.infobae.com\/new-resizer\/o8WEaW3NnAU7GFXjTfKWCwb6x6M=\/420x236\/filters:format(jpg):quality(85)\/\/cloudfront-us-east-1.images.arcpublishing.com\/infobae\/KZLHNQJBJRGXFKYQRT34XEYNDI.jpeg\" width=\"1778\">A nivel nacional, hay un 39% de ocupaci\u00f3n hospitalaria total (Foto: SSa)<\/p>\n\n\n\n<p>Por otra parte, De la Garza Barroso dio informaci\u00f3n sobre la hospitalizaci\u00f3n diaria nacional. En este aspecto, detall\u00f3 que&nbsp;<strong>hay un 39% de ocupaci\u00f3n total (41% en camas de atenci\u00f3n general y 34% en camas con ventilador).<\/strong><\/p>\n\n\n\n<p>Al \u00faltimo corte, se report\u00f3 una ca\u00edda de<strong>&nbsp;15% en la ocupaci\u00f3n hospitalaria&nbsp;<\/strong>desde que se registr\u00f3 la mayor cantidad de personas internadas, con 18,223.<\/p>\n\n\n\n<p><strong>Hugo L\u00f3pez-Gatell<\/strong>, subsecretario de Prevenci\u00f3n y Promoci\u00f3n de la Salud, dio a conocer que en una reuni\u00f3n con mandatarios estatales, la secretaria de Gobernaci\u00f3n (Segob) Olga S\u00e1nchez Cordero y el titular de la Secretar\u00eda de Salud,&nbsp;<strong>se trat\u00f3 la pol\u00edtica nacional de vacunaci\u00f3n contra el virus SARS-CoV-2<\/strong>, para la prevenci\u00f3n de COVID-19.<img decoding=\"async\" alt=\"En las \u00faltimas semanas, la SSa report\u00f3 u incremento en los contagios de COVID-19 (Foto: Reuters \/ Edgard Garrido)\" height=\"533\" src=\"https:\/\/www.infobae.com\/new-resizer\/DFOAhpchCJOW68HxaW_I19tVIVA=\/420x280\/filters:format(jpg):quality(85)\/\/cloudfront-us-east-1.images.arcpublishing.com\/infobae\/MSGGDMO3MFMMZXBRT7MCGTV7TE.jpg\" width=\"800\">En las \u00faltimas semanas, la SSa report\u00f3 u incremento en los contagios de COVID-19 (Foto: Reuters \/ Edgard Garrido)<\/p>\n\n\n\n<p>En este sentido, dijo que durante el desarrollo de la epidemia por COVID-19, medios de comunicaci\u00f3n, gobiernos y organizaciones han dejado ver su despreocupaci\u00f3n en torno a la situaci\u00f3n.<\/p>\n\n\n\n<p>\u201cEn el caso de quienes somos funcionarios p\u00fablicos, ya sea de los gobiernos estatales o del gobierno federal, tenemos una doble responsabilidad.&nbsp;<mark><strong>Somos ciudadanos y ciudadanas, y en ese sentido estamos moralmente obligados, o invitados, a tener esa participaci\u00f3n de colaboraci\u00f3n con el resto de nuestros pares\u201d, argument\u00f3 el funcionario.<\/strong><\/mark><\/p>\n\n\n\n<p>Asimismo, se\u00f1al\u00f3 que en un momento en el que toda la humanidad est\u00e1 afectada es importante que se act\u00fae en com\u00fan acuerdo.El gobierno de M\u00e9xico ha sido representativo de este sentimiento de unidad. Recordar que el presidente Andr\u00e9s Manuel L\u00f3pez Obrador, desde aquella reuni\u00f3n inicial del G20, fue el \u00fanico de los participantes que expres\u00f3 un llamado de car\u00e1cter urgente a que la humanidad actuara con generosidad, uniendo sus mejores actitudes para lograr un acceso justo, transparente, oportuno, suficiente de los insumos para la salud<\/p>\n\n\n\n<p>Fuente: https:\/\/www.infobae.com\/america\/mexico\/2020\/12\/11\/coronavirus-en-mexico-se-registraron-11897-nuevos-contagios-y-671-muertes\/<\/p>\n","protected":false},"excerpt":{"rendered":"<p>La Secretar\u00eda de Salud inform\u00f3 este jueves el avance de la enfermedad de COVID-19 en M\u00e9xico INFOBAE En M\u00e9xico, la [&hellip;]<\/p>\n","protected":false},"author":1,"featured_media":2185,"comment_status":"open","ping_status":"open","sticky":false,"template":"","format":"standard","meta":{"site-sidebar-layout":"default","site-content-layout":"","ast-site-content-layout":"default","site-content-style":"default","site-sidebar-style":"default","ast-global-header-display":"","ast-banner-title-visibility":"","ast-main-header-display":"","ast-hfb-above-header-display":"","ast-hfb-below-header-display":"","ast-hfb-mobile-header-display":"","site-post-title":"","ast-breadcrumbs-content":"","ast-featured-img":"","footer-sml-layout":"","theme-transparent-header-meta":"","adv-header-id-meta":"","stick-header-meta":"","header-above-stick-meta":"","header-main-stick-meta":"","header-below-stick-meta":"","astra-migrate-meta-layouts":"default","ast-page-background-enabled":"default","ast-page-background-meta":{"desktop":{"background-color":"var(--ast-global-color-4)","background-image":"","background-repeat":"repeat","background-position":"center center","background-size":"auto","background-attachment":"scroll","background-type":"","background-media":"","overlay-type":"","overlay-color":"","overlay-opacity":"","overlay-gradient":""},"tablet":{"background-color":"","background-image":"","background-repeat":"repeat","background-position":"center center","background-size":"auto","background-attachment":"scroll","background-type":"","background-media":"","overlay-type":"","overlay-color":"","overlay-opacity":"","overlay-gradient":""},"mobile":{"background-color":"","background-image":"","background-repeat":"repeat","background-position":"center center","background-size":"auto","background-attachment":"scroll","background-type":"","background-media":"","overlay-type":"","overlay-color":"","overlay-opacity":"","overlay-gradient":""}},"ast-content-background-meta":{"desktop":{"background-color":"var(--ast-global-color-5)","background-image":"","background-repeat":"repeat","background-position":"center center","background-size":"auto","background-attachment":"scroll","background-type":"","background-media":"","overlay-type":"","overlay-color":"","overlay-opacity":"","overlay-gradient":""},"tablet":{"background-color":"var(--ast-global-color-5)","background-image":"","background-repeat":"repeat","background-position":"center center","background-size":"auto","background-attachment":"scroll","background-type":"","background-media":"","overlay-type":"","overlay-color":"","overlay-opacity":"","overlay-gradient":""},"mobile":{"background-color":"var(--ast-global-color-5)","background-image":"","background-repeat":"repeat","background-position":"center center","background-size":"auto","background-attachment":"scroll","background-type":"","background-media":"","overlay-type":"","overlay-color":"","overlay-opacity":"","overlay-gradient":""}},"footnotes":""},"categories":[8],"tags":[],"class_list":["post-2184","post","type-post","status-publish","format-standard","has-post-thumbnail","hentry","category-noticias"],"_links":{"self":[{"href":"https:\/\/losperiodistas.com.mx\/portal\/wp-json\/wp\/v2\/posts\/2184","targetHints":{"allow":["GET"]}}],"collection":[{"href":"https:\/\/losperiodistas.com.mx\/portal\/wp-json\/wp\/v2\/posts"}],"about":[{"href":"https:\/\/losperiodistas.com.mx\/portal\/wp-json\/wp\/v2\/types\/post"}],"author":[{"embeddable":true,"href":"https:\/\/losperiodistas.com.mx\/portal\/wp-json\/wp\/v2\/users\/1"}],"replies":[{"embeddable":true,"href":"https:\/\/losperiodistas.com.mx\/portal\/wp-json\/wp\/v2\/comments?post=2184"}],"version-history":[{"count":1,"href":"https:\/\/losperiodistas.com.mx\/portal\/wp-json\/wp\/v2\/posts\/2184\/revisions"}],"predecessor-version":[{"id":2186,"href":"https:\/\/losperiodistas.com.mx\/portal\/wp-json\/wp\/v2\/posts\/2184\/revisions\/2186"}],"wp:featuredmedia":[{"embeddable":true,"href":"https:\/\/losperiodistas.com.mx\/portal\/wp-json\/wp\/v2\/media\/2185"}],"wp:attachment":[{"href":"https:\/\/losperiodistas.com.mx\/portal\/wp-json\/wp\/v2\/media?parent=2184"}],"wp:term":[{"taxonomy":"category","embeddable":true,"href":"https:\/\/losperiodistas.com.mx\/portal\/wp-json\/wp\/v2\/categories?post=2184"},{"taxonomy":"post_tag","embeddable":true,"href":"https:\/\/losperiodistas.com.mx\/portal\/wp-json\/wp\/v2\/tags?post=2184"}],"curies":[{"name":"wp","href":"https:\/\/api.w.org\/{rel}","templated":true}]}}