{"id":21784,"date":"2022-02-18T09:55:20","date_gmt":"2022-02-18T15:55:20","guid":{"rendered":"http:\/\/losperiodistas.com.mx\/portal\/?p=21784"},"modified":"2022-02-18T09:55:22","modified_gmt":"2022-02-18T15:55:22","slug":"me-llena-de-orgullo-que-ted-cruz-se-lance-en-contra-del-gobierno-que-represento-amlo-el-financiero","status":"publish","type":"post","link":"https:\/\/losperiodistas.com.mx\/portal\/me-llena-de-orgullo-que-ted-cruz-se-lance-en-contra-del-gobierno-que-represento-amlo-el-financiero\/","title":{"rendered":"\u2018Me llena de orgullo\u2019 que Ted Cruz se lance en contra del gobierno que represento: AMLO | El Financiero"},"content":{"rendered":"\n<p style=\"font-size:18px\"><em>El senador republicano Ted Cruz acus\u00f3 a AMLO de intimidar a periodistas y pidi\u00f3 a Joe Biden tomar medidas para frenar \u2018esta tendencia mortal\u2019.<\/em><\/p>\n\n\n\n<figure class=\"wp-block-image size-large\"><img fetchpriority=\"high\" decoding=\"async\" width=\"800\" height=\"596\" src=\"https:\/\/losperiodistas.com.mx\/portal\/wp-content\/uploads\/2022\/02\/FWVKN2FLLFFGZIG5LDSA3PZ7JI.jpeg\" alt=\"\" class=\"wp-image-21785\" srcset=\"https:\/\/losperiodistas.com.mx\/portal\/wp-content\/uploads\/2022\/02\/FWVKN2FLLFFGZIG5LDSA3PZ7JI.jpeg 800w, https:\/\/losperiodistas.com.mx\/portal\/wp-content\/uploads\/2022\/02\/FWVKN2FLLFFGZIG5LDSA3PZ7JI-300x224.jpeg 300w, https:\/\/losperiodistas.com.mx\/portal\/wp-content\/uploads\/2022\/02\/FWVKN2FLLFFGZIG5LDSA3PZ7JI-768x572.jpeg 768w\" sizes=\"(max-width: 800px) 100vw, 800px\" \/><figcaption>AMLO dijo que se &#8216;preocupar\u00eda&#8217; si una persona como Ted Cruz hablara bien de \u00e9l.\u00a0(Presidencia)<\/figcaption><\/figure>\n\n\n\n<p class=\"has-vivid-cyan-blue-color has-text-color has-medium-font-size\">EL FINANCIERO<\/p>\n\n\n\n<p>El presidente Andr\u00e9s Manuel L\u00f3pez Obrador afirm\u00f3 que lo llena de&nbsp;<strong>orgullo<\/strong>&nbsp;que una persona como<strong>&nbsp;Ted Cruz<\/strong>&nbsp;critique el gobierno que \u00e9l representa.<\/p>\n\n\n\n<p>Cuestionado sobre las declaraciones del senador republicano, quien&nbsp;<a href=\"https:\/\/www.elfinanciero.com.mx\/nacional\/2022\/02\/17\/ted-cruz-senador-de-eu-acusa-a-amlo-de-intimidar-a-periodistas-pide-a-biden-tomar-medidas\/\" target=\"_blank\" rel=\"noreferrer noopener\">acus\u00f3 al mandatario mexicano de intimidar e impulsar agresiones en contra de los periodistas<\/a>, AMLO asegur\u00f3 \u201c<strong>era natural<\/strong>\u201d que el pol\u00edtico texano se expresara como lo hizo.<\/p>\n\n\n\n<p>\u201cLa verdad es un timbre de orgullo que un senador como esta persona se lance contra el gobierno que represento.\u00a0<strong>Me llena de orgullo<\/strong>. Si \u00e9l me alabara, si hablara bien de m\u00ed, a lo mejor me pondr\u00eda yo a pensar que no estamos haciendo bien las cosas,\u00a0<strong>pero si \u00e9l dice que estamos mal, la verdad s\u00ed me produce orgullo<\/strong>\u00a0y es normal que en un proceso democr\u00e1tico existan estas expresiones\u201d, dijo durante la conferencia de prensa matutina de este viernes.<\/p>\n\n\n\n<p><a href=\"https:\/\/www.elfinanciero.com.mx\/nacional\/2022\/02\/17\/ted-cruz-senador-de-eu-acusa-a-amlo-de-intimidar-a-periodistas-pide-a-biden-tomar-medidas\/\"><\/a><a href=\"https:\/\/www.elfinanciero.com.mx\/nacional\/2022\/02\/17\/ted-cruz-senador-de-eu-acusa-a-amlo-de-intimidar-a-periodistas-pide-a-biden-tomar-medidas\/\">Ted Cruz, senador de EU, acusa a AMLO de intimidar a periodistas; pide a Biden tomar medidas<\/a><\/p>\n\n\n\n<hr class=\"wp-block-separator\"\/>\n\n\n\n<p>\u201c<strong>Es natural que el senador de Texas no est\u00e9 de acuerdo con nosotros y se exprese como lo hizo<\/strong>\u201d, agreg\u00f3.<\/p>\n\n\n\n<p>L\u00f3pez Obrador asegur\u00f3 que el republicanoTed Cruz no solo est\u00e1 en contra de su gobierno, sino tambi\u00e9n en\u00a0<strong>contra de los mexicanos que trabajan y viven honradamente en Estados Unidos<\/strong>.<\/p>\n\n\n\n<figure class=\"wp-block-embed is-type-rich is-provider-twitter wp-block-embed-twitter\"><div class=\"wp-block-embed__wrapper\">\n<blockquote class=\"twitter-tweet\" data-width=\"500\" data-dnt=\"true\"><p lang=\"es\" dir=\"ltr\">&quot;Es un timbre de orgullo que un senador se lance en contra del gobierno que represento&quot;, respondi\u00f3 el presidente <a href=\"https:\/\/twitter.com\/lopezobrador_?ref_src=twsrc%5Etfw\">@lopezobrador_<\/a> a las cr\u00edticas que hizo el legislador de EU, Ted Cruz, a su administraci\u00f3n. <a href=\"https:\/\/t.co\/K9PTZ2BH92\">pic.twitter.com\/K9PTZ2BH92<\/a><\/p>&mdash; El Financiero TV (@ElFinancieroTv) <a href=\"https:\/\/twitter.com\/ElFinancieroTv\/status\/1494689160338100234?ref_src=twsrc%5Etfw\">February 18, 2022<\/a><\/blockquote><script async src=\"https:\/\/platform.twitter.com\/widgets.js\" charset=\"utf-8\"><\/script>\n<\/div><\/figure>\n\n\n\n<p>En este contexto,&nbsp;<strong>el presidente ironiz\u00f3 sobre el tema y cuestion\u00f3 si los \u201cconservadores mexicanos\u201d no hab\u00edan realizado un&nbsp;<\/strong><em><strong>Twitter Spaces<\/strong><\/em><strong>&nbsp;en apoyo a Ted Cruz, #TodosSomosTedCruz<\/strong>, como se hizo con Carlos Loret de Mola.<\/p>\n\n\n\n<h2 class=\"wp-block-heading\"><strong>Ted Cruz vs AMLO<\/strong><\/h2>\n\n\n\n<p>El senador republicano Ted Cruz, quien en m\u00faltiples ocasiones se ha pronunciado en contra de la regularizaci\u00f3n de los migrantes mexicanos en Estados Unidos, critic\u00f3 a la administraci\u00f3n de L\u00f3pez Obrador y se dijo preocupado por\u00a0<strong>\u201clos disturbios civiles en M\u00e9xico y el colapso de la sociedad civil<\/strong>\u201d.<\/p>\n\n\n\n<p><a href=\"https:\/\/www.elfinanciero.com.mx\/mundo\/millones-del-chapo-deberian-ir-destinados-al-muro-ted-cruz\/\"><\/a><a href=\"https:\/\/www.elfinanciero.com.mx\/mundo\/millones-del-chapo-deberian-ir-destinados-al-muro-ted-cruz\/\">Millones del &#8216;Chapo&#8217; deber\u00edan ir destinados al muro: Ted Cruz<\/a><\/p>\n\n\n\n<hr class=\"wp-block-separator\"\/>\n\n\n\n<p>La ruptura del Estado de Derecho en nuestra frontera sur plantea graves desaf\u00edos y peligros para la seguridad nacional de Estados Unidos en temas que van desde la lucha contra el narcotr\u00e1fico a la migraci\u00f3n ilegal\u201d, dijo el senador.<\/p>\n\n\n\n<p>Asimismo, el legislador por Texas acus\u00f3 al presidente L\u00f3pez Obrador de empeorar la situaci\u00f3n que viven los periodistas en M\u00e9xico.<\/p>\n\n\n\n<p>\u201c<strong>El clima actual al que se enfrentan los pol\u00edticos y periodistas en M\u00e9xico es el m\u00e1s mort\u00edfero de la historia<\/strong>. En 2020, m\u00e1s periodistas fueron asesinados en M\u00e9xico que en cualquier otro pa\u00eds del mundo\u2026 El presidente L\u00f3pez Obrador parece decidido a empeorar todas estas tendencias\u201d, dijo.<\/p>\n\n\n\n<figure class=\"wp-block-embed is-type-rich is-provider-twitter wp-block-embed-twitter\"><div class=\"wp-block-embed__wrapper\">\n<blockquote class=\"twitter-tweet\" data-width=\"500\" data-dnt=\"true\"><p lang=\"en\" dir=\"ltr\">The accelerating breakdown of Mexican institutions and the rule of law under L\u00f3pez Obrador is a threat to US national security.<br> <br>Today, I pressed the Administration on the need to do more to stop and reverse this deadly trend. <a href=\"https:\/\/t.co\/h1ZAiNUB7c\">pic.twitter.com\/h1ZAiNUB7c<\/a><\/p>&mdash; Senator Ted Cruz (@SenTedCruz) <a href=\"https:\/\/twitter.com\/SenTedCruz\/status\/1494126785734361098?ref_src=twsrc%5Etfw\">February 17, 2022<\/a><\/blockquote><script async src=\"https:\/\/platform.twitter.com\/widgets.js\" charset=\"utf-8\"><\/script>\n<\/div><\/figure>\n\n\n\n<p>Fuente: https:\/\/www.elfinanciero.com.mx\/nacional\/2022\/02\/18\/me-llena-de-orgullo-que-ted-cruz-se-lance-en-contra-del-gobierno-que-represento-amlo\/<\/p>\n","protected":false},"excerpt":{"rendered":"<p>El senador republicano Ted Cruz acus\u00f3 a AMLO de intimidar a periodistas y pidi\u00f3 a Joe Biden tomar medidas para [&hellip;]<\/p>\n","protected":false},"author":1,"featured_media":21785,"comment_status":"open","ping_status":"open","sticky":false,"template":"","format":"standard","meta":{"site-sidebar-layout":"default","site-content-layout":"","ast-site-content-layout":"default","site-content-style":"default","site-sidebar-style":"default","ast-global-header-display":"","ast-banner-title-visibility":"","ast-main-header-display":"","ast-hfb-above-header-display":"","ast-hfb-below-header-display":"","ast-hfb-mobile-header-display":"","site-post-title":"","ast-breadcrumbs-content":"","ast-featured-img":"","footer-sml-layout":"","theme-transparent-header-meta":"","adv-header-id-meta":"","stick-header-meta":"","header-above-stick-meta":"","header-main-stick-meta":"","header-below-stick-meta":"","astra-migrate-meta-layouts":"default","ast-page-background-enabled":"default","ast-page-background-meta":{"desktop":{"background-color":"var(--ast-global-color-4)","background-image":"","background-repeat":"repeat","background-position":"center center","background-size":"auto","background-attachment":"scroll","background-type":"","background-media":"","overlay-type":"","overlay-color":"","overlay-opacity":"","overlay-gradient":""},"tablet":{"background-color":"","background-image":"","background-repeat":"repeat","background-position":"center center","background-size":"auto","background-attachment":"scroll","background-type":"","background-media":"","overlay-type":"","overlay-color":"","overlay-opacity":"","overlay-gradient":""},"mobile":{"background-color":"","background-image":"","background-repeat":"repeat","background-position":"center center","background-size":"auto","background-attachment":"scroll","background-type":"","background-media":"","overlay-type":"","overlay-color":"","overlay-opacity":"","overlay-gradient":""}},"ast-content-background-meta":{"desktop":{"background-color":"var(--ast-global-color-5)","background-image":"","background-repeat":"repeat","background-position":"center center","background-size":"auto","background-attachment":"scroll","background-type":"","background-media":"","overlay-type":"","overlay-color":"","overlay-opacity":"","overlay-gradient":""},"tablet":{"background-color":"var(--ast-global-color-5)","background-image":"","background-repeat":"repeat","background-position":"center center","background-size":"auto","background-attachment":"scroll","background-type":"","background-media":"","overlay-type":"","overlay-color":"","overlay-opacity":"","overlay-gradient":""},"mobile":{"background-color":"var(--ast-global-color-5)","background-image":"","background-repeat":"repeat","background-position":"center center","background-size":"auto","background-attachment":"scroll","background-type":"","background-media":"","overlay-type":"","overlay-color":"","overlay-opacity":"","overlay-gradient":""}},"footnotes":""},"categories":[8],"tags":[199,7831],"class_list":["post-21784","post","type-post","status-publish","format-standard","has-post-thumbnail","hentry","category-noticias","tag-amlo","tag-ted-cruz"],"_links":{"self":[{"href":"https:\/\/losperiodistas.com.mx\/portal\/wp-json\/wp\/v2\/posts\/21784","targetHints":{"allow":["GET"]}}],"collection":[{"href":"https:\/\/losperiodistas.com.mx\/portal\/wp-json\/wp\/v2\/posts"}],"about":[{"href":"https:\/\/losperiodistas.com.mx\/portal\/wp-json\/wp\/v2\/types\/post"}],"author":[{"embeddable":true,"href":"https:\/\/losperiodistas.com.mx\/portal\/wp-json\/wp\/v2\/users\/1"}],"replies":[{"embeddable":true,"href":"https:\/\/losperiodistas.com.mx\/portal\/wp-json\/wp\/v2\/comments?post=21784"}],"version-history":[{"count":1,"href":"https:\/\/losperiodistas.com.mx\/portal\/wp-json\/wp\/v2\/posts\/21784\/revisions"}],"predecessor-version":[{"id":21786,"href":"https:\/\/losperiodistas.com.mx\/portal\/wp-json\/wp\/v2\/posts\/21784\/revisions\/21786"}],"wp:featuredmedia":[{"embeddable":true,"href":"https:\/\/losperiodistas.com.mx\/portal\/wp-json\/wp\/v2\/media\/21785"}],"wp:attachment":[{"href":"https:\/\/losperiodistas.com.mx\/portal\/wp-json\/wp\/v2\/media?parent=21784"}],"wp:term":[{"taxonomy":"category","embeddable":true,"href":"https:\/\/losperiodistas.com.mx\/portal\/wp-json\/wp\/v2\/categories?post=21784"},{"taxonomy":"post_tag","embeddable":true,"href":"https:\/\/losperiodistas.com.mx\/portal\/wp-json\/wp\/v2\/tags?post=21784"}],"curies":[{"name":"wp","href":"https:\/\/api.w.org\/{rel}","templated":true}]}}