{"id":21781,"date":"2022-02-18T09:19:11","date_gmt":"2022-02-18T15:19:11","guid":{"rendered":"http:\/\/losperiodistas.com.mx\/portal\/?p=21781"},"modified":"2022-02-18T09:19:13","modified_gmt":"2022-02-18T15:19:13","slug":"me-muero-de-hambre-la-vanguardia","status":"publish","type":"post","link":"https:\/\/losperiodistas.com.mx\/portal\/me-muero-de-hambre-la-vanguardia\/","title":{"rendered":"\u00abMe muero de hambre\u00bb | La Vanguardia"},"content":{"rendered":"\n<p style=\"font-size:18px\"><em>La\u00a0 falta de alimentos mata cada d\u00eda a 24.000 personas<\/em><\/p>\n\n\n\n<p><\/p>\n\n\n\n<figure class=\"wp-block-image size-large\"><img fetchpriority=\"high\" decoding=\"async\" width=\"900\" height=\"501\" src=\"https:\/\/losperiodistas.com.mx\/portal\/wp-content\/uploads\/2022\/02\/6203a2a52fbd8.jpeg\" alt=\"\" class=\"wp-image-21782\" srcset=\"https:\/\/losperiodistas.com.mx\/portal\/wp-content\/uploads\/2022\/02\/6203a2a52fbd8.jpeg 900w, https:\/\/losperiodistas.com.mx\/portal\/wp-content\/uploads\/2022\/02\/6203a2a52fbd8-300x167.jpeg 300w, https:\/\/losperiodistas.com.mx\/portal\/wp-content\/uploads\/2022\/02\/6203a2a52fbd8-768x428.jpeg 768w\" sizes=\"(max-width: 900px) 100vw, 900px\" \/><figcaption>Detalle de &#8216;Banquete&#8217;, de Von Werner (1843-1951)\u00a0<br>\u00a0DP<\/figcaption><\/figure>\n\n\n\n<p class=\"has-vivid-cyan-blue-color has-text-color has-medium-font-size\">DOMINGO MARCHENA \/ Barcelona \/ LA VANGUARDIA<\/p>\n\n\n\n<p>No tengo la suerte de conocer personalmente a Soledad Gomis Bofill ni a sus hermanas, pero s\u00ed conoc\u00ed, quise y admir\u00e9 mucho a sus padres, que me abrieron las puertas del oficio y de la revista&nbsp;<em><a href=\"https:\/\/bit.ly\/3uzBWKd\">El Ciervo<\/a><\/em>. Los a\u00f1orados Lloren\u00e7 Gomis y Roser Bofill convirtieron esta publicaci\u00f3n cultural en un baluarte de la iglesia de los pobres, contraria a la del nacionalcatolicismo que glorific\u00f3 al dictador Francisco Franco y lo pase\u00f3 bajo palio.<\/p>\n\n\n\n<p>M\u00e1s adelante coincid\u00ed con Lloren\u00e7 Gomis en&nbsp;<em>La Vanguardia.&nbsp;<\/em>\u00c9l como estrella, yo como becario. Poeta con aspecto de viejo lobo de mar, era incapaz de hacer da\u00f1o a una mosca, como Roser. Y, tambi\u00e9n como ella, era valiente. Dirig\u00eda&nbsp;<em>El Correo Catal\u00e1n<\/em>&nbsp;en 1981 y la jornada del 23F envi\u00f3 a la imprenta un duro editorial contra los golpistas cuando a\u00fan no se sab\u00eda qu\u00e9 iba a pasar. Le hubiera costado muy caro si la intentona llega a triunfar.<ins><\/ins><\/p>\n\n\n\n<figure class=\"wp-block-image\"><img decoding=\"async\" src=\"https:\/\/www.lavanguardia.com\/files\/content_image_mobile_filter\/uploads\/2022\/02\/08\/620273bedfced.jpeg\" alt=\"Roser Bofill y Lloren\u00e7 Gomis\"\/><figcaption>Roser Bofill y Lloren\u00e7 Gomis&nbsp;&nbsp;Roser Vilallonga<\/figcaption><\/figure>\n\n\n\n<p>Recuerdo a Lloren\u00e7 en su despacho, rodeado de libros y con pintadas que nunca borr\u00f3. Los Guerrilleros de Cristo Rey y otros ultramontanos forzaron varias madrugadas la puerta de la redacci\u00f3n de&nbsp;<em>El Ciervo<\/em>, cuando ya no quedaba nadie. Romp\u00edan lo que pod\u00edan, hac\u00edan amenazas con pintura roja, pintaban dianas e insultos. \u201c\u00bfDe qu\u00e9 sirve una Iglesia lejos de&nbsp; los pobres, de los que sufren, de los que pasan hambre?\u201d, respond\u00eda \u00e9l.<\/p>\n\n\n\n<p>He recordado aquella pregunta, aquella posici\u00f3n inflexible a favor siempre de los m\u00e1s vulnerables, al tropezar casualmente con una reflexi\u00f3n de Sole Gomis, a quien sigo en Twitter. Sole criticaba la frivolidad con la que muchos de nosotros empleamos expresiones como \u201cMe muero de hambre\u201d. Para gran parte de la humanidad, dec\u00eda ella, digna hija de sus padres, no es una expresi\u00f3n figurada, sino una lacerante y literal realidad.<\/p>\n\n\n\n<figure class=\"wp-block-embed is-type-rich is-provider-twitter wp-block-embed-twitter\"><div class=\"wp-block-embed__wrapper\">\n<blockquote class=\"twitter-tweet\" data-width=\"500\" data-dnt=\"true\"><p lang=\"es\" dir=\"ltr\">En un wpp estaba escribiendo que me mor\u00eda de hambre cuando me he quedado clavada pensando que, para muchas personas, la expresi\u00f3n no es figurada, que ahora, en otro lugar, alguien puede estar muriendo de inanici\u00f3n. Nunca m\u00e1s podr\u00e9 usarla. <a href=\"https:\/\/twitter.com\/hashtag\/NoMeMueroDeHambre?src=hash&amp;ref_src=twsrc%5Etfw\">#NoMeMueroDeHambre<\/a><\/p>&mdash; Sole Gomis (@solegomis) <a href=\"https:\/\/twitter.com\/solegomis\/status\/1489166934910324739?ref_src=twsrc%5Etfw\">February 3, 2022<\/a><\/blockquote><script async src=\"https:\/\/platform.twitter.com\/widgets.js\" charset=\"utf-8\"><\/script>\n<\/div><\/figure>\n\n\n\n<p>Seg\u00fan Acnur, la agencia para los refugiados de las Naciones Unidas, 43 millones de personas pasan hambre en Am\u00e9rica latina y el Caribe, 256 millones en \u00c1frica y 514 millones en Asia. La ONU asegura que las hambrunas y la subalimentaci\u00f3n matan al 16% de las 150.000 que fallecen diariamente en el planeta. Cada d\u00eda 24.000 personas mueren en el mundo por el hambre o causas relacionadas. Repit\u00e1moslo: 24.000 almas cada d\u00eda.<\/p>\n\n\n\n<p>\u201cLos pobres, los que sufren, los que pasan hambre\u201d. \u00bfPero sabemos, nosotros los que decimos sin pensar \u201cme muero de hambre\u201d, qu\u00e9 es realmente morirse de hambre? Es un fin atroz. El hambre extrema significa la desaparici\u00f3n de los dep\u00f3sitos de grasa presentes en nuestro cuerpo, lo que provoca que los m\u00fasculos se consuman y dejen de funcionar, incluido el coraz\u00f3n. Es lo que se conoce como&nbsp;<em>la otra regla de tres<\/em>.<\/p>\n\n\n\n<figure class=\"wp-block-image\"><img decoding=\"async\" src=\"https:\/\/www.lavanguardia.com\/files\/content_image_mobile_filter\/uploads\/2022\/02\/08\/62027c063885a.jpeg\" alt=\"La marcha de Gomis, vista por su dibujante de cabecera y gran amigo, Krahn\"\/><figcaption>La marcha de Gomis, por su dibujante de cabecera y gran amigo, Krahn&nbsp;&nbsp;MK<\/figcaption><\/figure>\n\n\n\n<p>Algunos adultos pueden estar tres minutos sin ox\u00edgeno, tres d\u00edas sin agua y tres semanas sin alimentos. Pasado ese tiempo\u2026 Cuando una persona deja de comer la grasa acumulada en su organismo se transforma en su fuente primaria de energ\u00eda. Es un ins\u00f3lito canibalismo: si dejamos de comer, nos comemos a nosotros mismos. En cuanto se terminan los dep\u00f3sitos de grasa, el cuerpo inicia una desesperada b\u00fasqueda de prote\u00ednas.<\/p>\n\n\n\n<p>\u00bfD\u00f3nde? B\u00e1sicamente extraemos prote\u00ednas de los m\u00fasculos y otros tejidos. El cuerpo est\u00e1 en guerra y hace lo imposible para mantenerse en pie. Las funciones&nbsp;<em>prescindibles<\/em>&nbsp;dejan de estar presentes. Las mujeres en edad f\u00e9rtil, por ejemplo, dejan de menstruar. El cerebro devora su propio cuerpo y se lleva trocitos a fin de conseguir la glucosa imprescindible que necesita para sobrevivir. Si tuvi\u00e9ramos luces rojas, todas se encender\u00edan.<\/p>\n\n\n\n<figure class=\"wp-block-image\"><img decoding=\"async\" src=\"https:\/\/www.lavanguardia.com\/files\/content_image_mobile_filter\/uploads\/2022\/02\/08\/6202819e833b4.jpeg\" alt=\"Con hambre, hasta pensar es doloroso\"\/><figcaption>Con hambre, hasta pensar es doloroso&nbsp;&nbsp;Xavier Cervera<\/figcaption><\/figure>\n\n\n\n<p>La presi\u00f3n sangu\u00ednea baja. El coraz\u00f3n se debilita. El pensamiento se nubla. La visi\u00f3n se oscurece. El m\u00e1s m\u00ednimo esfuerzo resulta tit\u00e1nico. Los fluidos comienzan a escapar de los vasos sangu\u00edneos y se acumulan bajo la piel. Son los edemas que provocan posiblemente la imagen m\u00e1s contradictoria que se pueda concebir: ni\u00f1os delgad\u00edsimos, con bracitos y piernas como alambres, pero con barrigones como pelotas de playa.<\/p>\n\n\n\n<p>Caminar es doloroso. Concentrarse es imposible. Hasta apartarse las moscas que se acumulan en los ojos o en las comisuras de los labios resulta una misi\u00f3n imposible. No todas las personas que se est\u00e1n muriendo de hambre padecen edemas. Hay quienes se deshidratan \u201cy la piel les queda como pergamino, arrugada y escamosa, a veces cubierta de manchas de color marr\u00f3n\u201d, como explica Frank Dik\u00f6tter.Lee tambi\u00e9n<\/p>\n\n\n\n<h2 class=\"wp-block-heading\"><a href=\"https:\/\/www.lavanguardia.com\/historiayvida\/historia-contemporanea\/20191027\/471028357016\/ano-china-declaro-guerra-gorriones.html\">Frank Dik\u00f6tter, el bi\u00f3grafo de la hambruna en la China de Mao<\/a><\/h2>\n\n\n\n<p>DOMINGO MARCHENA<\/p>\n\n\n\n<figure class=\"wp-block-image\"><img decoding=\"async\" src=\"https:\/\/www.lavanguardia.com\/files\/image_334_164\/files\/fp\/uploads\/2022\/02\/08\/620280d1e99a7.r_d.328-326-5099.jpeg\" alt=\"Historiador, autor de La gran hambruna en la China de Mao\"\/><\/figure>\n\n\n\n<p>Frank Dik\u00f6tter es un historiador y sin\u00f3logo neerland\u00e9s, considerado uno de los mayores expertos occidentales en la China contempor\u00e1nea. Una de sus obras m\u00e1s importantes, publicada en castellano por la editorial Acantilado, es&nbsp;<em>La gran hambruna en la China de Mao<\/em>. Se trata de un libro monumental y necesario, con un subt\u00edtulo muy expl\u00edcito:&nbsp;<em>Historia de la cat\u00e1strofe m\u00e1s devastadora de China (1958-1962)<\/em>.<\/p>\n\n\n\n<p>Pocos historiadores han explicado con mayor crudeza y sensibilidad a la vez c\u00f3mo se muere por inanici\u00f3n. Hay p\u00e1rrafos que recuerdan a la Loung Ung de&nbsp;<em>Se lo llevaron<\/em>&nbsp;(Maeva), la autobiograf\u00eda de una ni\u00f1a que naci\u00f3 en 1970, durante la guerra civil de Camboya, y que vio c\u00f3mo los jemeres rojos se llevaron a su padre, al que nunca m\u00e1s volvi\u00f3 a ver. Camboya, un pa\u00eds con inmensos arrozales y donde el hambre seg\u00f3 miles de vidas.<\/p>\n\n\n\n<figure class=\"wp-block-image\"><img decoding=\"async\" src=\"https:\/\/www.lavanguardia.com\/files\/content_image_mobile_filter\/uploads\/2022\/02\/09\/62037549da066.jpeg\" alt=\"Dos libros muy recomendables\"\/><figcaption>Dos libros muy recomendables&nbsp;&nbsp;HyT<\/figcaption><\/figure>\n\n\n\n<p>Dice Frank Dik\u00f6tter: \u201cCuando los m\u00fasculos se debilitan y la laringe se seca, la voz se vuelve ronca y se termina por enmudecer. Los hambrientos tienden a hacerse un ovillo para ahorrar energ\u00eda. Los pulmones pierden fuelle. El rostro se hunde, los p\u00f3mulos sobresalen y los globos oculares, ahora prominentes, se vuelven de un espantoso color blanco. Miran al vac\u00edo y parecen desprovistos de toda emoci\u00f3n\u201d.<\/p>\n\n\n\n<p>\u00bfOs acord\u00e1is de las luces rojas? \u00bfEsas que no tenemos, pero que si tuvi\u00e9ramos se habr\u00edan encendido hace tiempo? Ahora comenzar\u00edan a titilar, a fundirse lentamente en negro. La oscuridad se acerca. Las costillas se marcan en la piel, el cabello pierde color y se cae. El coraz\u00f3n se acelera porque el volumen de sangre crece en relaci\u00f3n con un cuerpo que cada vez pesa menos. Uno a uno, todos los \u00f3rganos se van apagando. Fin.<\/p>\n\n\n\n<figure class=\"wp-block-image\"><img decoding=\"async\" src=\"https:\/\/www.lavanguardia.com\/files\/content_image_mobile_filter\/uploads\/2022\/02\/08\/62028e8032af2.jpeg\" alt=\"Lloren\u00e7 Gomis\"\/><figcaption>Lloren\u00e7 Gomis, en &#8216;La Vanguardia&#8217;&nbsp;&nbsp;Xavier G\u00f2mez<\/figcaption><\/figure>\n\n\n\n<p>Esta es la realidad de 24.000 personas al d\u00eda (de ellas, 18.000 ni\u00f1as y ni\u00f1os de menos de cuatro a\u00f1os). Mart\u00edn Caparr\u00f3s explica en un libro que duele como un pu\u00f1etazo en el est\u00f3mago,&nbsp;<em>El Hambre<\/em>&nbsp;(Anagrama), que este problema tiene f\u00e1cil soluci\u00f3n. \u201cLa Tierra produce alimentos m\u00e1s que suficientes para todos sus habitantes y para 4.000 o 5.000 millones m\u00e1s\u201d. Eso es lo peor de todo. No falta comida. Falta voluntad pol\u00edtica y justicia.<\/p>\n\n\n\n<p>Me gustar\u00eda retroceder oc\u00e9anos de tiempo y regresar a aquel despachito de un piso de la calle Calvet, junto a un Lloren\u00e7 Gomis que me ense\u00f1a las pintadas amenazantes que\u00a0<em>decoran<\/em>\u00a0las paredes. Si el milagro se produjera, le dir\u00eda: \u201cT\u00fa y tu mujer pod\u00e9is estar orgullosos: hab\u00e9is hecho muy buen trabajo con vuestras hijas\u201d. Le dir\u00eda eso y tambi\u00e9n que yo, como Sole, nunca m\u00e1s volver\u00e9 a decir a la ligera: \u201cMe muero de hambre\u201d.<\/p>\n\n\n\n<p>Fuente: https:\/\/www.lavanguardia.com\/comer\/20220218\/8042626\/me-muero-hambre.html<\/p>\n","protected":false},"excerpt":{"rendered":"<p>La\u00a0 falta de alimentos mata cada d\u00eda a 24.000 personas DOMINGO MARCHENA \/ Barcelona \/ LA VANGUARDIA No tengo la [&hellip;]<\/p>\n","protected":false},"author":1,"featured_media":21782,"comment_status":"open","ping_status":"open","sticky":false,"template":"","format":"standard","meta":{"site-sidebar-layout":"default","site-content-layout":"","ast-site-content-layout":"default","site-content-style":"default","site-sidebar-style":"default","ast-global-header-display":"","ast-banner-title-visibility":"","ast-main-header-display":"","ast-hfb-above-header-display":"","ast-hfb-below-header-display":"","ast-hfb-mobile-header-display":"","site-post-title":"","ast-breadcrumbs-content":"","ast-featured-img":"","footer-sml-layout":"","theme-transparent-header-meta":"","adv-header-id-meta":"","stick-header-meta":"","header-above-stick-meta":"","header-main-stick-meta":"","header-below-stick-meta":"","astra-migrate-meta-layouts":"default","ast-page-background-enabled":"default","ast-page-background-meta":{"desktop":{"background-color":"var(--ast-global-color-4)","background-image":"","background-repeat":"repeat","background-position":"center center","background-size":"auto","background-attachment":"scroll","background-type":"","background-media":"","overlay-type":"","overlay-color":"","overlay-opacity":"","overlay-gradient":""},"tablet":{"background-color":"","background-image":"","background-repeat":"repeat","background-position":"center center","background-size":"auto","background-attachment":"scroll","background-type":"","background-media":"","overlay-type":"","overlay-color":"","overlay-opacity":"","overlay-gradient":""},"mobile":{"background-color":"","background-image":"","background-repeat":"repeat","background-position":"center center","background-size":"auto","background-attachment":"scroll","background-type":"","background-media":"","overlay-type":"","overlay-color":"","overlay-opacity":"","overlay-gradient":""}},"ast-content-background-meta":{"desktop":{"background-color":"var(--ast-global-color-5)","background-image":"","background-repeat":"repeat","background-position":"center center","background-size":"auto","background-attachment":"scroll","background-type":"","background-media":"","overlay-type":"","overlay-color":"","overlay-opacity":"","overlay-gradient":""},"tablet":{"background-color":"var(--ast-global-color-5)","background-image":"","background-repeat":"repeat","background-position":"center center","background-size":"auto","background-attachment":"scroll","background-type":"","background-media":"","overlay-type":"","overlay-color":"","overlay-opacity":"","overlay-gradient":""},"mobile":{"background-color":"var(--ast-global-color-5)","background-image":"","background-repeat":"repeat","background-position":"center center","background-size":"auto","background-attachment":"scroll","background-type":"","background-media":"","overlay-type":"","overlay-color":"","overlay-opacity":"","overlay-gradient":""}},"footnotes":""},"categories":[8],"tags":[7842,7843,7255],"class_list":["post-21781","post","type-post","status-publish","format-standard","has-post-thumbnail","hentry","category-noticias","tag-memuerodehambre","tag-nomemuerodehambre","tag-hambre"],"_links":{"self":[{"href":"https:\/\/losperiodistas.com.mx\/portal\/wp-json\/wp\/v2\/posts\/21781","targetHints":{"allow":["GET"]}}],"collection":[{"href":"https:\/\/losperiodistas.com.mx\/portal\/wp-json\/wp\/v2\/posts"}],"about":[{"href":"https:\/\/losperiodistas.com.mx\/portal\/wp-json\/wp\/v2\/types\/post"}],"author":[{"embeddable":true,"href":"https:\/\/losperiodistas.com.mx\/portal\/wp-json\/wp\/v2\/users\/1"}],"replies":[{"embeddable":true,"href":"https:\/\/losperiodistas.com.mx\/portal\/wp-json\/wp\/v2\/comments?post=21781"}],"version-history":[{"count":1,"href":"https:\/\/losperiodistas.com.mx\/portal\/wp-json\/wp\/v2\/posts\/21781\/revisions"}],"predecessor-version":[{"id":21783,"href":"https:\/\/losperiodistas.com.mx\/portal\/wp-json\/wp\/v2\/posts\/21781\/revisions\/21783"}],"wp:featuredmedia":[{"embeddable":true,"href":"https:\/\/losperiodistas.com.mx\/portal\/wp-json\/wp\/v2\/media\/21782"}],"wp:attachment":[{"href":"https:\/\/losperiodistas.com.mx\/portal\/wp-json\/wp\/v2\/media?parent=21781"}],"wp:term":[{"taxonomy":"category","embeddable":true,"href":"https:\/\/losperiodistas.com.mx\/portal\/wp-json\/wp\/v2\/categories?post=21781"},{"taxonomy":"post_tag","embeddable":true,"href":"https:\/\/losperiodistas.com.mx\/portal\/wp-json\/wp\/v2\/tags?post=21781"}],"curies":[{"name":"wp","href":"https:\/\/api.w.org\/{rel}","templated":true}]}}