{"id":21771,"date":"2022-02-18T08:52:33","date_gmt":"2022-02-18T14:52:33","guid":{"rendered":"http:\/\/losperiodistas.com.mx\/portal\/?p=21771"},"modified":"2022-02-18T08:52:35","modified_gmt":"2022-02-18T14:52:35","slug":"de-vitruvio-a-gibson-asi-ha-cambiado-el-canon-de-belleza-a-lo-largo-de-los-siglos-el-confidencial","status":"publish","type":"post","link":"https:\/\/losperiodistas.com.mx\/portal\/de-vitruvio-a-gibson-asi-ha-cambiado-el-canon-de-belleza-a-lo-largo-de-los-siglos-el-confidencial\/","title":{"rendered":"De Vitruvio a Gibson: as\u00ed ha cambiado el canon de belleza a lo largo de los siglos | El Confidencial"},"content":{"rendered":"\n<p style=\"font-size:18px\"><em>El cuerpo perfecto siempre ha estado marcado por el momento que nos ha tocado vivir, y ha variado mucho con el paso del tiempo<\/em><\/p>\n\n\n\n<figure class=\"wp-block-image size-large\"><img fetchpriority=\"high\" decoding=\"async\" width=\"1024\" height=\"768\" src=\"https:\/\/losperiodistas.com.mx\/portal\/wp-content\/uploads\/2022\/02\/f.elconfidencial.com_original_6e4_18c_fa6_6e418cfa65a66eac702330088435c200-1024x768.jpg\" alt=\"\" class=\"wp-image-21772\" srcset=\"https:\/\/losperiodistas.com.mx\/portal\/wp-content\/uploads\/2022\/02\/f.elconfidencial.com_original_6e4_18c_fa6_6e418cfa65a66eac702330088435c200-1024x768.jpg 1024w, https:\/\/losperiodistas.com.mx\/portal\/wp-content\/uploads\/2022\/02\/f.elconfidencial.com_original_6e4_18c_fa6_6e418cfa65a66eac702330088435c200-300x225.jpg 300w, https:\/\/losperiodistas.com.mx\/portal\/wp-content\/uploads\/2022\/02\/f.elconfidencial.com_original_6e4_18c_fa6_6e418cfa65a66eac702330088435c200-768x576.jpg 768w, https:\/\/losperiodistas.com.mx\/portal\/wp-content\/uploads\/2022\/02\/f.elconfidencial.com_original_6e4_18c_fa6_6e418cfa65a66eac702330088435c200.jpg 1200w\" sizes=\"(max-width: 1024px) 100vw, 1024px\" \/><figcaption>Foto: iStock.<\/figcaption><\/figure>\n\n\n\n<p class=\"has-vivid-cyan-blue-color has-text-color has-medium-font-size\">ADA NU\u00d1O \/ EL CONFIDENCIAL<\/p>\n\n\n\n<p>Ya sea para saber c\u00f3mo se ha puesto as\u00ed de musculoso<strong>&nbsp;Henry Cavill&nbsp;<\/strong>para su \u00faltimo papel o c\u00f3mo le queda ese vestido a una de&nbsp;<a href=\"https:\/\/www.vanitatis.elconfidencial.com\/celebrities\/2021-10-11\/kim-kardashian-snl-monogolo-hermanas-kanye-west_3304718\/\">las Kardashian,<\/a>&nbsp;todos en mayor o menor medida&nbsp;<a href=\"https:\/\/www.elconfidencial.com\/alma-corazon-vida\/2019-01-05\/alcohol-alimentacion-salud-beber_1706506\/\" target=\"_blank\" rel=\"noreferrer noopener\">estamos influidos&nbsp;<\/a>por la industria del espect\u00e1culo, hasta el punto de que nos hemos convertido en parte de la misma: la civilizaci\u00f3n del espect\u00e1culo. Son los famosos y los&nbsp;<strong>ahora llamados<\/strong><a href=\"https:\/\/www.vanitatis.elconfidencial.com\/estilo\/moda\/2021-01-04\/influencers-mas-relevantes-ano-2021_2882724\/\">&nbsp;&#8216;influencers&#8217;&nbsp;<\/a>los que suelen marcar las pautas de todo aquello que se pone de moda, y el resto de la poblaci\u00f3n, los que suelen seguir estas pautas diligentemente.<\/p>\n\n\n\n<p>Cumplir con el canon est\u00e9tico,<strong>&nbsp;relacionado con&nbsp;<a href=\"https:\/\/www.elconfidencial.com\/alma-corazon-vida\/2018-07-11\/este-es-el-cuerpo-perfecto-de-la-mujer_1584872\/\">el cuerpo perfecto<\/a>, es algo a lo que muchas personas aspiran.<\/strong>&nbsp;Por ello, los gimnasios suelen estar llenos a cualquier hora del d\u00eda, m\u00e1s all\u00e1 del famoso &#8216;mens sana in corpore sano&#8217;. Pero tambi\u00e9n la publicidad nos bombardea continuamente e introduce en nuestro cerebro ese humano deseo de convertirnos en seres mejores y superiores a los que ya somos.<\/p>\n\n\n\n<p>Y el canon siempre ha estado ah\u00ed, por supuesto,\u00a0<strong>como se\u00f1ala este v\u00eddeo con mejor o peor acierto<\/strong>, recorriendo diferentes \u00e9pocas de la historia de manera, quiz\u00e1s, un poco gen\u00e9rica.<\/p>\n\n\n\n<figure class=\"wp-block-embed is-type-video is-provider-youtube wp-block-embed-youtube wp-embed-aspect-16-9 wp-has-aspect-ratio\"><div class=\"wp-block-embed__wrapper\">\n<iframe title=\"Women&#039;s Ideal Body Types Throughout History\" width=\"500\" height=\"281\" src=\"https:\/\/www.youtube.com\/embed\/Xrp0zJZu0a4?feature=oembed\" frameborder=\"0\" allow=\"accelerometer; autoplay; clipboard-write; encrypted-media; gyroscope; picture-in-picture; web-share\" referrerpolicy=\"strict-origin-when-cross-origin\" allowfullscreen><\/iframe>\n<\/div><\/figure>\n\n\n\n<p>El v\u00eddeo se centra en la mujer probablemente debido a que&nbsp;<strong>el canon corporal de ellas a lo largo de la historia ha sufrido muchas m\u00e1s fluctuaciones&nbsp;<\/strong>que el de ellos. Hacemos ahora un breve recorrido por algunas de las est\u00e9ticas que m\u00e1s han marcado a la humanidad, muy relacionadas con el momento que les toc\u00f3 vivir (como es l\u00f3gico).<\/p>\n\n\n\n<h2 class=\"wp-block-heading\">El hombre perfecto, el de Vitruvio<\/h2>\n\n\n\n<p>Como dec\u00edamos,\u00a0<a href=\"https:\/\/www.elconfidencial.com\/alma-corazon-vida\/2021-12-19\/canon-belleza-historia-razones-cambios_3341888\/\" target=\"_blank\" rel=\"noreferrer noopener\">el canon<\/a>\u00a0para los hombres ha sido menos voluble y cambiante a lo largo de la historia. El cuerpo perfecto ser\u00eda, como bien dejaron claro los griegos en sus representaciones cl\u00e1sicas,<strong>\u00a0el delgado y musculoso como bien representa el David de Miguel \u00c1ngel.<\/strong>\u00a0Aun as\u00ed, pocas personas han indagado tanto en el tema como Leonardo da Vinci, cuando en 1490 decidi\u00f3 llevar a cabo su estudio de lo que ser\u00edan las proporciones ideales del cuerpo humano. Se lo denomina as\u00ed por el romano\u00a0<strong>Vitruvio, arquitecto de Julio C\u00e9sar<\/strong>\u00a0durante su juventud.<\/p>\n\n\n\n<figure class=\"wp-block-image size-large\"><img decoding=\"async\" width=\"1024\" height=\"589\" src=\"https:\/\/losperiodistas.com.mx\/portal\/wp-content\/uploads\/2022\/02\/Captura-de-Pantalla-2022-02-18-a-las-8.50.27-1024x589.jpg\" alt=\"\" class=\"wp-image-21776\" srcset=\"https:\/\/losperiodistas.com.mx\/portal\/wp-content\/uploads\/2022\/02\/Captura-de-Pantalla-2022-02-18-a-las-8.50.27-1024x589.jpg 1024w, https:\/\/losperiodistas.com.mx\/portal\/wp-content\/uploads\/2022\/02\/Captura-de-Pantalla-2022-02-18-a-las-8.50.27-300x173.jpg 300w, https:\/\/losperiodistas.com.mx\/portal\/wp-content\/uploads\/2022\/02\/Captura-de-Pantalla-2022-02-18-a-las-8.50.27-768x442.jpg 768w, https:\/\/losperiodistas.com.mx\/portal\/wp-content\/uploads\/2022\/02\/Captura-de-Pantalla-2022-02-18-a-las-8.50.27.jpg 1296w\" sizes=\"(max-width: 1024px) 100vw, 1024px\" \/><\/figure>\n\n\n\n<p>Y, \u00bf<strong>c\u00f3mo debe ser el cuerpo perfecto<\/strong>, entonces? Recapitulemos:<\/p>\n\n\n\n<ul class=\"wp-block-list\"><li>El rostro desde la barbilla a las ra\u00edces del pelo debe medir una d\u00e9cima parte de la altura total.<\/li><li>Lo mismo sucede con la palma de la mano (desde la mu\u00f1eca al extremo del dedo coraz\u00f3n).<\/li><li>La cabeza (desde la barbilla a la coronilla) debe medir una octava parte del cuerpo.<\/li><li>Del estern\u00f3n a las ra\u00edces del pelo hay una sexta parte del cuerpo.<\/li><li>De la parte media del pecho a la coronilla, una cuarta parte.<\/li><li>Del ment\u00f3n hasta la nariz, una tercera parte del rostro.<\/li><li>La frente mide igualmente otra tercera parte del rostro.<\/li><li>El pie equivale a un sexto de la altura del cuerpo.<\/li><li>El codo una cuarta parte de todo el cuerpo.<\/li><li>El pecho equivale igualmente a una cuarta parte de todo el cuerpo.<\/li><li>El ombligo es el punto central del cuerpo humano. En efecto, si se coloca un hombre boca arriba, con las manos y los pies estirados, situando el centro del comp\u00e1s en su ombligo y trazando una circunferencia, esta tocar\u00eda la punta de ambas manos y los dedos de los pies.<\/li><li>La figura circular trazada sobre el cuerpo humano nos posibilita el lograr tambi\u00e9n un cuadrado: si se mide desde la planta de los pies hasta la coronilla, la medida resultante ser\u00e1 la misma que se da entre las puntas de los dedos con los brazos extendidos.<\/li><\/ul>\n\n\n\n<figure class=\"wp-block-pullquote\"><blockquote><p>Un estudio de 2020 lleg\u00f3 a la conclusi\u00f3n de que el cuerpo humano ideal de Da Vinci y las proporciones contempor\u00e1neas son muy similares<\/p><\/blockquote><\/figure>\n\n\n\n<p>Por supuesto, m\u00e1s all\u00e1 del significado meramente est\u00e9tico del hombre de Vitruvio, la obra de Leonardo tiene un significado mucho m\u00e1s profundo: con el Renacimiento, el teocentrismo da paso al antropocentrismo. El hombre es el centro de todas las cosas. Pero, curiosamente, un estudio realizado en 2020 dirigido por l<strong>a matem\u00e1tica Diana Thomas, de la Academia Militar de EEUU en West Point,<\/strong>&nbsp;lleg\u00f3 a la conclusi\u00f3n de que el cuerpo humano ideal de Da Vinci y las proporciones contempor\u00e1neas son muy similares. Para llegar a esta conclusi\u00f3n, utilizaron unos esc\u00e1neres de alta tecnolog\u00eda que midieron los cuerpos de casi 64.000 hombres j\u00f3venes y algunas mujeres.<\/p>\n\n\n\n<h2 class=\"wp-block-heading\">La belleza con curvas&#8230;<\/h2>\n\n\n\n<p>Guste o no, la mujer siempre ha estado m\u00e1s sometida a los cambios y las variabilidades del canon est\u00e9tico en cuanto al cuerpo se refiere.\u00a0<strong>La historia de la humanidad<\/strong>\u00a0es amplia y la belleza de una generaci\u00f3n poco ha tenido que ver con la siguiente. La pintura, antes de la fotograf\u00eda, nos ha ayudado a sumergirnos en mundos ya extintos y conocerlos mejor. Al igual que en momentos m\u00e1s remotos, en las que las curvas representaban la fertilidad (recordemos\u00a0<strong>las Venus paleol\u00edticas,<\/strong>\u00a0con enormes pechos y tripas, muy diferentes a las esculturas neocl\u00e1sicas), los cuadros de determinados pintores nos han servido para conocer el cuerpo ideal de la mujer en diferentes \u00e9pocas.<\/p>\n\n\n\n<figure class=\"wp-block-image size-large\"><img decoding=\"async\" width=\"1024\" height=\"626\" src=\"https:\/\/losperiodistas.com.mx\/portal\/wp-content\/uploads\/2022\/02\/Captura-de-Pantalla-2022-02-18-a-las-8.49.31-1024x626.jpg\" alt=\"\" class=\"wp-image-21775\" srcset=\"https:\/\/losperiodistas.com.mx\/portal\/wp-content\/uploads\/2022\/02\/Captura-de-Pantalla-2022-02-18-a-las-8.49.31-1024x626.jpg 1024w, https:\/\/losperiodistas.com.mx\/portal\/wp-content\/uploads\/2022\/02\/Captura-de-Pantalla-2022-02-18-a-las-8.49.31-300x183.jpg 300w, https:\/\/losperiodistas.com.mx\/portal\/wp-content\/uploads\/2022\/02\/Captura-de-Pantalla-2022-02-18-a-las-8.49.31-768x469.jpg 768w, https:\/\/losperiodistas.com.mx\/portal\/wp-content\/uploads\/2022\/02\/Captura-de-Pantalla-2022-02-18-a-las-8.49.31.jpg 1290w\" sizes=\"(max-width: 1024px) 100vw, 1024px\" \/><\/figure>\n\n\n\n<p>Los \u00faltimos estudios al respecto sobre las Venus de la Edad de Piedra son muy interesantes. Siempre se hab\u00eda cre\u00eddo que representaban la fertilidad y la feminidad, pero&nbsp;<strong>una investigaci\u00f3n de Richard Johnson,<\/strong>&nbsp;de<a href=\"https:\/\/onlinelibrary.wiley.com\/doi\/full\/10.1002\/oby.23028\" target=\"_blank\" rel=\"noreferrer noopener\">&nbsp;la Universidad de Colorado<\/a>, lleg\u00f3 un paso m\u00e1s: podr\u00edan haber significado un s\u00edmbolo de supervivencia en la \u00e9poca de las glaciaciones, cuando se daban periodos de hambruna prolongados.<\/p>\n\n\n\n<figure class=\"wp-block-pullquote\"><blockquote><p>En tiempos de glaciaciones, el ideal de belleza era el de supervivencia: la mujer mejor alimentada era la que ten\u00eda m\u00e1s posibilidades de vivir<\/p><\/blockquote><\/figure>\n\n\n\n<p>En otras palabras,&nbsp;<strong>el ideal de belleza en aquellos momentos<\/strong>&nbsp;(y el que se representaba, por tanto, al tallar las estatuas) era la mujer bien alimentada y gorda, por una mera cuesti\u00f3n de supervivencia: ella era la que podr\u00eda sobrellevar las duras condiciones clim\u00e1ticas.<\/p>\n\n\n\n<p>Quiz\u00e1 menos antropol\u00f3gicas, pero tambi\u00e9n fascinantes, son las creaciones de\u00a0<strong>Boticcelli,<\/strong>\u00a0que nos acercan al Renacimiento. &#8216;<strong>Las tres gracias&#8217;, de Rubens<\/strong>, entradas en carnes (quiz\u00e1 por gusto personal del pintor) nos acercan un poco al Barroco. Las composiciones de este \u00faltimo son mucho m\u00e1s sensuales y, por qu\u00e9 no decirlo, rellenas.<\/p>\n\n\n\n<figure class=\"wp-block-image size-large\"><img loading=\"lazy\" decoding=\"async\" width=\"1024\" height=\"639\" src=\"https:\/\/losperiodistas.com.mx\/portal\/wp-content\/uploads\/2022\/02\/Captura-de-Pantalla-2022-02-18-a-las-8.48.47-1024x639.jpg\" alt=\"\" class=\"wp-image-21774\" srcset=\"https:\/\/losperiodistas.com.mx\/portal\/wp-content\/uploads\/2022\/02\/Captura-de-Pantalla-2022-02-18-a-las-8.48.47-1024x639.jpg 1024w, https:\/\/losperiodistas.com.mx\/portal\/wp-content\/uploads\/2022\/02\/Captura-de-Pantalla-2022-02-18-a-las-8.48.47-300x187.jpg 300w, https:\/\/losperiodistas.com.mx\/portal\/wp-content\/uploads\/2022\/02\/Captura-de-Pantalla-2022-02-18-a-las-8.48.47-768x479.jpg 768w, https:\/\/losperiodistas.com.mx\/portal\/wp-content\/uploads\/2022\/02\/Captura-de-Pantalla-2022-02-18-a-las-8.48.47.jpg 1288w\" sizes=\"(max-width: 1024px) 100vw, 1024px\" \/><\/figure>\n\n\n\n<p>En muchos casos el canon y&nbsp;<a href=\"https:\/\/www.elconfidencial.com\/alma-corazon-vida\/2018-03-28\/anorexia-trastornos-alimenticios-culto-al-cuerpo_1541810\/\" target=\"_blank\" rel=\"noreferrer noopener\">la diferencia delgadez-gordura<\/a>&nbsp;tambi\u00e9n ha estado marcado por el alimento disponible, como ve\u00edamos con las Venus, aunque eso fue en un tiempo anterior a la moda que pod\u00eda marcar la publicidad.<strong>&nbsp;Hacia 1770, en Europa comenz\u00f3 a ponerse el \u00e9nfasis en las caderas y el trasero&nbsp;<\/strong>de las mujeres introduciendo rellenos y el llamado rodillo.<\/p>\n\n\n\n<figure class=\"wp-block-pullquote\"><blockquote><p>Un anuncio de los 50: \u00abSi est\u00e1s muy delgada por unos malos h\u00e1bitos alimenticios, ganar el peso deseado puede ser m\u00e1s f\u00e1cil de lo que imaginas\u00bb<\/p><\/blockquote><\/figure>\n\n\n\n<p>En los a\u00f1os 50 en Estados Unidos los peri\u00f3dicos anunciaban unas pastillas milagrosas que hac\u00edan engordar a las mujeres: \u00abSi quieres lucir mejor y est\u00e1s muy delgada por culpa de unos malos h\u00e1bitos alimenticios, ganar el peso deseado puede ser m\u00e1s f\u00e1cil de lo que imaginas\u00bb. Ver para creer. Y esto no era exclusivo de las mujeres: \u00abNing\u00fan&nbsp;<strong>hombre delgado tiene un gramo de &#8216;sexappeal&#8217; o \u00e9xito con las mujeres<\/strong>\u00ab. Anuncios que repet\u00edan la estrategia de otros m\u00e1s antiguos, creados durante la Primera Guerra Mundial, como el que exponemos a continuaci\u00f3n.<\/p>\n\n\n\n<figure class=\"wp-block-image\"><img decoding=\"async\" src=\"https:\/\/images.ecestaticos.com\/JDI71jXjq7hdcwpyEKg7cf4wwgY=\/0x24:640x384\/1600x900\/filters:fill(white):format(jpg)\/f.elconfidencial.com%2Foriginal%2F790%2Fc3a%2Fdc8%2F790c3adc87a887d1ef270b63692d22ff.jpg\" alt=\"Ya no hay necesidad de estar delgado y poco desarrollado. (Wikimedia commons)\"\/><\/figure>\n\n\n\n<h2 class=\"wp-block-heading\">&#8230; o la extrema delgadez<\/h2>\n\n\n\n<p>En contraposici\u00f3n con las mujeres con curvas, ha habido \u00e9pocas en la historia en las que la delgadez extrema marcaba la belleza predominante. En los a\u00f1os 20, por ejemplo,<strong>&nbsp;las &#8216;flappers&#8217; dominaron la escena<\/strong>. La raz\u00f3n del cambio era claramente sociol\u00f3gico: ellas se deshac\u00edan de sus cors\u00e9s, liber\u00e1ndose de alguna manera de su pasado y emancip\u00e1ndose. El cuerpo andr\u00f3gino era la norma, al igual que&nbsp;<strong>el peinado a lo &#8216;gar\u00e7on&#8217;<\/strong>&nbsp;(llamado tambi\u00e9n &#8216;corte bob&#8217;, imitando a la actriz&nbsp;<strong>Louise Brooks<\/strong>), tratando de emular de alguna manera la libertad y emancipaci\u00f3n de los hombres.<\/p>\n\n\n\n<figure class=\"wp-block-pullquote\"><blockquote><p>El cuerpo andr\u00f3gino era la norma para la &#8216;flapper&#8217;, al igual que el peinado a lo &#8216;gar\u00e7on&#8217;, tratando de emular la libertad de los hombres<\/p><\/blockquote><\/figure>\n\n\n\n<p><strong>Tras la Primera Guerra Mundial,<\/strong>\u00a0en ese periodo de corta felicidad antes de la siguiente contienda, las &#8216;flappers&#8217; fumaban, consum\u00edan coca\u00edna, conduc\u00edan, escuchaban jazz, sal\u00edan de bares, se maquillaban y ten\u00edan una actitud independiente. Eran la evoluci\u00f3n natural de las primeras &#8216;it girls&#8217; de la historia, las chicas Gibson, algo as\u00ed como &#8216;la chica de al lado&#8217; de la Belle \u00c9poque.\u00a0<strong>La chica Gibson<\/strong>\u00a0fue el ideal de belleza de principios de siglo, y como la &#8216;flapper&#8217;, era alta y delgada. La delgadez ven\u00eda acentuada por el cors\u00e9, pero cuando llegaron los a\u00f1os veinte ya se consideraban bastante anticuadas.<\/p>\n\n\n\n<figure class=\"wp-block-image size-large\"><img loading=\"lazy\" decoding=\"async\" width=\"1024\" height=\"638\" src=\"https:\/\/losperiodistas.com.mx\/portal\/wp-content\/uploads\/2022\/02\/Captura-de-Pantalla-2022-02-18-a-las-8.47.19-1024x638.jpg\" alt=\"\" class=\"wp-image-21773\" srcset=\"https:\/\/losperiodistas.com.mx\/portal\/wp-content\/uploads\/2022\/02\/Captura-de-Pantalla-2022-02-18-a-las-8.47.19-1024x638.jpg 1024w, https:\/\/losperiodistas.com.mx\/portal\/wp-content\/uploads\/2022\/02\/Captura-de-Pantalla-2022-02-18-a-las-8.47.19-300x187.jpg 300w, https:\/\/losperiodistas.com.mx\/portal\/wp-content\/uploads\/2022\/02\/Captura-de-Pantalla-2022-02-18-a-las-8.47.19-768x479.jpg 768w, https:\/\/losperiodistas.com.mx\/portal\/wp-content\/uploads\/2022\/02\/Captura-de-Pantalla-2022-02-18-a-las-8.47.19.jpg 1348w\" sizes=\"(max-width: 1024px) 100vw, 1024px\" \/><\/figure>\n\n\n\n<p>Hasta los a\u00f1os sesenta,<strong>\u00a0la delgadez en el siglo XX no volver\u00eda a ser considerada ideal de belleza<\/strong>. La llegada de la modelo<strong>\u00a0Twiggy<\/strong>\u00a0cambiar\u00eda de nuevo el concepto. Twiggy (literalmente &#8216;ramita&#8217;) era extremadamente delgada y no med\u00eda m\u00e1s de 1,68, y r\u00e1pidamente<a href=\"https:\/\/www.elconfidencial.com\/alma-corazon-vida\/2020-02-05\/mundo-obsesionado-belleza-exito-profesional_2440972\/\" target=\"_blank\" rel=\"noreferrer noopener\">\u00a0se la compar\u00f3<\/a>\u00a0con otras supermodelos de la \u00e9poca como Jean Shrimpton. Probablemente, junto con Audrey Hepburn y posteriormente con\u00a0<strong>Kate Moss, Twiggy<\/strong>\u00a0ha sido uno de los mejores ejemplos de esa combinaci\u00f3n de belleza y delgadez.<\/p>\n\n\n\n<p>Fuente: https:\/\/www.elconfidencial.com\/alma-corazon-vida\/2022-02-18\/canon-corporal-largo-tiempo-belleza_3371864\/<\/p>\n","protected":false},"excerpt":{"rendered":"<p>El cuerpo perfecto siempre ha estado marcado por el momento que nos ha tocado vivir, y ha variado mucho con [&hellip;]<\/p>\n","protected":false},"author":1,"featured_media":21772,"comment_status":"open","ping_status":"open","sticky":false,"template":"","format":"standard","meta":{"site-sidebar-layout":"default","site-content-layout":"","ast-site-content-layout":"default","site-content-style":"default","site-sidebar-style":"default","ast-global-header-display":"","ast-banner-title-visibility":"","ast-main-header-display":"","ast-hfb-above-header-display":"","ast-hfb-below-header-display":"","ast-hfb-mobile-header-display":"","site-post-title":"","ast-breadcrumbs-content":"","ast-featured-img":"","footer-sml-layout":"","theme-transparent-header-meta":"","adv-header-id-meta":"","stick-header-meta":"","header-above-stick-meta":"","header-main-stick-meta":"","header-below-stick-meta":"","astra-migrate-meta-layouts":"default","ast-page-background-enabled":"default","ast-page-background-meta":{"desktop":{"background-color":"var(--ast-global-color-4)","background-image":"","background-repeat":"repeat","background-position":"center center","background-size":"auto","background-attachment":"scroll","background-type":"","background-media":"","overlay-type":"","overlay-color":"","overlay-opacity":"","overlay-gradient":""},"tablet":{"background-color":"","background-image":"","background-repeat":"repeat","background-position":"center center","background-size":"auto","background-attachment":"scroll","background-type":"","background-media":"","overlay-type":"","overlay-color":"","overlay-opacity":"","overlay-gradient":""},"mobile":{"background-color":"","background-image":"","background-repeat":"repeat","background-position":"center center","background-size":"auto","background-attachment":"scroll","background-type":"","background-media":"","overlay-type":"","overlay-color":"","overlay-opacity":"","overlay-gradient":""}},"ast-content-background-meta":{"desktop":{"background-color":"var(--ast-global-color-5)","background-image":"","background-repeat":"repeat","background-position":"center center","background-size":"auto","background-attachment":"scroll","background-type":"","background-media":"","overlay-type":"","overlay-color":"","overlay-opacity":"","overlay-gradient":""},"tablet":{"background-color":"var(--ast-global-color-5)","background-image":"","background-repeat":"repeat","background-position":"center center","background-size":"auto","background-attachment":"scroll","background-type":"","background-media":"","overlay-type":"","overlay-color":"","overlay-opacity":"","overlay-gradient":""},"mobile":{"background-color":"var(--ast-global-color-5)","background-image":"","background-repeat":"repeat","background-position":"center center","background-size":"auto","background-attachment":"scroll","background-type":"","background-media":"","overlay-type":"","overlay-color":"","overlay-opacity":"","overlay-gradient":""}},"footnotes":""},"categories":[8],"tags":[7839,7840],"class_list":["post-21771","post","type-post","status-publish","format-standard","has-post-thumbnail","hentry","category-noticias","tag-cuerpo-perfecto","tag-vitruvio"],"_links":{"self":[{"href":"https:\/\/losperiodistas.com.mx\/portal\/wp-json\/wp\/v2\/posts\/21771","targetHints":{"allow":["GET"]}}],"collection":[{"href":"https:\/\/losperiodistas.com.mx\/portal\/wp-json\/wp\/v2\/posts"}],"about":[{"href":"https:\/\/losperiodistas.com.mx\/portal\/wp-json\/wp\/v2\/types\/post"}],"author":[{"embeddable":true,"href":"https:\/\/losperiodistas.com.mx\/portal\/wp-json\/wp\/v2\/users\/1"}],"replies":[{"embeddable":true,"href":"https:\/\/losperiodistas.com.mx\/portal\/wp-json\/wp\/v2\/comments?post=21771"}],"version-history":[{"count":1,"href":"https:\/\/losperiodistas.com.mx\/portal\/wp-json\/wp\/v2\/posts\/21771\/revisions"}],"predecessor-version":[{"id":21777,"href":"https:\/\/losperiodistas.com.mx\/portal\/wp-json\/wp\/v2\/posts\/21771\/revisions\/21777"}],"wp:featuredmedia":[{"embeddable":true,"href":"https:\/\/losperiodistas.com.mx\/portal\/wp-json\/wp\/v2\/media\/21772"}],"wp:attachment":[{"href":"https:\/\/losperiodistas.com.mx\/portal\/wp-json\/wp\/v2\/media?parent=21771"}],"wp:term":[{"taxonomy":"category","embeddable":true,"href":"https:\/\/losperiodistas.com.mx\/portal\/wp-json\/wp\/v2\/categories?post=21771"},{"taxonomy":"post_tag","embeddable":true,"href":"https:\/\/losperiodistas.com.mx\/portal\/wp-json\/wp\/v2\/tags?post=21771"}],"curies":[{"name":"wp","href":"https:\/\/api.w.org\/{rel}","templated":true}]}}