{"id":2177,"date":"2020-12-11T07:20:55","date_gmt":"2020-12-11T13:20:55","guid":{"rendered":"http:\/\/losperiodistas.com.mx\/portal\/?p=2177"},"modified":"2020-12-11T07:20:55","modified_gmt":"2020-12-11T13:20:55","slug":"coparmex-plataforma-que-sirvio-a-de-hoyos-para-ser-opositor-de-amlo-y-la-4t-cambia-presidente","status":"publish","type":"post","link":"https:\/\/losperiodistas.com.mx\/portal\/coparmex-plataforma-que-sirvio-a-de-hoyos-para-ser-opositor-de-amlo-y-la-4t-cambia-presidente\/","title":{"rendered":"Coparmex, plataforma que sirvi\u00f3 a De Hoyos para ser opositor de AMLO y la 4T, cambia presidente"},"content":{"rendered":"\n<p style=\"font-size:18px\"><em>Jos\u00e9 Medina Mora Icaza fue electo como nuevo presidente nacional de la Confederaci\u00f3n Patronal de la Rep\u00fablica Mexicana (Coparmex) para el periodo 2021-2022. La&nbsp;Asamblea general determin\u00f3 ponerlo al frente del grupo en sustituci\u00f3n de&nbsp;Gustavo de Hoyos, actual dirigente.<\/em><\/p>\n\n\n\n<p class=\"has-vivid-cyan-blue-color has-text-color has-medium-font-size\">REDACCI\u00d3N SINEMBARGO<\/p>\n\n\n\n<p>Ciudad de M\u00e9xico, 10 de diciembre (SinEmbargo).-<strong>&nbsp;Jos\u00e9 Medina Mora<\/strong>&nbsp;es el nuevo Presidente de&nbsp;<strong>Coparmex<\/strong>, la plataforma utilizada por&nbsp;<strong>Gustavo de Hoyos<\/strong>&nbsp;para plantearse como l\u00edder opositor del&nbsp;<strong>Gobierno&nbsp;<\/strong>de&nbsp;<strong>Andr\u00e9s Manuel L\u00f3pez Obrador.<\/strong><\/p>\n\n\n\n<p>El&nbsp;<strong>sindicato de patrones<\/strong>&nbsp;se convirti\u00f3 en los \u00faltimos dos a\u00f1os en un f\u00e9rreo&nbsp;<strong>cr\u00edtico<\/strong>&nbsp;de la llamada&nbsp;<strong>\u201ccuarta transformaci\u00f3n\u201d<\/strong>, al punto que consider\u00f3 contratar como vocero a&nbsp;<strong>Javier Lozano Alarc\u00f3n,<\/strong>&nbsp;un expanista y expriista de un lenguage soez. Ese era el tono que De Hoyos quiso imprimirle a la confederaci\u00f3n de empresarios. Pero fue detenido por los socios. Tuvo que retractarse.<\/p>\n\n\n\n<p>Fue el mismo De Hoyos quien inform\u00f3 la designaci\u00f3n de Medina Mora, a trav\u00e9s de su cuenta de&nbsp;<strong>Twitter<\/strong>. \u201cUn reconocimiento a su&nbsp;<strong>formaci\u00f3n<\/strong>,&nbsp;<strong>trayectoria<\/strong>, participaci\u00f3n en la organizaci\u00f3n y calidad humana\u201d, expuso el&nbsp;<strong>empresario<\/strong>.<\/p>\n\n\n\n<figure class=\"wp-block-embed-twitter wp-block-embed is-type-rich is-provider-twitter\"><div class=\"wp-block-embed__wrapper\">\n<blockquote class=\"twitter-tweet\" data-width=\"500\" data-dnt=\"true\"><p lang=\"es\" dir=\"ltr\">Compartimos el discurso del <a href=\"https:\/\/twitter.com\/hashtag\/PresidenteElecto?src=hash&amp;ref_src=twsrc%5Etfw\">#PresidenteElecto<\/a> <a href=\"https:\/\/twitter.com\/JoseMedinaMora?ref_src=twsrc%5Etfw\">@JoseMedinaMora<\/a> por el per\u00edodo del 2021 a 2022. Necesitamos cambiar el paradigma, tan com\u00fan en nuestro pa\u00eds: \u201cempresario rico y empresa pobre\u201d y cambiarlos a \u201cempresa rica y empresario digno\u201d <a href=\"https:\/\/twitter.com\/hashtag\/Unidad?src=hash&amp;ref_src=twsrc%5Etfw\">#Unidad<\/a> <a href=\"https:\/\/twitter.com\/hashtag\/LiderazgoHumanista?src=hash&amp;ref_src=twsrc%5Etfw\">#LiderazgoHumanista<\/a> <br>Abrimos \ud83e\uddf5 <a href=\"https:\/\/t.co\/ujBnKeL8Ul\">pic.twitter.com\/ujBnKeL8Ul<\/a><\/p>&mdash; Coparmex Nacional (@Coparmex) <a href=\"https:\/\/twitter.com\/Coparmex\/status\/1337138184334008320?ref_src=twsrc%5Etfw\">December 10, 2020<\/a><\/blockquote><script async src=\"https:\/\/platform.twitter.com\/widgets.js\" charset=\"utf-8\"><\/script>\n<\/div><\/figure>\n\n\n\n<p>Medina Mora Icaza se registr\u00f3 el 19 de octubre como candidato de unidad para presidir la dirigencia nacional de la Coparmex, tras la salida de Gustavo de Hoyos el \u00faltimo d\u00eda de 2020. \u201cCuenta con una trayectoria de 25 a\u00f1os de participaci\u00f3n activa en la Confederaci\u00f3n, ocupando diversos cargos, entre los que destacan haber sido Secretario General de la Coparmex y presidente del Centro Empresarial de Jalisco\u201d, destac\u00f3 la organizaci\u00f3n patronal en aquel momento.<\/p>\n\n\n\n<p><img fetchpriority=\"high\" decoding=\"async\" src=\"https:\/\/i0.wp.com\/sinembargo.mx\/wp-content\/uploads\/2020\/12\/eo53cxtvgaahx2i.jpg\" alt=\"\" width=\"700\" height=\"467\" srcset=\"https:\/\/i0.wp.com\/sinembargo.mx\/wp-content\/uploads\/2020\/12\/eo53cxtvgaahx2i.jpg 700w, https:\/\/i0.wp.com\/sinembargo.mx\/wp-content\/uploads\/2020\/12\/eo53cxtvgaahx2i-300x200.jpg 300w\"><\/p>\n\n\n\n<p>Gustavo de Hoyos y&nbsp;Jos\u00e9 Medina Mora. Foto: Coparmex.<\/p>\n\n\n\n<p>El proceso de renovaci\u00f3n de la presidencia de Coparmex inici\u00f3 el 30 de septiembre a ra\u00edz de un acuerdo emitido por el Comit\u00e9 Electoral y que comunic\u00f3 a los Sindicatos Patronales miembros los plazos de postulaci\u00f3n de las precandidaturas, periodo que ocurri\u00f3 entre el 1 y el 15 de octubre.<img decoding=\"async\" src=\"https:\/\/i0.wp.com\/sinembargo.mx\/wp-content\/uploads\/2020\/06\/hoyios_frase.jpg\" alt=\"\"><\/p>\n\n\n\n<h4 class=\"wp-block-heading\"><a href=\"https:\/\/www.sinembargo.mx\/28-06-2020\/3810954\" target=\"_blank\" rel=\"noreferrer noopener\">VER M\u00c1S<\/a><\/h4>\n\n\n\n<h5 class=\"wp-block-heading\"><a href=\"https:\/\/www.sinembargo.mx\/28-06-2020\/3810954\">La mayor\u00eda de los empresarios no esper\u00e1bamos que AMLO ganara: De Hoyos. Estigmatiza al sector, dice<\/a><\/h5>\n\n\n\n<p>La postulaci\u00f3n de Medina Mora Icaza la realiz\u00f3 el Centro Empresarial de Jalisco. Tras el anuncio de la junta de gobierno, el aspirante \u00fanico solicit\u00f3 licencia de su cargo como secretario general de Coparmex. El Comit\u00e9 Electoral de Coparmex tambi\u00e9n anunci\u00f3 el registro de 130 aspirantes al Consejo Directivo Nacional durante 2021.<\/p>\n\n\n\n<p>La Coparmex est\u00e1 organizada en 14 federaciones, con miembros de 65 Sindicatos Patronales, en 20 delegaciones y con tres representaciones. Aglomera a m\u00e1s de 36 mil empresas que emplean a 4.8 millones de mexicanos, equivalentes al 30 por ciento del Producto Interno Bruto (PIB) nacional. Se fund\u00f3 en 1929 y se define como un \u201cSindicato Patronal independiente, apartidista y de afiliaci\u00f3n voluntaria\u201d.<img decoding=\"async\" src=\"https:\/\/i0.wp.com\/sinembargo.mx\/wp-content\/uploads\/2020\/12\/eo53cycucaajvij.jpg\" alt=\"\" width=\"700\" height=\"467\" srcset=\"https:\/\/i0.wp.com\/sinembargo.mx\/wp-content\/uploads\/2020\/12\/eo53cycucaajvij.jpg 700w, https:\/\/i0.wp.com\/sinembargo.mx\/wp-content\/uploads\/2020\/12\/eo53cycucaajvij-300x200.jpg 300w\"><\/p>\n\n\n\n<p>Jos\u00e9 Medina Mora es el nuevo presidente de la Coparmex. Foto: Coparmex.<\/p>\n\n\n\n<p><strong>COPARMEX: PLATAFORMA POL\u00cdTICA<\/strong><\/p>\n\n\n\n<p>En una entrevista con&nbsp;<strong>SinEmbargo<\/strong>, De Hoyos plante\u00f3 que \u201cla comunicaci\u00f3n del Presidente con las organizaciones del sector privado est\u00e1 rota por completo y hay un clima de estigmatizaci\u00f3n hacia las organizaciones empresariales\u201d.<img decoding=\"async\" src=\"https:\/\/i0.wp.com\/sinembargo.mx\/wp-content\/uploads\/2020\/12\/coparmex-cce-abrazo-de-hoyos-carlos-salazar.jpg\" alt=\"\"><\/p>\n\n\n\n<h4 class=\"wp-block-heading\"><a href=\"https:\/\/www.sinembargo.mx\/09-12-2020\/3907134\" target=\"_blank\" rel=\"noreferrer noopener\">VER M\u00c1S<\/a><\/h4>\n\n\n\n<h5 class=\"wp-block-heading\"><a href=\"https:\/\/www.sinembargo.mx\/09-12-2020\/3907134\">El outsourcing divide a patrones: los que firmaron hoy en Palacio, y los que le dijeron no a AMLO<\/a><\/h5>\n\n\n\n<p>La charla se realiz\u00f3 d\u00edas antes del 1 de diciembre pasado, cuando Andr\u00e9s Manuel L\u00f3pez Obrador cumpli\u00f3 dos a\u00f1os como Jefe del Ejecutivo federal.<\/p>\n\n\n\n<p>El entonces presidente de la Coparmex, organismo que representa a m\u00e1s de 36 mil empresas en todo el pa\u00eds, admiti\u00f3 entonces que la mayor\u00eda de los empresarios esperaba que L\u00f3pez Obrador no ganara la Presidencia porque hab\u00eda antecedentes de cu\u00e1l era su visi\u00f3n con el sector privado, pero al ver su arrolladora victoria (30 millones de votos o 53.1 por ciento) electoral dijeron: \u201cborr\u00f3n y cuenta nueva\u201d.<\/p>\n\n\n\n<p>\u201cHoy el Presidente es el principal agente nocivo para el desarrollo del pa\u00eds, cotidianamente est\u00e1 vulnerando instituciones fundamentales para el desarrollo. Si hablamos de la certidumbre, nadie hab\u00eda da\u00f1ado tanto al desarrollo econ\u00f3mico del pa\u00eds como sus acciones, por ejemplo, podemos hablar de las consultas ex\u00f3ticas que pusieron fin al NAIM o a la desinversi\u00f3n en Baja California de Constellation Brands\u201d, acus\u00f3 De Hoyos.<\/p>\n\n\n\n<p>Fuente: https:\/\/www.sinembargo.mx\/10-12-2020\/3907940<\/p>\n","protected":false},"excerpt":{"rendered":"<p>Jos\u00e9 Medina Mora Icaza fue electo como nuevo presidente nacional de la Confederaci\u00f3n Patronal de la Rep\u00fablica Mexicana (Coparmex) para [&hellip;]<\/p>\n","protected":false},"author":1,"featured_media":2193,"comment_status":"open","ping_status":"open","sticky":false,"template":"","format":"standard","meta":{"site-sidebar-layout":"default","site-content-layout":"","ast-site-content-layout":"default","site-content-style":"default","site-sidebar-style":"default","ast-global-header-display":"","ast-banner-title-visibility":"","ast-main-header-display":"","ast-hfb-above-header-display":"","ast-hfb-below-header-display":"","ast-hfb-mobile-header-display":"","site-post-title":"","ast-breadcrumbs-content":"","ast-featured-img":"","footer-sml-layout":"","theme-transparent-header-meta":"","adv-header-id-meta":"","stick-header-meta":"","header-above-stick-meta":"","header-main-stick-meta":"","header-below-stick-meta":"","astra-migrate-meta-layouts":"default","ast-page-background-enabled":"default","ast-page-background-meta":{"desktop":{"background-color":"var(--ast-global-color-4)","background-image":"","background-repeat":"repeat","background-position":"center center","background-size":"auto","background-attachment":"scroll","background-type":"","background-media":"","overlay-type":"","overlay-color":"","overlay-opacity":"","overlay-gradient":""},"tablet":{"background-color":"","background-image":"","background-repeat":"repeat","background-position":"center center","background-size":"auto","background-attachment":"scroll","background-type":"","background-media":"","overlay-type":"","overlay-color":"","overlay-opacity":"","overlay-gradient":""},"mobile":{"background-color":"","background-image":"","background-repeat":"repeat","background-position":"center center","background-size":"auto","background-attachment":"scroll","background-type":"","background-media":"","overlay-type":"","overlay-color":"","overlay-opacity":"","overlay-gradient":""}},"ast-content-background-meta":{"desktop":{"background-color":"var(--ast-global-color-5)","background-image":"","background-repeat":"repeat","background-position":"center center","background-size":"auto","background-attachment":"scroll","background-type":"","background-media":"","overlay-type":"","overlay-color":"","overlay-opacity":"","overlay-gradient":""},"tablet":{"background-color":"var(--ast-global-color-5)","background-image":"","background-repeat":"repeat","background-position":"center center","background-size":"auto","background-attachment":"scroll","background-type":"","background-media":"","overlay-type":"","overlay-color":"","overlay-opacity":"","overlay-gradient":""},"mobile":{"background-color":"var(--ast-global-color-5)","background-image":"","background-repeat":"repeat","background-position":"center center","background-size":"auto","background-attachment":"scroll","background-type":"","background-media":"","overlay-type":"","overlay-color":"","overlay-opacity":"","overlay-gradient":""}},"footnotes":""},"categories":[8,1],"tags":[],"class_list":["post-2177","post","type-post","status-publish","format-standard","has-post-thumbnail","hentry","category-noticias","category-sin-categoria"],"_links":{"self":[{"href":"https:\/\/losperiodistas.com.mx\/portal\/wp-json\/wp\/v2\/posts\/2177","targetHints":{"allow":["GET"]}}],"collection":[{"href":"https:\/\/losperiodistas.com.mx\/portal\/wp-json\/wp\/v2\/posts"}],"about":[{"href":"https:\/\/losperiodistas.com.mx\/portal\/wp-json\/wp\/v2\/types\/post"}],"author":[{"embeddable":true,"href":"https:\/\/losperiodistas.com.mx\/portal\/wp-json\/wp\/v2\/users\/1"}],"replies":[{"embeddable":true,"href":"https:\/\/losperiodistas.com.mx\/portal\/wp-json\/wp\/v2\/comments?post=2177"}],"version-history":[{"count":1,"href":"https:\/\/losperiodistas.com.mx\/portal\/wp-json\/wp\/v2\/posts\/2177\/revisions"}],"predecessor-version":[{"id":2194,"href":"https:\/\/losperiodistas.com.mx\/portal\/wp-json\/wp\/v2\/posts\/2177\/revisions\/2194"}],"wp:featuredmedia":[{"embeddable":true,"href":"https:\/\/losperiodistas.com.mx\/portal\/wp-json\/wp\/v2\/media\/2193"}],"wp:attachment":[{"href":"https:\/\/losperiodistas.com.mx\/portal\/wp-json\/wp\/v2\/media?parent=2177"}],"wp:term":[{"taxonomy":"category","embeddable":true,"href":"https:\/\/losperiodistas.com.mx\/portal\/wp-json\/wp\/v2\/categories?post=2177"},{"taxonomy":"post_tag","embeddable":true,"href":"https:\/\/losperiodistas.com.mx\/portal\/wp-json\/wp\/v2\/tags?post=2177"}],"curies":[{"name":"wp","href":"https:\/\/api.w.org\/{rel}","templated":true}]}}