{"id":21757,"date":"2022-02-18T07:57:06","date_gmt":"2022-02-18T13:57:06","guid":{"rendered":"http:\/\/losperiodistas.com.mx\/portal\/?p=21757"},"modified":"2022-02-18T07:57:08","modified_gmt":"2022-02-18T13:57:08","slug":"la-ctm-tendra-universidad-obrera","status":"publish","type":"post","link":"https:\/\/losperiodistas.com.mx\/portal\/la-ctm-tendra-universidad-obrera\/","title":{"rendered":"La CTM tendr\u00e1 Universidad Obrera"},"content":{"rendered":"\n<p style=\"font-size:22px\">*Homenaje luctuoso a Don Salom\u00f3n Soto T\u00e9llez<\/p>\n\n\n\n<figure class=\"wp-block-image size-large\"><img fetchpriority=\"high\" decoding=\"async\" width=\"1024\" height=\"781\" src=\"https:\/\/losperiodistas.com.mx\/portal\/wp-content\/uploads\/2022\/02\/CAPACITACIO\u0301N-A-OBREROS-1024x781.jpeg\" alt=\"\" class=\"wp-image-21758\" srcset=\"https:\/\/losperiodistas.com.mx\/portal\/wp-content\/uploads\/2022\/02\/CAPACITACIO\u0301N-A-OBREROS-1024x781.jpeg 1024w, https:\/\/losperiodistas.com.mx\/portal\/wp-content\/uploads\/2022\/02\/CAPACITACIO\u0301N-A-OBREROS-300x229.jpeg 300w, https:\/\/losperiodistas.com.mx\/portal\/wp-content\/uploads\/2022\/02\/CAPACITACIO\u0301N-A-OBREROS-768x586.jpeg 768w, https:\/\/losperiodistas.com.mx\/portal\/wp-content\/uploads\/2022\/02\/CAPACITACIO\u0301N-A-OBREROS.jpeg 1280w\" sizes=\"(max-width: 1024px) 100vw, 1024px\" \/><\/figure>\n\n\n\n<p><\/p>\n\n\n\n<p class=\"has-vivid-cyan-blue-color has-text-color\" style=\"font-size:26px\"><strong><em>Por Ra\u00fal Torres Salmer\u00f3n<\/em><\/strong><\/p>\n\n\n\n<p>Al inaugurar el Centro de Capacitaci\u00f3n Salom\u00f3n Soto T\u00e9llez, el dirigente de la FTP-CTM en Puebla, Leobardo Soto Mart\u00ednez, afirma que en este lugar se formar\u00e1n los l\u00edderes sindicales y los trabajadores, quienes tambi\u00e9n podr\u00e1n prepararse en diversas \u00e1reas para avanzar en sus actividades laborales.<\/p>\n\n\n\n<p>El objetivo es establecer en Puebla la Universidad Obrera, igual que opera en la Ciudad de M\u00e9xico, as\u00ed se facilitar\u00e1 la preparaci\u00f3n t\u00e9cnica y profesional del personal que labora en las industrias de la regi\u00f3n.<\/p>\n\n\n\n<p>El Centro cuenta con el apoyo de empresas y de la academia, a trav\u00e9s del Instituto Universitario de Puebla, para avalar los estudios de los trabajadores.<\/p>\n\n\n\n<p>En este marco, se destac\u00f3 la colaboraci\u00f3n entre empresas y trabajadores es importante para el crecimiento y desarrollo de ambas partes, y la capacitaci\u00f3n es fundamental para que haya mexicanos completos, con puntos de vista que permitan llegar a una mejor posici\u00f3n.<\/p>\n\n\n\n<p>Se cont\u00f3 con la presencia de Eduardo Rivera P\u00e9rez, Alcalde de Puebla Capital; Fernando Salgado Delgado, Secretario General Adjunto del Comit\u00e9 Nacional de la CTM;&nbsp; los diputados N\u00e9stor Camarillo Medina e Isabel Merlo Talavera, dirigentes del PRI estatal y el Regidor Leobardo Soto Enr\u00edquez, l\u00edder nacional de los j\u00f3venes de la CTM.<\/p>\n\n\n\n<p>Tambi\u00e9n asistieron Ren\u00e9 del Castillo Aceves, Presidente del Instituto de Investigaci\u00f3n e Innovaci\u00f3n de la CTM; Antar Mendoza Ibarrola, Presidente de Consejo Mexicano de Comercio Exterior (COMCE Sur); Gustavo Sant\u00edn Nieto, Director del Instituto Universitario de Puebla; Leobardo Soto Mart\u00ednez, Secretario General de la Federaci\u00f3n de Trabajadores del Estado de Puebla, adherida a la CTM, empresarios y l\u00edderes sindicales de diferentes industrias.<\/p>\n\n\n\n<p>La inauguraci\u00f3n se realiz\u00f3 en el marco del 9\u00ba. aniversario luctuoso de Don Salom\u00f3n Soto T\u00e9llez, l\u00edder cetemista del que toma su nombre el Centro de Capacitaci\u00f3n. Se firm\u00f3 un convenio entre en Instituto para el Desarrollo de Competencias (INDECO) y el Instituto Universitario de Puebla (IUP), que dirige Gustavo Sant\u00edn.<\/p>\n\n\n\n<p>El l\u00edder nacional de los j\u00f3venes cetemistas, Regidor de Puebla Capital, Leobardo Soto Enr\u00edquez, en su oportunidad aport\u00f3 datos biogr\u00e1ficos de la vida de Don Salom\u00f3n Soto T\u00e9llez, con \u00e9nfasis en su lucha sindicalista a favor del tripartismo, derecho de huelga, contrataci\u00f3n colectiva y en general de todos los derechos y conquistas de los trabajadores, los cuales defendi\u00f3 hasta el final de su vida.<\/p>\n\n\n\n<p>Por su parte, el dirigente de&nbsp; la FTP-CTM, Leobardo Soto Mart\u00ednez, mencion\u00f3 las caracter\u00edsticas del nuevo Centro de Capacitaci\u00f3n el cual contar\u00e1 con tecnolog\u00eda de vanguardia en temas de capacitaci\u00f3n y conectividad. El nuevo centro de capacitaci\u00f3n dar\u00e1 instrucci\u00f3n a los 85 mil trabajadores que integran en Puebla a la FTP-CTM.<\/p>\n\n\n\n<p>Leonor Paredes, Secretaria de Capacitaci\u00f3n y Educaci\u00f3n de la FTP-CTM habl\u00f3 de la importancia de democratizar la educaci\u00f3n y que considerar la paridad de g\u00e9neros, que es la mejor manera de abatir la discriminaci\u00f3n de las mujeres.<\/p>\n\n\n\n<p>Vale la pena destacar la intervenci\u00f3n de Antar Mendoza Ibarrola, Presidente del Consejo Mexicano de Comercio Exterior (COMCE), Zona Sur, quien se\u00f1al\u00f3 que trabajadores y empresas deben estar preparados para los nuevos retos, para trabajar en la diversidad, mantenerse hiperconectados con el mundo, para comercializar y generar energ\u00edas limpias. Puebla tiene una gran vocaci\u00f3n de trabajo y servicio.<\/p>\n\n\n\n<p>Ante dirigentes de la CTM, l\u00edderes sindicales y directivos de industrias, Mendoza Ibarrola apunt\u00f3 que con la capacitaci\u00f3n han avanzado en aspectos t\u00e9cnicos y sociales, en llevar a la pr\u00e1ctica las demandas obreras, lo cual ha permitido que los centros de trabajo crezcan.<\/p>\n\n\n\n<p>En la medida en que haya esa colaboraci\u00f3n las empresas son mejores lugares para trabajar, con el beneficio para los colaboradores y para sus familias, finaliz\u00f3 el presidente del COMCE-sur.<\/p>\n\n\n\n<p>Despu\u00e9s del tradicional corte de list\u00f3n, los cetemistas se trasladaron al municipio de Rafael Lara Grajales donde, en el pante\u00f3n municipal construido por la familia Soto Mart\u00ednez en honor de Don Salom\u00f3n Soto T\u00e9llez, se realiz\u00f3 el homenaje solemne en el que participaron trabajadores, sindicalistas, la esposa de don Salom\u00f3n Sra, Dolores Mart\u00ednez y sus hijos: Angelica, Miguel, Oscar, Arturo, Salom\u00f3n y Leobardo.<\/p>\n\n\n\n<p>En fin, como escribi\u00f3 Manuel del Palacio (Espa\u00f1a, 1831-1906), en su libro Chispas:<\/p>\n\n\n\n<p>Necio y oscuro y vulgar<\/p>\n\n\n\n<p>un discurso escuch\u00e9 ayer,<\/p>\n\n\n\n<p>y dije sin vacilar:<\/p>\n\n\n\n<p>-Para no hacerse entender<\/p>\n\n\n\n<p>\u00bfno es mucho mejor callar?<\/p>\n\n\n\n<p>****<\/p>\n\n\n\n<p>No desprecies al \u00e1rbol<\/p>\n\n\n\n<p>por verle viejo,<\/p>\n\n\n\n<p>que la le\u00f1a m\u00e1s seca<\/p>\n\n\n\n<p>da mejor fuego.<\/p>\n\n\n\n<p>raultorress@hotmail.com<\/p>\n","protected":false},"excerpt":{"rendered":"<p>*Homenaje luctuoso a Don Salom\u00f3n Soto T\u00e9llez Por Ra\u00fal Torres Salmer\u00f3n Al inaugurar el Centro de Capacitaci\u00f3n Salom\u00f3n Soto T\u00e9llez, [&hellip;]<\/p>\n","protected":false},"author":1,"featured_media":21758,"comment_status":"open","ping_status":"open","sticky":false,"template":"","format":"standard","meta":{"site-sidebar-layout":"default","site-content-layout":"","ast-site-content-layout":"default","site-content-style":"default","site-sidebar-style":"default","ast-global-header-display":"","ast-banner-title-visibility":"","ast-main-header-display":"","ast-hfb-above-header-display":"","ast-hfb-below-header-display":"","ast-hfb-mobile-header-display":"","site-post-title":"","ast-breadcrumbs-content":"","ast-featured-img":"","footer-sml-layout":"","theme-transparent-header-meta":"","adv-header-id-meta":"","stick-header-meta":"","header-above-stick-meta":"","header-main-stick-meta":"","header-below-stick-meta":"","astra-migrate-meta-layouts":"default","ast-page-background-enabled":"default","ast-page-background-meta":{"desktop":{"background-color":"var(--ast-global-color-4)","background-image":"","background-repeat":"repeat","background-position":"center center","background-size":"auto","background-attachment":"scroll","background-type":"","background-media":"","overlay-type":"","overlay-color":"","overlay-opacity":"","overlay-gradient":""},"tablet":{"background-color":"","background-image":"","background-repeat":"repeat","background-position":"center center","background-size":"auto","background-attachment":"scroll","background-type":"","background-media":"","overlay-type":"","overlay-color":"","overlay-opacity":"","overlay-gradient":""},"mobile":{"background-color":"","background-image":"","background-repeat":"repeat","background-position":"center center","background-size":"auto","background-attachment":"scroll","background-type":"","background-media":"","overlay-type":"","overlay-color":"","overlay-opacity":"","overlay-gradient":""}},"ast-content-background-meta":{"desktop":{"background-color":"var(--ast-global-color-5)","background-image":"","background-repeat":"repeat","background-position":"center center","background-size":"auto","background-attachment":"scroll","background-type":"","background-media":"","overlay-type":"","overlay-color":"","overlay-opacity":"","overlay-gradient":""},"tablet":{"background-color":"var(--ast-global-color-5)","background-image":"","background-repeat":"repeat","background-position":"center center","background-size":"auto","background-attachment":"scroll","background-type":"","background-media":"","overlay-type":"","overlay-color":"","overlay-opacity":"","overlay-gradient":""},"mobile":{"background-color":"var(--ast-global-color-5)","background-image":"","background-repeat":"repeat","background-position":"center center","background-size":"auto","background-attachment":"scroll","background-type":"","background-media":"","overlay-type":"","overlay-color":"","overlay-opacity":"","overlay-gradient":""}},"footnotes":""},"categories":[8,19],"tags":[4836,4395],"class_list":["post-21757","post","type-post","status-publish","format-standard","has-post-thumbnail","hentry","category-noticias","category-sin-limites-2","tag-ctm-puebla","tag-salomon-soto-tellez"],"_links":{"self":[{"href":"https:\/\/losperiodistas.com.mx\/portal\/wp-json\/wp\/v2\/posts\/21757","targetHints":{"allow":["GET"]}}],"collection":[{"href":"https:\/\/losperiodistas.com.mx\/portal\/wp-json\/wp\/v2\/posts"}],"about":[{"href":"https:\/\/losperiodistas.com.mx\/portal\/wp-json\/wp\/v2\/types\/post"}],"author":[{"embeddable":true,"href":"https:\/\/losperiodistas.com.mx\/portal\/wp-json\/wp\/v2\/users\/1"}],"replies":[{"embeddable":true,"href":"https:\/\/losperiodistas.com.mx\/portal\/wp-json\/wp\/v2\/comments?post=21757"}],"version-history":[{"count":1,"href":"https:\/\/losperiodistas.com.mx\/portal\/wp-json\/wp\/v2\/posts\/21757\/revisions"}],"predecessor-version":[{"id":21759,"href":"https:\/\/losperiodistas.com.mx\/portal\/wp-json\/wp\/v2\/posts\/21757\/revisions\/21759"}],"wp:featuredmedia":[{"embeddable":true,"href":"https:\/\/losperiodistas.com.mx\/portal\/wp-json\/wp\/v2\/media\/21758"}],"wp:attachment":[{"href":"https:\/\/losperiodistas.com.mx\/portal\/wp-json\/wp\/v2\/media?parent=21757"}],"wp:term":[{"taxonomy":"category","embeddable":true,"href":"https:\/\/losperiodistas.com.mx\/portal\/wp-json\/wp\/v2\/categories?post=21757"},{"taxonomy":"post_tag","embeddable":true,"href":"https:\/\/losperiodistas.com.mx\/portal\/wp-json\/wp\/v2\/tags?post=21757"}],"curies":[{"name":"wp","href":"https:\/\/api.w.org\/{rel}","templated":true}]}}