{"id":21753,"date":"2022-02-18T07:45:27","date_gmt":"2022-02-18T13:45:27","guid":{"rendered":"http:\/\/losperiodistas.com.mx\/portal\/?p=21753"},"modified":"2022-02-18T07:53:40","modified_gmt":"2022-02-18T13:53:40","slug":"amlo-siente-claramente-el-peligro-the-economist-infobae","status":"publish","type":"post","link":"https:\/\/losperiodistas.com.mx\/portal\/amlo-siente-claramente-el-peligro-the-economist-infobae\/","title":{"rendered":"\u201cAMLO siente claramente el peligro\u201d: The Economist | Infobae"},"content":{"rendered":"\n<p style=\"font-size:18px\"><em>El diario ingl\u00e9s consider\u00f3 que el reciente esc\u00e1ndalo por la casa millonaria de Jos\u00e9 Ram\u00f3n L\u00f3pez Beltr\u00e1n podr\u00eda convertirse en un s\u00edmbolo del gobierno que predica austeridad<\/em><\/p>\n\n\n\n<figure class=\"wp-block-image size-large\"><img fetchpriority=\"high\" decoding=\"async\" width=\"1024\" height=\"576\" src=\"https:\/\/losperiodistas.com.mx\/portal\/wp-content\/uploads\/2022\/02\/2347VL4FZD4FV4HN4NWDJQB2JM-1024x576.jpg\" alt=\"\" class=\"wp-image-21754\" srcset=\"https:\/\/losperiodistas.com.mx\/portal\/wp-content\/uploads\/2022\/02\/2347VL4FZD4FV4HN4NWDJQB2JM-1024x576.jpg 1024w, https:\/\/losperiodistas.com.mx\/portal\/wp-content\/uploads\/2022\/02\/2347VL4FZD4FV4HN4NWDJQB2JM-300x169.jpg 300w, https:\/\/losperiodistas.com.mx\/portal\/wp-content\/uploads\/2022\/02\/2347VL4FZD4FV4HN4NWDJQB2JM-768x432.jpg 768w, https:\/\/losperiodistas.com.mx\/portal\/wp-content\/uploads\/2022\/02\/2347VL4FZD4FV4HN4NWDJQB2JM.jpg 1440w\" sizes=\"(max-width: 1024px) 100vw, 1024px\" \/><figcaption>El presidente de M\u00e9xico, Andr\u00e9s Manuel L\u00f3pez Obrador, ha estado en confrontaci\u00f3n con la prensa durante los \u00faltimos d\u00edas Foto: REUTERS\/Edgard Garrido<\/figcaption><\/figure>\n\n\n\n<p>INFOBAE<\/p>\n\n\n\n<p>La reciente investigaci\u00f3n que revel\u00f3<strong>&nbsp;la mansi\u00f3n en donde vive el hijo del presidente Andr\u00e9s Manuel L\u00f3pez Obrador<\/strong>, Jos\u00e9 Ram\u00f3n L\u00f3pez Beltr\u00e1n y su familia,&nbsp;<strong>ha sido acompa\u00f1ado por m\u00faltiples cr\u00edticas de la oposici\u00f3n&nbsp;<\/strong>por los dichos de \u201causteridad republicana\u201d con los que se maneja la Cuarta Transformaci\u00f3n.<\/p>\n\n\n\n<p>Ahora, la cr\u00edtica ha traspasado fronteras, pues en fechas recientes&nbsp;<a href=\"https:\/\/www.infobae.com\/america\/mexico\/2022\/02\/17\/congresista-de-eeuu-pidio-a-joe-biden-presionar-a-amlo-para-frenar-violencia-contra-periodistas\/\" target=\"_blank\" rel=\"noreferrer noopener\">el senador republicano por el estado de Texas,&nbsp;<strong>Ted Cruz<\/strong><\/a>, pidi\u00f3 al presidente norteamericano&nbsp;<strong>Joe Biden<\/strong>&nbsp;presionar a su hom\u00f3logo mexicano, AMLO, para frenar la violencia contra periodistas en el pa\u00eds.<\/p>\n\n\n\n<p>A estos se\u00f1alamientos se sum\u00f3 tambi\u00e9n el columnista Michael Reid \u201cBello\u201d del diario ingl\u00e9s&nbsp;<em>The Economist<\/em>, quien consider\u00f3 que esta informaci\u00f3n contra el primog\u00e9nito de AMLO&nbsp;<strong>se pueden considerar como un \u201ccambio de juego\u201d&nbsp;<\/strong>en su sexenio, donde la primicia ha sido \u201cgobernar con el ejemplo\u201d.<\/p>\n\n\n\n<p>En este sentido, asegur\u00f3 que las acciones que ha realizado el jefe del Ejecutivo Federal, en las que ha arremetido sin piedad contra Carlos Loret de Mola, Claudio X. Gonz\u00e1lez, entre otros, es porque<strong>&nbsp;\u201csiente claramente el peligro\u201d detr\u00e1s de las acusaciones.<\/strong><img decoding=\"async\" height=\"715\" width=\"519\" srcset=\"https:\/\/www.infobae.com\/new-resizer\/bOrDzHM0-ZaBgQ2pP_oLXIya9lI=\/420x560\/filters:format(webp):quality(85)\/cloudfront-us-east-1.images.arcpublishing.com\/infobae\/NSB6Z5VDHVDMZBMNSBILKO3FFI.jpg 420w,https:\/\/www.infobae.com\/new-resizer\/WTDJkHPXyZuEZ6ft0H38aUnp0wg=\/768x1024\/filters:format(webp):quality(85)\/cloudfront-us-east-1.images.arcpublishing.com\/infobae\/NSB6Z5VDHVDMZBMNSBILKO3FFI.jpg 768w,https:\/\/www.infobae.com\/new-resizer\/cn0-Ii_C0aUrvYxzTrBHs3tY5cw=\/992x1323\/filters:format(webp):quality(85)\/cloudfront-us-east-1.images.arcpublishing.com\/infobae\/NSB6Z5VDHVDMZBMNSBILKO3FFI.jpg 992w,https:\/\/www.infobae.com\/new-resizer\/KpjPPUWA9SxKwFcsgFtusNWhhfE=\/1200x1600\/filters:format(webp):quality(85)\/cloudfront-us-east-1.images.arcpublishing.com\/infobae\/NSB6Z5VDHVDMZBMNSBILKO3FFI.jpg 1200w\" alt=\"El periodista Michael Reid dedic\u00f3 su m\u00e1s reciente columna al presidente de M\u00e9xico\" src=\"https:\/\/www.infobae.com\/new-resizer\/bOrDzHM0-ZaBgQ2pP_oLXIya9lI=\/420x560\/filters:format(webp):quality(85)\/cloudfront-us-east-1.images.arcpublishing.com\/infobae\/NSB6Z5VDHVDMZBMNSBILKO3FFI.jpg%20420w\"><\/p>\n\n\n\n<p>El periodista Michael Reid dedic\u00f3 su m\u00e1s reciente columna al presidente de M\u00e9xico<\/p>\n\n\n\n<p>\u201cDesde que salt\u00f3 la noticia el mes pasado, en sus conferencias de prensa matutinas de varias horas ha seguido el libro de texto populista de distraer la atenci\u00f3n invent\u00e1ndose enemigos del pueblo\u201d, escribi\u00f3 el periodista.&nbsp;<strong>Entre esos enemigos, Reid destac\u00f3 a Loret de Mola<\/strong>, al gobierno espa\u00f1ol a quienes amenaz\u00f3 con pausar las relaciones.<\/p>\n\n\n\n<p>Sin embargo, el periodista consider\u00f3 que<strong>&nbsp;AMLO tiene en la agenda otras cosas que demostrarle a M\u00e9xico<\/strong>, como lo que consider\u00f3 un deficiente manejo de la pandemia, la recuperaci\u00f3n tardad de la econom\u00eda, y el aumento en los delitos violentos.<\/p>\n\n\n\n<p>Pero consider\u00f3 que a pesar de esto, se puede vislumbrar que AMLO \u201c<a href=\"https:\/\/www.infobae.com\/america\/mexico\/2022\/02\/18\/revocacion-de-mandato-estos-son-los-requisitos-para-participar-en-la-consulta-desde-el-extranjero\/\" target=\"_blank\" rel=\"noreferrer noopener\">ganar\u00e1 un refer\u00e9ndum revocatorio dise\u00f1ado por \u00e9l mismo sobre su gobierno<\/a>\u201d, aunque<strong>&nbsp;advirti\u00f3 que la prueba realmente dura podr\u00eda llegar con las elecciones a gubernaturas en seis estados en junio pr\u00f3ximo.<\/strong><\/p>\n\n\n\n<p>\u201cBello\u201d, concluy\u00f3 que Andr\u00e9s Manuel L\u00f3pez Obrador tiene un gran reto por enfrentar, pero sin duda, se esforzar\u00e1 con todas sus ganas para<strong>&nbsp;evitar que el esc\u00e1ndalo de su primog\u00e9nito en Houston se convierta en un s\u00edmbolo&nbsp;<\/strong>dentro de su gobierno, y para toda la historia.<img decoding=\"async\" alt=\"El presidente ha defendido a capa y espada a Jos\u00e9 Ram\u00f3n L\u00f3pez Beltr\u00e1n por el reciente esc\u00e1ndalo\n\nFoto: REUTERS\/Edgard Garrido\" src=\"https:\/\/www.infobae.com\/new-resizer\/es82rw8Kl_r7eLp-3owI5q4g_R8=\/420x280\/filters:format(webp):quality(85)\/cloudfront-us-east-1.images.arcpublishing.com\/infobae\/PQJBNVRX226JTFFB32SYNREG3M.jpg%20420w\" height=\"4000\" width=\"6000\" srcset=\"https:\/\/www.infobae.com\/new-resizer\/es82rw8Kl_r7eLp-3owI5q4g_R8=\/420x280\/filters:format(webp):quality(85)\/cloudfront-us-east-1.images.arcpublishing.com\/infobae\/PQJBNVRX226JTFFB32SYNREG3M.jpg 420w,https:\/\/www.infobae.com\/new-resizer\/Do8mmbZipTAbE36U91QIeJhcC7w=\/768x512\/filters:format(webp):quality(85)\/cloudfront-us-east-1.images.arcpublishing.com\/infobae\/PQJBNVRX226JTFFB32SYNREG3M.jpg 768w,https:\/\/www.infobae.com\/new-resizer\/Ghi2kLk1EkY_lkyDLtCD0EBuXHY=\/992x661\/filters:format(webp):quality(85)\/cloudfront-us-east-1.images.arcpublishing.com\/infobae\/PQJBNVRX226JTFFB32SYNREG3M.jpg 992w,https:\/\/www.infobae.com\/new-resizer\/tx0_rbjgTzmRyQoLFmNZ2kml2j0=\/1200x800\/filters:format(webp):quality(85)\/cloudfront-us-east-1.images.arcpublishing.com\/infobae\/PQJBNVRX226JTFFB32SYNREG3M.jpg 1200w,https:\/\/www.infobae.com\/new-resizer\/mg_GKsiGUXOVVCO8hm7FoYsgRy0=\/1440x960\/filters:format(webp):quality(85)\/cloudfront-us-east-1.images.arcpublishing.com\/infobae\/PQJBNVRX226JTFFB32SYNREG3M.jpg 1440w\">El presidente ha defendido a capa y espada a Jos\u00e9 Ram\u00f3n L\u00f3pez Beltr\u00e1n por el reciente esc\u00e1ndalo Foto: REUTERS\/Edgard Garrido<\/p>\n\n\n\n<h2 class=\"wp-block-heading\">Los lujos del hijo de AMLO<\/h2>\n\n\n\n<p>Los portales<em>&nbsp;LatinUs y Mexicanos Contra la Corrupci\u00f3n<\/em>&nbsp;(MCCI) y la Impunidad publicaron un reportaje en el que revelaron que<strong>&nbsp;Carolyn Adams y Jos\u00e9 Ram\u00f3n L\u00f3pez Beltr\u00e1n<\/strong>&nbsp;viven en una lujosa casa ubicada en Houston, Texas, donde adem\u00e1s de alberca, cuentan con una sala de cine.<\/p>\n\n\n\n<p>Sali\u00f3 a la luz, adem\u00e1s, que<strong>&nbsp;la misma perteneci\u00f3 a un alto funcionario de la empresa petrolera Baker Hughes<\/strong>, en la que trabajaba Carolyn, y que tiene contratos actuales con el gobierno de M\u00e9xico.<\/p>\n\n\n\n<p>Sin embargo, la esposa de Beltr\u00e1n asegur\u00f3 que<strong>&nbsp;la casa fue rentada a trav\u00e9s de una inmobiliaria&nbsp;<\/strong>sin conocer a su due\u00f1o anterior, mientras que L\u00f3pez Beltr\u00e1n asegur\u00f3 que<strong>&nbsp;trabaja para la empresa KEI Partners<\/strong>, misma que pertenece a los hijos de Daniel Ch\u00e1vez Mor\u00e1n.<\/p>\n\n\n\n<p>A pesar de que AMLO asegur\u00f3 que Mor\u00e1n, quien&nbsp;<strong>se encarga de supervisar las obras del Tren Maya, aunque como colaborador, sin contrato y sin paga<\/strong>, no tiene conflictos de intereses, MCCI revel\u00f3 que ha recibido diversas concesiones con la 4T.<\/p>\n\n\n\n<p>L\u00f3pez Obrador, por su parte, se ha dedicado a&nbsp;<strong>descalificar a los periodistas detr\u00e1s del reportaje<\/strong>, siendo Loret de Mola el m\u00e1s golpeado hasta la fecha, pues incluso publicaron su supuesto sueldo.<\/p>\n\n\n\n<p>Fuente: https:\/\/www.infobae.com\/america\/mexico\/2022\/02\/18\/amlo-siente-claramente-el-peligro-the-ecomist\/<\/p>\n","protected":false},"excerpt":{"rendered":"<p>El diario ingl\u00e9s consider\u00f3 que el reciente esc\u00e1ndalo por la casa millonaria de Jos\u00e9 Ram\u00f3n L\u00f3pez Beltr\u00e1n podr\u00eda convertirse en [&hellip;]<\/p>\n","protected":false},"author":1,"featured_media":21754,"comment_status":"open","ping_status":"open","sticky":false,"template":"","format":"standard","meta":{"site-sidebar-layout":"default","site-content-layout":"","ast-site-content-layout":"default","site-content-style":"default","site-sidebar-style":"default","ast-global-header-display":"","ast-banner-title-visibility":"","ast-main-header-display":"","ast-hfb-above-header-display":"","ast-hfb-below-header-display":"","ast-hfb-mobile-header-display":"","site-post-title":"","ast-breadcrumbs-content":"","ast-featured-img":"","footer-sml-layout":"","theme-transparent-header-meta":"","adv-header-id-meta":"","stick-header-meta":"","header-above-stick-meta":"","header-main-stick-meta":"","header-below-stick-meta":"","astra-migrate-meta-layouts":"default","ast-page-background-enabled":"default","ast-page-background-meta":{"desktop":{"background-color":"var(--ast-global-color-4)","background-image":"","background-repeat":"repeat","background-position":"center center","background-size":"auto","background-attachment":"scroll","background-type":"","background-media":"","overlay-type":"","overlay-color":"","overlay-opacity":"","overlay-gradient":""},"tablet":{"background-color":"","background-image":"","background-repeat":"repeat","background-position":"center center","background-size":"auto","background-attachment":"scroll","background-type":"","background-media":"","overlay-type":"","overlay-color":"","overlay-opacity":"","overlay-gradient":""},"mobile":{"background-color":"","background-image":"","background-repeat":"repeat","background-position":"center center","background-size":"auto","background-attachment":"scroll","background-type":"","background-media":"","overlay-type":"","overlay-color":"","overlay-opacity":"","overlay-gradient":""}},"ast-content-background-meta":{"desktop":{"background-color":"var(--ast-global-color-5)","background-image":"","background-repeat":"repeat","background-position":"center center","background-size":"auto","background-attachment":"scroll","background-type":"","background-media":"","overlay-type":"","overlay-color":"","overlay-opacity":"","overlay-gradient":""},"tablet":{"background-color":"var(--ast-global-color-5)","background-image":"","background-repeat":"repeat","background-position":"center center","background-size":"auto","background-attachment":"scroll","background-type":"","background-media":"","overlay-type":"","overlay-color":"","overlay-opacity":"","overlay-gradient":""},"mobile":{"background-color":"var(--ast-global-color-5)","background-image":"","background-repeat":"repeat","background-position":"center center","background-size":"auto","background-attachment":"scroll","background-type":"","background-media":"","overlay-type":"","overlay-color":"","overlay-opacity":"","overlay-gradient":""}},"footnotes":""},"categories":[8,1],"tags":[],"class_list":["post-21753","post","type-post","status-publish","format-standard","has-post-thumbnail","hentry","category-noticias","category-sin-categoria"],"_links":{"self":[{"href":"https:\/\/losperiodistas.com.mx\/portal\/wp-json\/wp\/v2\/posts\/21753","targetHints":{"allow":["GET"]}}],"collection":[{"href":"https:\/\/losperiodistas.com.mx\/portal\/wp-json\/wp\/v2\/posts"}],"about":[{"href":"https:\/\/losperiodistas.com.mx\/portal\/wp-json\/wp\/v2\/types\/post"}],"author":[{"embeddable":true,"href":"https:\/\/losperiodistas.com.mx\/portal\/wp-json\/wp\/v2\/users\/1"}],"replies":[{"embeddable":true,"href":"https:\/\/losperiodistas.com.mx\/portal\/wp-json\/wp\/v2\/comments?post=21753"}],"version-history":[{"count":1,"href":"https:\/\/losperiodistas.com.mx\/portal\/wp-json\/wp\/v2\/posts\/21753\/revisions"}],"predecessor-version":[{"id":21755,"href":"https:\/\/losperiodistas.com.mx\/portal\/wp-json\/wp\/v2\/posts\/21753\/revisions\/21755"}],"wp:featuredmedia":[{"embeddable":true,"href":"https:\/\/losperiodistas.com.mx\/portal\/wp-json\/wp\/v2\/media\/21754"}],"wp:attachment":[{"href":"https:\/\/losperiodistas.com.mx\/portal\/wp-json\/wp\/v2\/media?parent=21753"}],"wp:term":[{"taxonomy":"category","embeddable":true,"href":"https:\/\/losperiodistas.com.mx\/portal\/wp-json\/wp\/v2\/categories?post=21753"},{"taxonomy":"post_tag","embeddable":true,"href":"https:\/\/losperiodistas.com.mx\/portal\/wp-json\/wp\/v2\/tags?post=21753"}],"curies":[{"name":"wp","href":"https:\/\/api.w.org\/{rel}","templated":true}]}}