{"id":21750,"date":"2022-02-18T07:36:21","date_gmt":"2022-02-18T13:36:21","guid":{"rendered":"http:\/\/losperiodistas.com.mx\/portal\/?p=21750"},"modified":"2022-02-18T07:36:22","modified_gmt":"2022-02-18T13:36:22","slug":"efemerides-del-18-de-febrero-que-paso-un-dia-como-hoy-adn-40","status":"publish","type":"post","link":"https:\/\/losperiodistas.com.mx\/portal\/efemerides-del-18-de-febrero-que-paso-un-dia-como-hoy-adn-40\/","title":{"rendered":"Efem\u00e9rides del 18 de febrero: Qu\u00e9 pas\u00f3 un d\u00eda como hoy | ADN 40"},"content":{"rendered":"\n<p style=\"font-size:18px\"><em>\u00bfQu\u00e9 pas\u00f3 un d\u00eda como hoy? El 18 de febrero se celebra el \u2018D\u00eda Internacional del S\u00edndrome de Asperger\u2019. Conoce las efem\u00e9rides de este d\u00eda.<\/em><\/p>\n\n\n\n<figure class=\"wp-block-image size-large\"><img fetchpriority=\"high\" decoding=\"async\" width=\"968\" height=\"545\" src=\"https:\/\/losperiodistas.com.mx\/portal\/wp-content\/uploads\/2022\/02\/efeme-feb-18.jpeg\" alt=\"\" class=\"wp-image-21751\" srcset=\"https:\/\/losperiodistas.com.mx\/portal\/wp-content\/uploads\/2022\/02\/efeme-feb-18.jpeg 968w, https:\/\/losperiodistas.com.mx\/portal\/wp-content\/uploads\/2022\/02\/efeme-feb-18-300x169.jpeg 300w, https:\/\/losperiodistas.com.mx\/portal\/wp-content\/uploads\/2022\/02\/efeme-feb-18-768x432.jpeg 768w\" sizes=\"(max-width: 968px) 100vw, 968px\" \/><\/figure>\n\n\n\n<p class=\"has-vivid-cyan-blue-color has-text-color has-medium-font-size\">ADN 40<\/p>\n\n\n\n<h2 class=\"wp-block-heading\">D\u00eda Internacional del S\u00edndrome de Asperger<\/h2>\n\n\n\n<p>El&nbsp;<strong>18 de febrero<\/strong>&nbsp;se celebra el \u201cD\u00eda Internacional del S\u00edndrome de Asperger\u201d, en honor al cumplea\u00f1os de su descubridor, el psiquiatra austriaco, Hans Asperger.<\/p>\n\n\n\n<p>Se trata de un trastorno social, donde a la persona se le hace dif\u00edcil encajar y entender los protocolos de la sociedad.<\/p>\n\n\n\n<h2 class=\"wp-block-heading\">Efem\u00e9rides del 18 de febrero de 2022<\/h2>\n\n\n\n<p>1519: En La Habana (Cuba), Hern\u00e1n Cort\u00e9s \u2014con una flota de once naves y un millar de hombres\u2014 emprende su expedici\u00f3n para conquistar M\u00e9xico.<\/p>\n\n\n\n<p>1685: En Estados Unidos, los franceses establecen el fuerte Saint Louis en la bah\u00eda de Matagorda, lo que m\u00e1s adelante fue la base del reclamo de Francia sobre el territorio de Texas.<\/p>\n\n\n\n<p>1806: En Par\u00eds se acuerda la construcci\u00f3n del&nbsp;<em>Arco de Triunfo<\/em>, en memoria del Ej\u00e9rcito napole\u00f3nico.<\/p>\n\n\n\n<figure class=\"wp-block-image\"><img decoding=\"async\" src=\"https:\/\/tvazteca.brightspotcdn.com\/dims4\/default\/4bff2b3\/2147483647\/strip\/true\/crop\/1280x853+0+0\/resize\/968x645!\/format\/jpg\/quality\/80\/?url=https%3A%2F%2Ftvazteca.brightspotcdn.com%2F30%2Fe9%2F118c425e484ca3f822c193ccffdd%2Fefemerides-18-de-febrero-1.jpg\" alt=\"efem\u00e9rides 18 de febrero 1.jpg\"\/><\/figure>\n\n\n\n<p>1880: En Espa\u00f1a, el gobierno publica la ley que dispone la abolici\u00f3n de la esclavitud en Cuba.<\/p>\n\n\n\n<p>1881: En Washington D. C., Estados Unidos, el m\u00e9dico cubano Carlos Juan Finlay (1833-1915) hace p\u00fablico su descubrimiento del modo de transmisi\u00f3n de la Fiebre Amarilla por el mosquito Aedes aegypti.<\/p>\n\n\n\n<p>1885: En los Estados Unidos, Mark Twain publica&nbsp;<em>Las aventuras de Huckleberry Finn<\/em>.<\/p>\n\n\n\n<p>1900: En Berl\u00edn se constituye el<em>&nbsp;Comit\u00e9 para la Investigaci\u00f3n del C\u00e1ncer<\/em>, bajo la presidencia del internista berlin\u00e9s Ernst von Leyden.<\/p>\n\n\n\n<p>1929: En los Estados Unidos se anuncian los primeros Premios de la Academia.<\/p>\n\n\n\n<p>1930: Clyde Tombaugh descubre Plut\u00f3n (estudiando fotograf\u00edas tomadas en enero).<\/p>\n\n\n\n<p>1959: Dwight D. Eisenhower llega a M\u00e9xico para entrevistarse con el presidente Adolfo L\u00f3pez Mateos.<\/p>\n\n\n\n<p>1963: Julio Cort\u00e1zar publica&nbsp;<em>Rayuela<\/em>.<\/p>\n\n\n\n<figure class=\"wp-block-image\"><img decoding=\"async\" src=\"https:\/\/tvazteca.brightspotcdn.com\/dims4\/default\/d061c06\/2147483647\/strip\/true\/crop\/800x533+0+0\/resize\/968x645!\/format\/jpg\/quality\/80\/?url=https%3A%2F%2Ftvazteca.brightspotcdn.com%2Fbd%2F3d%2Fb27b91c24673b20f9863198db87a%2Fefemerides-18-de-febrero-2.jpg\" alt=\"efem\u00e9rides 18 de febrero 2.jpg\"\/><\/figure>\n\n\n\n<p>1972: En California (Estados Unidos), el gobierno invalida la pena de muerte y conmuta las sentencias de todos los condenados a muerte por cadena perpetua.<\/p>\n\n\n\n<p>1974: En Reino Unido, la banda&nbsp;<em>Kiss<\/em>&nbsp;lanza su primer \u00e1lbum.<\/p>\n\n\n\n<p>1983: En Seattle (Washington) mueren trece personas y una es gravemente herida en la masacre de&nbsp;<em>Wah Mee&nbsp;<\/em>considerada el asesinato en masa provocado por un robo m\u00e1s grande de la historia del pa\u00eds.<\/p>\n\n\n\n<p>1986: En Alexandra, barrio negro de Johannesburgo (Sud\u00e1frica), los disturbios raciales dejan un saldo de 19 personas muertas.<\/p>\n\n\n\n<p>2001: En los Estados Unidos, el agente del FBI Robert Hanssen es arrestado por espiar para la Uni\u00f3n Sovi\u00e9tica. Ser\u00e1 sentenciado a prisi\u00f3n perpetua.<\/p>\n\n\n\n<p>2003: En Corea del Sur, cerca de 200 personas mueren en el incendio del metro de Daegu.<\/p>\n\n\n\n<p>2004: Cerca de Neyshabur (Ir\u00e1n), m\u00e1s de 295 personas, incluyendo cerca de 200 rescatistas, mueren cuando se incendia y explota un tren que carga azufre, petr\u00f3leo y fertilizantes.<\/p>\n\n\n\n<p>2006: En la playa carioca de Copacabana (R\u00edo de Janeiro, Brasil), m\u00e1s de dos millones de personas se re\u00fanen para ver un concierto gratuito del grupo de rock&nbsp;<em><a href=\"https:\/\/www.adn40.mx\/cultura\/nota\/notas\/2020-06-28-11-38\/los-rolling-stones-amenazan-con-demandar-a-trump-por-usar-sus-canciones\" target=\"_blank\" rel=\"noreferrer noopener\">Rolling Stones&nbsp;<\/a><\/em>.<\/p>\n\n\n\n<p>2007: Inicio de la conmemoraci\u00f3n como \u201c<a href=\"https:\/\/www.adn40.mx\/salud\/sindrome-de-asperger-elon-musk-lhp\" target=\"_blank\" rel=\"noreferrer noopener\">&nbsp;D\u00eda Internacional del S\u00edndrome de Asperger&nbsp;<\/a>\u201d (en honor al nacimiento de Hans Asperger).<\/p>\n\n\n\n<p>2017: En la provincia de Mendoza (Argentina) vuelca un \u00f3mnibus que viajaba de la ciudad de Mendoza a Santiago de Chile, causando 19 muertos y 22 personas heridas.<\/p>\n\n\n\n<p>Fuente: https:\/\/www.adn40.mx\/mexico\/efemerides-18-de-febrero-gm-especial<\/p>\n","protected":false},"excerpt":{"rendered":"<p>\u00bfQu\u00e9 pas\u00f3 un d\u00eda como hoy? El 18 de febrero se celebra el \u2018D\u00eda Internacional del S\u00edndrome de Asperger\u2019. Conoce [&hellip;]<\/p>\n","protected":false},"author":1,"featured_media":21751,"comment_status":"open","ping_status":"open","sticky":false,"template":"","format":"standard","meta":{"site-sidebar-layout":"default","site-content-layout":"","ast-site-content-layout":"default","site-content-style":"default","site-sidebar-style":"default","ast-global-header-display":"","ast-banner-title-visibility":"","ast-main-header-display":"","ast-hfb-above-header-display":"","ast-hfb-below-header-display":"","ast-hfb-mobile-header-display":"","site-post-title":"","ast-breadcrumbs-content":"","ast-featured-img":"","footer-sml-layout":"","theme-transparent-header-meta":"","adv-header-id-meta":"","stick-header-meta":"","header-above-stick-meta":"","header-main-stick-meta":"","header-below-stick-meta":"","astra-migrate-meta-layouts":"default","ast-page-background-enabled":"default","ast-page-background-meta":{"desktop":{"background-color":"var(--ast-global-color-4)","background-image":"","background-repeat":"repeat","background-position":"center center","background-size":"auto","background-attachment":"scroll","background-type":"","background-media":"","overlay-type":"","overlay-color":"","overlay-opacity":"","overlay-gradient":""},"tablet":{"background-color":"","background-image":"","background-repeat":"repeat","background-position":"center center","background-size":"auto","background-attachment":"scroll","background-type":"","background-media":"","overlay-type":"","overlay-color":"","overlay-opacity":"","overlay-gradient":""},"mobile":{"background-color":"","background-image":"","background-repeat":"repeat","background-position":"center center","background-size":"auto","background-attachment":"scroll","background-type":"","background-media":"","overlay-type":"","overlay-color":"","overlay-opacity":"","overlay-gradient":""}},"ast-content-background-meta":{"desktop":{"background-color":"var(--ast-global-color-5)","background-image":"","background-repeat":"repeat","background-position":"center center","background-size":"auto","background-attachment":"scroll","background-type":"","background-media":"","overlay-type":"","overlay-color":"","overlay-opacity":"","overlay-gradient":""},"tablet":{"background-color":"var(--ast-global-color-5)","background-image":"","background-repeat":"repeat","background-position":"center center","background-size":"auto","background-attachment":"scroll","background-type":"","background-media":"","overlay-type":"","overlay-color":"","overlay-opacity":"","overlay-gradient":""},"mobile":{"background-color":"var(--ast-global-color-5)","background-image":"","background-repeat":"repeat","background-position":"center center","background-size":"auto","background-attachment":"scroll","background-type":"","background-media":"","overlay-type":"","overlay-color":"","overlay-opacity":"","overlay-gradient":""}},"footnotes":""},"categories":[8],"tags":[7829,7826,7015,7828,7827],"class_list":["post-21750","post","type-post","status-publish","format-standard","has-post-thumbnail","hentry","category-noticias","tag-arco-del-triunfo","tag-asperger","tag-esclavitud-cuba","tag-julio-cortazar","tag-rayuela"],"_links":{"self":[{"href":"https:\/\/losperiodistas.com.mx\/portal\/wp-json\/wp\/v2\/posts\/21750","targetHints":{"allow":["GET"]}}],"collection":[{"href":"https:\/\/losperiodistas.com.mx\/portal\/wp-json\/wp\/v2\/posts"}],"about":[{"href":"https:\/\/losperiodistas.com.mx\/portal\/wp-json\/wp\/v2\/types\/post"}],"author":[{"embeddable":true,"href":"https:\/\/losperiodistas.com.mx\/portal\/wp-json\/wp\/v2\/users\/1"}],"replies":[{"embeddable":true,"href":"https:\/\/losperiodistas.com.mx\/portal\/wp-json\/wp\/v2\/comments?post=21750"}],"version-history":[{"count":1,"href":"https:\/\/losperiodistas.com.mx\/portal\/wp-json\/wp\/v2\/posts\/21750\/revisions"}],"predecessor-version":[{"id":21752,"href":"https:\/\/losperiodistas.com.mx\/portal\/wp-json\/wp\/v2\/posts\/21750\/revisions\/21752"}],"wp:featuredmedia":[{"embeddable":true,"href":"https:\/\/losperiodistas.com.mx\/portal\/wp-json\/wp\/v2\/media\/21751"}],"wp:attachment":[{"href":"https:\/\/losperiodistas.com.mx\/portal\/wp-json\/wp\/v2\/media?parent=21750"}],"wp:term":[{"taxonomy":"category","embeddable":true,"href":"https:\/\/losperiodistas.com.mx\/portal\/wp-json\/wp\/v2\/categories?post=21750"},{"taxonomy":"post_tag","embeddable":true,"href":"https:\/\/losperiodistas.com.mx\/portal\/wp-json\/wp\/v2\/tags?post=21750"}],"curies":[{"name":"wp","href":"https:\/\/api.w.org\/{rel}","templated":true}]}}