{"id":21742,"date":"2022-02-18T07:22:05","date_gmt":"2022-02-18T13:22:05","guid":{"rendered":"http:\/\/losperiodistas.com.mx\/portal\/?p=21742"},"modified":"2022-02-18T07:22:06","modified_gmt":"2022-02-18T13:22:06","slug":"panistas-llevan-ahora-la-replica-de-la-casa-gris-a-san-lazaro-morena-abandona-el-salon-reporte-indigo","status":"publish","type":"post","link":"https:\/\/losperiodistas.com.mx\/portal\/panistas-llevan-ahora-la-replica-de-la-casa-gris-a-san-lazaro-morena-abandona-el-salon-reporte-indigo\/","title":{"rendered":"Panistas llevan ahora la r\u00e9plica de la \u201ccasa gris\u201d a San L\u00e1zaro; Morena abandona el sal\u00f3n | Reporte Indigo"},"content":{"rendered":"\n<p style=\"font-size:18px\"><em>Los panistas exigieron que el presidente L\u00f3pez Obrador deje de arremeter contra la prensa desde la m\u00e1xima tribuna del pa\u00eds<\/em><\/p>\n\n\n\n<figure class=\"wp-block-image size-large\"><img fetchpriority=\"high\" decoding=\"async\" width=\"1024\" height=\"683\" src=\"https:\/\/losperiodistas.com.mx\/portal\/wp-content\/uploads\/2022\/02\/panistas-llevan-ahora-la-replica-de-la-casa-gris-a-san-lazaro-morena-abandona-salon-1024x683.jpg\" alt=\"\" class=\"wp-image-21743\" srcset=\"https:\/\/losperiodistas.com.mx\/portal\/wp-content\/uploads\/2022\/02\/panistas-llevan-ahora-la-replica-de-la-casa-gris-a-san-lazaro-morena-abandona-salon-1024x683.jpg 1024w, https:\/\/losperiodistas.com.mx\/portal\/wp-content\/uploads\/2022\/02\/panistas-llevan-ahora-la-replica-de-la-casa-gris-a-san-lazaro-morena-abandona-salon-300x200.jpg 300w, https:\/\/losperiodistas.com.mx\/portal\/wp-content\/uploads\/2022\/02\/panistas-llevan-ahora-la-replica-de-la-casa-gris-a-san-lazaro-morena-abandona-salon-768x512.jpg 768w, https:\/\/losperiodistas.com.mx\/portal\/wp-content\/uploads\/2022\/02\/panistas-llevan-ahora-la-replica-de-la-casa-gris-a-san-lazaro-morena-abandona-salon-1536x1024.jpg 1536w, https:\/\/losperiodistas.com.mx\/portal\/wp-content\/uploads\/2022\/02\/panistas-llevan-ahora-la-replica-de-la-casa-gris-a-san-lazaro-morena-abandona-salon.jpg 1920w\" sizes=\"(max-width: 1024px) 100vw, 1024px\" \/><\/figure>\n\n\n\n<p class=\"has-vivid-cyan-blue-color has-text-color has-medium-font-size\">IVONNE REYES \/ REPORTE INDIGO<\/p>\n\n\n\n<p>Diputados\u00a0<strong>panistas<\/strong>\u00a0desplegaron una foto gigante de la\u00a0<strong>lujosa mansi\u00f3n<\/strong>\u00a0habitada por\u00a0<strong>Jos\u00e9 Ram\u00f3n L\u00f3pez Beltr\u00e1n<\/strong>, hijo del presidente Andr\u00e9s Manuel L\u00f3pez Obrador (<strong>AMLO<\/strong>), en Houston, Estados Unidos, durante la presentaci\u00f3n de un punto de acuerdo para exhortar al Ejecutivo federal a abstenerse de utilizar las instituciones del Estado para perseguir, presionar y hostigar a\u00a0<strong>periodistas<\/strong>.<\/p>\n\n\n\n<p>Los morenistas y sus aliados del PVEM y del Partido del Trabajo optaron por salirse del&nbsp;<strong>sal\u00f3n de plenos<\/strong>.<\/p>\n\n\n\n<p>En medio de gritos de \u201c<strong>corruptos\u2026 corruptos<\/strong>\u201d, los panistas subieron a la m\u00e1xima tribuna en apoyo a su compa\u00f1era Mar\u00eda Elena P\u00e9rez-Ja\u00e9n Zerme\u00f1o, quien durante la sesi\u00f3n de este jueves present\u00f3 la propuesta, pues dijo que el Poder Legislativo no puede ni debe ser omiso ante la situaci\u00f3n de vulnerabilidad y riesgo en la que se est\u00e1 colocando a los periodistas de nuestro pa\u00eds.<\/p>\n\n\n\n<figure class=\"wp-block-embed is-type-rich is-provider-twitter wp-block-embed-twitter\"><div class=\"wp-block-embed__wrapper\">\nhttps:\/\/twitter.com\/ldhnoticias\/status\/1494447538820337675?ref_src=twsrc%5Etfw%7Ctwcamp%5Etweetembed%7Ctwterm%5E1494447538820337675%7Ctwgr%5E%7Ctwcon%5Es1_c10&#038;ref_url=https%3A%2F%2Fwww.reporteindigo.com%2Freporte%2Fpanistas-llevan-ahora-la-replica-de-la-casa-gris-a-san-lazaro-morena-abandona-salon%2F\n<\/div><\/figure>\n\n\n\n<p>Indic\u00f3 que las conferencias matutinas que el presidente&nbsp;<strong>L\u00f3pez Obrador<\/strong>&nbsp;realiza se han convertido en un espacio para difamar, presionar y hostigar a quienes no coinciden con sus posturas y se atreven a cuestionar cualquiera de sus acciones y dichos.<\/p>\n\n\n\n<p>\u201cUno de los sectores que m\u00e1s ataques han recibido por parte de L\u00f3pez Obrador son los periodistas y los&nbsp;<strong>medios de comunicaci\u00f3n<\/strong>; seg\u00fan sus dichos, los medios de comunicaci\u00f3n supuestamente difunden noticias falsas y no dan a conocer todas las acciones y apoyos que su gobierno proporciona a la poblaci\u00f3n m\u00e1s pobre\u201d.<\/p>\n\n\n\n<p>Indic\u00f3 que en su af\u00e1n de evitar que las evidencias de la corrupci\u00f3n y los malos resultados en su administraci\u00f3n salgan a la luz, que el d\u00eda viernes 11 de febrero del a\u00f1o en curso, L\u00f3pez Obrador durante su conferencia rebas\u00f3 todos los l\u00edmites y revel\u00f3 datos relacionados con los supuestos ingresos que percibe una persona f\u00edsica por su labor period\u00edstica, es decir, de\u00a0<strong>Carlos Loret de Mola<\/strong>.<\/p>\n\n\n\n<p>Ante ello, en el punto de acuerdo se solicita al titular del\u00a0<strong>Poder Ejecutivo<\/strong>\u00a0federal garantice y respete la libertad de expresi\u00f3n, y a que no utilice las instituciones del Estado mexicano para perseguir, presionar y hostigar a los periodistas.<\/p>\n\n\n\n<figure class=\"wp-block-embed is-type-rich is-provider-twitter wp-block-embed-twitter\"><div class=\"wp-block-embed__wrapper\">\n<blockquote class=\"twitter-tweet\" data-width=\"500\" data-dnt=\"true\"><p lang=\"es\" dir=\"ltr\">Diputados de Morena abandonaron el sal\u00f3n de plenos de San L\u00e1zaro despu\u00e9s de que legisladores del PAN colocara una maqueta de la \u201cCasa Gris\u201d. <a href=\"https:\/\/t.co\/O6e38TxMq2\">pic.twitter.com\/O6e38TxMq2<\/a><\/p>&mdash; Joaqu\u00edn L\u00f3pez-D\u00f3riga (@lopezdoriga) <a href=\"https:\/\/twitter.com\/lopezdoriga\/status\/1494438162051047426?ref_src=twsrc%5Etfw\">February 17, 2022<\/a><\/blockquote><script async src=\"https:\/\/platform.twitter.com\/widgets.js\" charset=\"utf-8\"><\/script>\n<\/div><\/figure>\n\n\n\n<p>\u201cPrimero. La C\u00e1mara de Diputados del honorable&nbsp;<strong>Congreso de la Uni\u00f3n<\/strong>&nbsp;exhorta respetuosamente al titular del Poder Ejecutivo federal a efecto de que garantice y respete la libertad de expresi\u00f3n, y a que no utilice las instituciones del Estado mexicano para perseguir, presionar y hostigar a los periodistas.<\/p>\n\n\n\n<p>\u201cSegundo. La&nbsp;<strong>C\u00e1mara de Diputados<\/strong>&nbsp;del honorable Congreso de la Uni\u00f3n exhorta respetuosamente al titular del Poder Ejecutivo federal para que, en estricto apego a la legislaci\u00f3n aplicable, respete el derecho a la protecci\u00f3n de los datos personales, del que gozan constitucionalmente todos los ciudadanos\u201d, expuso la panista.<\/p>\n\n\n\n<h4 class=\"wp-block-heading\">Te puede interesar:&nbsp;<a href=\"https:\/\/www.reporteindigo.com\/reporte\/senadores-de-morena-rechazan-pedir-investigacion-contra-hijo-de-amlo-por-casa-gris\/\" target=\"_blank\" rel=\"noreferrer noopener\">Senadores de Morena rechazan pedir investigaci\u00f3n contra hijo de AMLO por \u201ccasa gris\u201d<\/a><\/h4>\n\n\n\n<p>Por su parte, el coordinador de los diputados de Morena,\u00a0<strong>Ignacio Mier<\/strong>, argument\u00f3 que optaron por salirse del sal\u00f3n de sesiones para evitar que se desbordaran las pasiones.<\/p>\n\n\n\n<p>\u201cPara que haya pleito se requieren dos y como nosotros somos un movimiento pac\u00edfico creo que se debe de cuidar y mi responsabilidad como coordinador es que no se incremente el&nbsp;<strong>calor pol\u00edtico<\/strong>, que se desborden las pasiones y hemos decidido salirnos del sal\u00f3n de plenos\u201d.<\/p>\n\n\n\n<p>Manifest\u00f3 que el punto de acuerdo presentado por los panistas no ten\u00eda nada que ver con la escenograf\u00eda montada por el PAN. \u201cY como no nos gustan este tipo de\u00a0<strong>montajes teatrales<\/strong>\u00a0decidimos salirnos\u201d, dijo en declaraciones a la prensa.<\/p>\n\n\n\n<p>Fuente: https:\/\/www.reporteindigo.com\/reporte\/panistas-llevan-ahora-la-replica-de-la-casa-gris-a-san-lazaro-morena-abandona-salon\/<\/p>\n","protected":false},"excerpt":{"rendered":"<p>Los panistas exigieron que el presidente L\u00f3pez Obrador deje de arremeter contra la prensa desde la m\u00e1xima tribuna del pa\u00eds [&hellip;]<\/p>\n","protected":false},"author":1,"featured_media":21743,"comment_status":"open","ping_status":"open","sticky":false,"template":"","format":"standard","meta":{"site-sidebar-layout":"default","site-content-layout":"","ast-site-content-layout":"default","site-content-style":"default","site-sidebar-style":"default","ast-global-header-display":"","ast-banner-title-visibility":"","ast-main-header-display":"","ast-hfb-above-header-display":"","ast-hfb-below-header-display":"","ast-hfb-mobile-header-display":"","site-post-title":"","ast-breadcrumbs-content":"","ast-featured-img":"","footer-sml-layout":"","theme-transparent-header-meta":"","adv-header-id-meta":"","stick-header-meta":"","header-above-stick-meta":"","header-main-stick-meta":"","header-below-stick-meta":"","astra-migrate-meta-layouts":"default","ast-page-background-enabled":"default","ast-page-background-meta":{"desktop":{"background-color":"var(--ast-global-color-4)","background-image":"","background-repeat":"repeat","background-position":"center center","background-size":"auto","background-attachment":"scroll","background-type":"","background-media":"","overlay-type":"","overlay-color":"","overlay-opacity":"","overlay-gradient":""},"tablet":{"background-color":"","background-image":"","background-repeat":"repeat","background-position":"center center","background-size":"auto","background-attachment":"scroll","background-type":"","background-media":"","overlay-type":"","overlay-color":"","overlay-opacity":"","overlay-gradient":""},"mobile":{"background-color":"","background-image":"","background-repeat":"repeat","background-position":"center center","background-size":"auto","background-attachment":"scroll","background-type":"","background-media":"","overlay-type":"","overlay-color":"","overlay-opacity":"","overlay-gradient":""}},"ast-content-background-meta":{"desktop":{"background-color":"var(--ast-global-color-5)","background-image":"","background-repeat":"repeat","background-position":"center center","background-size":"auto","background-attachment":"scroll","background-type":"","background-media":"","overlay-type":"","overlay-color":"","overlay-opacity":"","overlay-gradient":""},"tablet":{"background-color":"var(--ast-global-color-5)","background-image":"","background-repeat":"repeat","background-position":"center center","background-size":"auto","background-attachment":"scroll","background-type":"","background-media":"","overlay-type":"","overlay-color":"","overlay-opacity":"","overlay-gradient":""},"mobile":{"background-color":"var(--ast-global-color-5)","background-image":"","background-repeat":"repeat","background-position":"center center","background-size":"auto","background-attachment":"scroll","background-type":"","background-media":"","overlay-type":"","overlay-color":"","overlay-opacity":"","overlay-gradient":""}},"footnotes":""},"categories":[8],"tags":[7797,7823,7295],"class_list":["post-21742","post","type-post","status-publish","format-standard","has-post-thumbnail","hentry","category-noticias","tag-casagris","tag-fachadagris","tag-jose-ramon-lopez-beltran"],"_links":{"self":[{"href":"https:\/\/losperiodistas.com.mx\/portal\/wp-json\/wp\/v2\/posts\/21742","targetHints":{"allow":["GET"]}}],"collection":[{"href":"https:\/\/losperiodistas.com.mx\/portal\/wp-json\/wp\/v2\/posts"}],"about":[{"href":"https:\/\/losperiodistas.com.mx\/portal\/wp-json\/wp\/v2\/types\/post"}],"author":[{"embeddable":true,"href":"https:\/\/losperiodistas.com.mx\/portal\/wp-json\/wp\/v2\/users\/1"}],"replies":[{"embeddable":true,"href":"https:\/\/losperiodistas.com.mx\/portal\/wp-json\/wp\/v2\/comments?post=21742"}],"version-history":[{"count":1,"href":"https:\/\/losperiodistas.com.mx\/portal\/wp-json\/wp\/v2\/posts\/21742\/revisions"}],"predecessor-version":[{"id":21746,"href":"https:\/\/losperiodistas.com.mx\/portal\/wp-json\/wp\/v2\/posts\/21742\/revisions\/21746"}],"wp:featuredmedia":[{"embeddable":true,"href":"https:\/\/losperiodistas.com.mx\/portal\/wp-json\/wp\/v2\/media\/21743"}],"wp:attachment":[{"href":"https:\/\/losperiodistas.com.mx\/portal\/wp-json\/wp\/v2\/media?parent=21742"}],"wp:term":[{"taxonomy":"category","embeddable":true,"href":"https:\/\/losperiodistas.com.mx\/portal\/wp-json\/wp\/v2\/categories?post=21742"},{"taxonomy":"post_tag","embeddable":true,"href":"https:\/\/losperiodistas.com.mx\/portal\/wp-json\/wp\/v2\/tags?post=21742"}],"curies":[{"name":"wp","href":"https:\/\/api.w.org\/{rel}","templated":true}]}}