{"id":21723,"date":"2022-02-17T09:03:03","date_gmt":"2022-02-17T15:03:03","guid":{"rendered":"http:\/\/losperiodistas.com.mx\/portal\/?p=21723"},"modified":"2022-02-17T09:03:04","modified_gmt":"2022-02-17T15:03:04","slug":"los-medios-en-puebla-la-crisis-de-la-que-nadie-habla-l","status":"publish","type":"post","link":"https:\/\/losperiodistas.com.mx\/portal\/los-medios-en-puebla-la-crisis-de-la-que-nadie-habla-l\/","title":{"rendered":"Los medios en Puebla, la crisis de la que nadie habla (l)"},"content":{"rendered":"\n<p class=\"has-vivid-cyan-blue-color has-text-color\" style=\"font-size:26px\"><strong><em>Por Luis Mart\u00ednez<\/em><\/strong><\/p>\n\n\n\n<p><em>A Rafa Quiroz, por sus consejos y trato ejemplar<br>A Lado B, porque Puebla los necesita pronto de regreso<\/em><\/p>\n\n\n\n<p>No es una buena \u00e9poca para el&nbsp;<strong>periodismo y la comunicaci\u00f3n en Puebla<\/strong>, no es una buena \u00e9poca en ning\u00fan lugar; sin embargo, las condiciones y retos a los que se enfrenta el&nbsp;<strong>mercado poblano de medios<\/strong>&nbsp;dificulta el ejercicio y la sustentabilidad de una actividad fundamental para la&nbsp;<strong>sociedad<\/strong>.<\/p>\n\n\n\n<p><strong>Competencia, dependencia y sometimiento.<\/strong><\/p>\n\n\n\n<p>De acuerdo al\u00a0<strong>Observatorio Mexicano de Medios<\/strong>,\u00a0<strong>Puebla<\/strong>\u00a0cuenta al d\u00eda de hoy con\u00a0<strong>93 medios digitales e impresos<\/strong>, que se suman a una veintena de espacios radiof\u00f3nicos y las televisoras. Un mercado saturado y muy competido, considerando que 71 de esos medios nacieron en los \u00faltimos 10 a\u00f1os; y que el\u00a0<strong>90 por ciento<\/strong>\u00a0<strong>del tr\u00e1fico<\/strong>\u00a0y lectores se concentra en menos de\u00a0<strong>10 sitios<\/strong>.<\/p>\n\n\n\n<p>Al ecosistema hoy se suman interminables&nbsp;<strong>espacios noticiosos<\/strong>&nbsp;en diversas&nbsp;<strong>plataformas sociales<\/strong>, canales de Youtube, noticieros de Facebook, blogs personales y un sin fin de ofertas noticiosas que abonan a la&nbsp;<strong>saturaci\u00f3n&nbsp;<\/strong>de este mercado. Derivado de las bondades de la tecnolog\u00eda y las plataformas, casi todas y todos los&nbsp;<strong>reporteros y periodistas<\/strong>&nbsp;de Puebla, adem\u00e1s del medio o medios en los que trabajan, tienen un<strong>&nbsp;espacio o proyecto propio<\/strong>.<\/p>\n\n\n\n<p>Un factor muy importante es la&nbsp;<strong>dependencia del dinero p\u00fablico<\/strong>. En Puebla, se pueden contar con los dedos de una mano los medios cuya principal&nbsp;<strong>fuente de financiamiento<\/strong>&nbsp;no es el recurso p\u00fablico.<\/p>\n\n\n\n<p>Los medios nacen, crecen y mueren con este&nbsp;<strong>tipo de financiamiento<\/strong>, en su mayor\u00eda se crean productos, entrevistas, noticieros, gr\u00e1ficos, etc\u00e9tera, con el objetivo de ofrecerlos a los&nbsp;<strong>gobiernos e instituciones<\/strong>&nbsp;para obtener el&nbsp;<strong>anhelado convenio<\/strong>.<\/p>\n\n\n\n<p>Decenas de medios hablando de lo mismo, de los mismos. El mismo bolet\u00edn o comunicado oficial puede leerse una y otra vez en cada medio, ignorado por las audiencias<strong>, inservible para los gobiernos<\/strong>.<\/p>\n\n\n\n<p>En este escenario no hay&nbsp;<strong>agenda propia<\/strong>, la agenda propia la marca la&nbsp;<strong>coyuntura institucional.&nbsp;<\/strong>Las audiencias ya acostumbradas al binario de la&nbsp;<strong>saturaci\u00f3n y la desinformaci\u00f3n<\/strong>&nbsp;huyen a otras plataformas, huyen a otros contenidos. La&nbsp;<strong>credibilidad<\/strong>&nbsp;en los medios de comunicaci\u00f3n por parte de las audiencias ha deca\u00eddo en la \u00faltima d\u00e9cada, se le observa como c\u00f3mplice del gobierno.<\/p>\n\n\n\n<p>Es aqu\u00ed donde se crean las condiciones suficientes para entender los&nbsp;<strong>excesos&nbsp;<\/strong>del&nbsp;<strong>poder con los medios<\/strong>. Para quien gobierna, tener a la mano la sustentabilidad de decenas de&nbsp;<strong>empresas period\u00edsticas<\/strong>&nbsp;es casi siempre una tentaci\u00f3n para limitar y condicionar lo que se escribe y lo que se cuenta.<\/p>\n\n\n\n<p>Hoy, los excesos del pasado han creado nuevas narrativas que han sido \u00fatiles para los&nbsp;<strong>gobiernos locales<\/strong>&nbsp;de la llamada&nbsp;<strong>4T<\/strong>&nbsp;que lejos de perseguir y corregir las pr\u00e1cticas que por a\u00f1os denunciaron, crearon&nbsp;<strong>nuevas modalidades de sometimiento<\/strong>.<\/p>\n\n\n\n<p>En Puebla -como cada trienio o sexenio- se crea una&nbsp;<strong>casta de medios<\/strong>, la de los amigos en turno, los que tienen los mejores convenios, las notas de primera mano, acceso a las fuentes, a informaci\u00f3n privilegiada, los trascendidos. Para entrar en ella, hay que aceptar las nuevas&nbsp;<strong>reglas del juego&nbsp;<\/strong>impuestas desde la&nbsp;<strong>oficina de comunicaci\u00f3n<\/strong>.<\/p>\n\n\n\n<p>Para los medios que no est\u00e1n en ese&nbsp;<strong>grupo de privilegios<\/strong>, el camino es la<strong>&nbsp;confrontaci\u00f3n<\/strong>&nbsp;a trav\u00e9s de una permanente&nbsp;<strong>agenda cr\u00edtica<\/strong>&nbsp;de las acciones gubernamentales o la persistencia que busca agradar y llenar el ojo, por voluntad o magnanimidad de quien encabeza la&nbsp;<strong>comunicaci\u00f3n institucional<\/strong>.<\/p>\n\n\n\n<p>Pero las narrativas se endurecieron. Los&nbsp;<strong>medios cercanos al gobernante<\/strong>&nbsp;no s\u00f3lo deben demostrar lealtad y sometimiento, tambi\u00e9n&nbsp;<strong>militancia<\/strong>. Aquellos medios disidentes del poder al no someterse, son acusados p\u00fablicamente y se les llama&nbsp;<em>\u00abchayoteros\u00bb<\/em>,&nbsp;<em>\u00abvendidos\u00bb<\/em>,<em>&nbsp;\u00abtraidores de la transformaci\u00f3n\u00bb<\/em>,<em>&nbsp;\u00abmercaderes\u00bb,<\/em>&nbsp;es decir, sin distinci\u00f3n alguna, se les arroja la carga de las&nbsp;<strong>culpas del pasado<\/strong>, justificando adem\u00e1s, las&nbsp;<strong>persecuciones jur\u00eddicas<\/strong>, institucionales y los cercos econ\u00f3micos a quienes el nuevo poder considera sus enemigos, y desafortunadamente este linchamiento tiene eco en&nbsp;<strong>audiencias emocionales,<\/strong>&nbsp;<strong>polarizadas&nbsp;<\/strong>y<strong>&nbsp;desinformadas<\/strong>.<\/p>\n\n\n\n<p>Hoy la&nbsp;<strong>prensa en Puebla<\/strong>&nbsp;se enfrenta a una&nbsp;<strong>dura competencia<\/strong>, en donde la cercan\u00eda con el&nbsp;<strong>poder&nbsp;<\/strong>-en su configuraci\u00f3n actual- es un factor que va m\u00e1s all\u00e1 de lo<strong>&nbsp;econ\u00f3mico<\/strong>, puede determinar la&nbsp;<strong>imagen y prestigio<\/strong>&nbsp;de periodistas y medios.<\/p>\n\n\n\n<p>Hasta la pr\u00f3xima.<\/p>\n\n\n\n<p><a href=\"https:\/\/twitter.com\/LuisMartiMX\" target=\"_blank\" rel=\"noreferrer noopener\">LuisMartiMX<\/a><\/p>\n","protected":false},"excerpt":{"rendered":"<p>Por Luis Mart\u00ednez A Rafa Quiroz, por sus consejos y trato ejemplarA Lado B, porque Puebla los necesita pronto de [&hellip;]<\/p>\n","protected":false},"author":1,"featured_media":21726,"comment_status":"open","ping_status":"open","sticky":false,"template":"","format":"standard","meta":{"site-sidebar-layout":"default","site-content-layout":"","ast-site-content-layout":"default","site-content-style":"default","site-sidebar-style":"default","ast-global-header-display":"","ast-banner-title-visibility":"","ast-main-header-display":"","ast-hfb-above-header-display":"","ast-hfb-below-header-display":"","ast-hfb-mobile-header-display":"","site-post-title":"","ast-breadcrumbs-content":"","ast-featured-img":"","footer-sml-layout":"","theme-transparent-header-meta":"","adv-header-id-meta":"","stick-header-meta":"","header-above-stick-meta":"","header-main-stick-meta":"","header-below-stick-meta":"","astra-migrate-meta-layouts":"default","ast-page-background-enabled":"default","ast-page-background-meta":{"desktop":{"background-color":"var(--ast-global-color-4)","background-image":"","background-repeat":"repeat","background-position":"center center","background-size":"auto","background-attachment":"scroll","background-type":"","background-media":"","overlay-type":"","overlay-color":"","overlay-opacity":"","overlay-gradient":""},"tablet":{"background-color":"","background-image":"","background-repeat":"repeat","background-position":"center center","background-size":"auto","background-attachment":"scroll","background-type":"","background-media":"","overlay-type":"","overlay-color":"","overlay-opacity":"","overlay-gradient":""},"mobile":{"background-color":"","background-image":"","background-repeat":"repeat","background-position":"center center","background-size":"auto","background-attachment":"scroll","background-type":"","background-media":"","overlay-type":"","overlay-color":"","overlay-opacity":"","overlay-gradient":""}},"ast-content-background-meta":{"desktop":{"background-color":"var(--ast-global-color-5)","background-image":"","background-repeat":"repeat","background-position":"center center","background-size":"auto","background-attachment":"scroll","background-type":"","background-media":"","overlay-type":"","overlay-color":"","overlay-opacity":"","overlay-gradient":""},"tablet":{"background-color":"var(--ast-global-color-5)","background-image":"","background-repeat":"repeat","background-position":"center center","background-size":"auto","background-attachment":"scroll","background-type":"","background-media":"","overlay-type":"","overlay-color":"","overlay-opacity":"","overlay-gradient":""},"mobile":{"background-color":"var(--ast-global-color-5)","background-image":"","background-repeat":"repeat","background-position":"center center","background-size":"auto","background-attachment":"scroll","background-type":"","background-media":"","overlay-type":"","overlay-color":"","overlay-opacity":"","overlay-gradient":""}},"footnotes":""},"categories":[8,22],"tags":[7820],"class_list":["post-21723","post","type-post","status-publish","format-standard","has-post-thumbnail","hentry","category-noticias","category-opinion-invitada","tag-observatorio-mexicano-de-medios"],"_links":{"self":[{"href":"https:\/\/losperiodistas.com.mx\/portal\/wp-json\/wp\/v2\/posts\/21723","targetHints":{"allow":["GET"]}}],"collection":[{"href":"https:\/\/losperiodistas.com.mx\/portal\/wp-json\/wp\/v2\/posts"}],"about":[{"href":"https:\/\/losperiodistas.com.mx\/portal\/wp-json\/wp\/v2\/types\/post"}],"author":[{"embeddable":true,"href":"https:\/\/losperiodistas.com.mx\/portal\/wp-json\/wp\/v2\/users\/1"}],"replies":[{"embeddable":true,"href":"https:\/\/losperiodistas.com.mx\/portal\/wp-json\/wp\/v2\/comments?post=21723"}],"version-history":[{"count":1,"href":"https:\/\/losperiodistas.com.mx\/portal\/wp-json\/wp\/v2\/posts\/21723\/revisions"}],"predecessor-version":[{"id":21727,"href":"https:\/\/losperiodistas.com.mx\/portal\/wp-json\/wp\/v2\/posts\/21723\/revisions\/21727"}],"wp:featuredmedia":[{"embeddable":true,"href":"https:\/\/losperiodistas.com.mx\/portal\/wp-json\/wp\/v2\/media\/21726"}],"wp:attachment":[{"href":"https:\/\/losperiodistas.com.mx\/portal\/wp-json\/wp\/v2\/media?parent=21723"}],"wp:term":[{"taxonomy":"category","embeddable":true,"href":"https:\/\/losperiodistas.com.mx\/portal\/wp-json\/wp\/v2\/categories?post=21723"},{"taxonomy":"post_tag","embeddable":true,"href":"https:\/\/losperiodistas.com.mx\/portal\/wp-json\/wp\/v2\/tags?post=21723"}],"curies":[{"name":"wp","href":"https:\/\/api.w.org\/{rel}","templated":true}]}}