{"id":2172,"date":"2020-12-10T08:27:12","date_gmt":"2020-12-10T14:27:12","guid":{"rendered":"http:\/\/losperiodistas.com.mx\/portal\/?p=2172"},"modified":"2020-12-10T08:27:12","modified_gmt":"2020-12-10T14:27:12","slug":"alcaldes-de-mexico-premia-al-municipio-de-puebla-en-materia-de-seguridad-publica","status":"publish","type":"post","link":"https:\/\/losperiodistas.com.mx\/portal\/alcaldes-de-mexico-premia-al-municipio-de-puebla-en-materia-de-seguridad-publica\/","title":{"rendered":"\u00abAlcaldes de M\u00e9xico\u00bb premia al Municipio de Puebla en materia de Seguridad P\u00fablica"},"content":{"rendered":"\n<p class=\"has-vivid-cyan-blue-color has-text-color has-medium-font-size\">REDACCI\u00d3N<\/p>\n\n\n\n<p>El Ayuntamiento de Puebla, encabezado por Claudia Rivera Vivanco, fue galardonado con el premio a las Mejores Pr\u00e1cticas de Gobiernos Locales, de la revista Alcaldes de M\u00e9xico, en la categor\u00eda de Seguridad P\u00fablica.<\/p>\n\n\n\n<p>La alcaldesa, en su participaci\u00f3n, destac\u00f3 la importancia de compartir los logros obtenidos en materia de seguridad en el Municipio de Puebla. De igual forma, reconoci\u00f3 la labor de las y los polic\u00edas poblanos cuya labor es de suma val\u00eda.<\/p>\n\n\n\n<p>\u00abIr de la mano con la ciudadan\u00eda, porque en eso consiste este nuevo modelo de seguridad ciudadana\u00bb, puntualiz\u00f3 Rivera Vivanco como la clave para que en el municipio se diera una disminuci\u00f3n del 40 por ciento en la incidencia delictiva.<\/p>\n\n\n\n<p>Adem\u00e1s de la participaci\u00f3n de la Guardia Nacional y la Secretar\u00eda de Defensa Nacional en las mesas de coordinaci\u00f3n territorial, la obtenci\u00f3n de las certificaciones de CALEA y CERTIPOL, el programa de vectorizaci\u00f3n y el programa de proximidad fueron considerados para el otorgamiento del premio.<\/p>\n\n\n\n<p>Durante la bienvenida, Gladis L\u00f3pez Blanco, presidenta ejecutiva de la Revista Alcaldes de M\u00e9xico, indic\u00f3 que este premio busca reconocer las acciones y programas p\u00fablicos que han mostrado resultados y un impacto favorable en la calidad de vida de las personas que habitan estas localidades.<\/p>\n\n\n\n<p>Destaca, en esta d\u00e9cima entrega, la asistencia de m\u00e1s de 300 personalidades entre secretarios federales, presidentes municipales, alcaldes de la Ciudad de M\u00e9xico, funcionarios estatales, legisladores y empresas patrocinadoras, quienes presenciaron la entrega de 25 premios en distintas categor\u00edas.<\/p>\n\n\n\n<p>Fuente: <a rel=\"noreferrer noopener\" href=\"https:\/\/bit.ly\/372evgm\" target=\"_blank\">https:\/\/bit.ly\/372evgm<\/a><\/p>\n","protected":false},"excerpt":{"rendered":"<p>REDACCI\u00d3N El Ayuntamiento de Puebla, encabezado por Claudia Rivera Vivanco, fue galardonado con el premio a las Mejores Pr\u00e1cticas de [&hellip;]<\/p>\n","protected":false},"author":1,"featured_media":2173,"comment_status":"open","ping_status":"open","sticky":false,"template":"","format":"standard","meta":{"site-sidebar-layout":"default","site-content-layout":"","ast-site-content-layout":"default","site-content-style":"default","site-sidebar-style":"default","ast-global-header-display":"","ast-banner-title-visibility":"","ast-main-header-display":"","ast-hfb-above-header-display":"","ast-hfb-below-header-display":"","ast-hfb-mobile-header-display":"","site-post-title":"","ast-breadcrumbs-content":"","ast-featured-img":"","footer-sml-layout":"","theme-transparent-header-meta":"","adv-header-id-meta":"","stick-header-meta":"","header-above-stick-meta":"","header-main-stick-meta":"","header-below-stick-meta":"","astra-migrate-meta-layouts":"default","ast-page-background-enabled":"default","ast-page-background-meta":{"desktop":{"background-color":"var(--ast-global-color-4)","background-image":"","background-repeat":"repeat","background-position":"center center","background-size":"auto","background-attachment":"scroll","background-type":"","background-media":"","overlay-type":"","overlay-color":"","overlay-opacity":"","overlay-gradient":""},"tablet":{"background-color":"","background-image":"","background-repeat":"repeat","background-position":"center center","background-size":"auto","background-attachment":"scroll","background-type":"","background-media":"","overlay-type":"","overlay-color":"","overlay-opacity":"","overlay-gradient":""},"mobile":{"background-color":"","background-image":"","background-repeat":"repeat","background-position":"center center","background-size":"auto","background-attachment":"scroll","background-type":"","background-media":"","overlay-type":"","overlay-color":"","overlay-opacity":"","overlay-gradient":""}},"ast-content-background-meta":{"desktop":{"background-color":"var(--ast-global-color-5)","background-image":"","background-repeat":"repeat","background-position":"center center","background-size":"auto","background-attachment":"scroll","background-type":"","background-media":"","overlay-type":"","overlay-color":"","overlay-opacity":"","overlay-gradient":""},"tablet":{"background-color":"var(--ast-global-color-5)","background-image":"","background-repeat":"repeat","background-position":"center center","background-size":"auto","background-attachment":"scroll","background-type":"","background-media":"","overlay-type":"","overlay-color":"","overlay-opacity":"","overlay-gradient":""},"mobile":{"background-color":"var(--ast-global-color-5)","background-image":"","background-repeat":"repeat","background-position":"center center","background-size":"auto","background-attachment":"scroll","background-type":"","background-media":"","overlay-type":"","overlay-color":"","overlay-opacity":"","overlay-gradient":""}},"footnotes":""},"categories":[8],"tags":[],"class_list":["post-2172","post","type-post","status-publish","format-standard","has-post-thumbnail","hentry","category-noticias"],"_links":{"self":[{"href":"https:\/\/losperiodistas.com.mx\/portal\/wp-json\/wp\/v2\/posts\/2172","targetHints":{"allow":["GET"]}}],"collection":[{"href":"https:\/\/losperiodistas.com.mx\/portal\/wp-json\/wp\/v2\/posts"}],"about":[{"href":"https:\/\/losperiodistas.com.mx\/portal\/wp-json\/wp\/v2\/types\/post"}],"author":[{"embeddable":true,"href":"https:\/\/losperiodistas.com.mx\/portal\/wp-json\/wp\/v2\/users\/1"}],"replies":[{"embeddable":true,"href":"https:\/\/losperiodistas.com.mx\/portal\/wp-json\/wp\/v2\/comments?post=2172"}],"version-history":[{"count":1,"href":"https:\/\/losperiodistas.com.mx\/portal\/wp-json\/wp\/v2\/posts\/2172\/revisions"}],"predecessor-version":[{"id":2174,"href":"https:\/\/losperiodistas.com.mx\/portal\/wp-json\/wp\/v2\/posts\/2172\/revisions\/2174"}],"wp:featuredmedia":[{"embeddable":true,"href":"https:\/\/losperiodistas.com.mx\/portal\/wp-json\/wp\/v2\/media\/2173"}],"wp:attachment":[{"href":"https:\/\/losperiodistas.com.mx\/portal\/wp-json\/wp\/v2\/media?parent=2172"}],"wp:term":[{"taxonomy":"category","embeddable":true,"href":"https:\/\/losperiodistas.com.mx\/portal\/wp-json\/wp\/v2\/categories?post=2172"},{"taxonomy":"post_tag","embeddable":true,"href":"https:\/\/losperiodistas.com.mx\/portal\/wp-json\/wp\/v2\/tags?post=2172"}],"curies":[{"name":"wp","href":"https:\/\/api.w.org\/{rel}","templated":true}]}}