{"id":2135,"date":"2020-12-10T06:37:09","date_gmt":"2020-12-10T12:37:09","guid":{"rendered":"http:\/\/losperiodistas.com.mx\/portal\/?p=2135"},"modified":"2020-12-10T06:37:09","modified_gmt":"2020-12-10T12:37:09","slug":"se-formaliza-el-prianrd","status":"publish","type":"post","link":"https:\/\/losperiodistas.com.mx\/portal\/se-formaliza-el-prianrd\/","title":{"rendered":"Se formaliza el PRIANRD"},"content":{"rendered":"\n<p style=\"font-size:26px\"><em>Por Dr. Carlos Figueroa Ibarra<\/em><\/p>\n\n\n\n<p>Este fin de semana se formaliz\u00f3 el anuncio de que PRI, PAN y PRD formar\u00e1n una alianza de cara a las elecciones de 2021. Es presidente nacional del PAN ha expresado en varias entrevistas que la referida alianza se hace para frenar la destrucci\u00f3n de M\u00e9xico que est\u00e1 realizando Morena y su gobierno. As\u00ed como tambi\u00e9n detener el cinismo, la ineficacia y la corrupci\u00f3n que est\u00e1n mostrando tanto el partido como Andr\u00e9s Manuel L\u00f3pez Obrador. Escuchando&nbsp; la ma\u00f1ana del lunes tales declaraciones, dadas ante uno de los conductores de noticieros adversos al gobierno no pude sino pensar lo contrario: asombroso el cinismo de quien anunci\u00f3 esta alianza, conociendo lo acontecido entre 2000 y 2018. PRI y PAN dejaron destruido a M\u00e9xico al mezclar el neoliberalismo con la corrupci\u00f3n.<\/p>\n\n\n\n<p>En el caso del PRI y el PAN, la alianza abierta que era impensable todav\u00eda hace algunos a\u00f1os, en realidad se &nbsp;ha venido fraguando desde 1988. Lo que era impensable es que fuera abierta, no as\u00ed&nbsp; en la manera vergonzante que se empez\u00f3 a observar desde los a\u00f1os de Salinas de Gortari, cuando los&nbsp;<em>cuchupos<\/em>&nbsp;de las&nbsp;<em>concertasesiones<\/em>&nbsp;se empezaron a filtrar.&nbsp; La resignaci\u00f3n pr\u00edista en 2000 a dejar la Presidencia&nbsp; de la Rep\u00fablica por primera vez en d\u00e9cadas, fue sucedida por un acuerdo&nbsp; en que Felipe Calder\u00f3n sucediera a Vicente Fox en 2006 y luego en otro acuerdo m\u00e1s en que Enrique Pe\u00f1a Nieto fuera el ganador en 2012. Las razones de tales acuerdos fueron al menos dos.<\/p>\n\n\n\n<p>La primera de ellas fue el auge de un adversario com\u00fan que resultaba verdaderamente amenazante: Andr\u00e9s Manuel L\u00f3pez Obrador. Era preferible el mal menor de ceder la presidencia ante un partido rival, que dejarla en manos de quien ten\u00eda un proyecto pol\u00edtico y econ\u00f3mico esencialmente diferente al del PRI y del PAN.<\/p>\n\n\n\n<p>La segunda est\u00e1 relacionada con la primera: las diferencias ideol\u00f3gicas entre PRI y PAN fueron diluy\u00e9ndose&nbsp; en la medida en que el ideario neoliberal los fue unificando. Si en la \u00e9poca de C\u00e1rdenas el flamante PAN ten\u00eda diferencias de fondo con el nacionalismo revolucionario desde una perspectiva clerical, a partir de Salinas de Gortari estas diferencias se atenuaron ante el programa com\u00fan que surgi\u00f3 cuando el PRI abandon\u00f3 el nacionalismo revolucionario y abrazo el neoliberalismo. As\u00ed fue que surgi\u00f3 el monstruo bic\u00e9falo neoliberal: el PRIAN.<\/p>\n\n\n\n<p>En el caso del PRD&nbsp; se empez\u00f3 a advertir de manera m\u00e1s clara esta convergencia cuando en 2012 se unieron al Pacto por M\u00e9xico y buena parte de su dirigencia quiso convencer a L\u00f3pez Obrador de abrazar dicho pacto. Que Andr\u00e9s Manuel rechazara tal componenda (\u201call\u00ed pint\u00e9 mi raya\u201d) y confirmara su deseo de fundar un partido nuevo, dej\u00f3 al PRD en una situaci\u00f3n de debilidad tal que hoy no tiene m\u00e1s remedio que servir de comparsa menor en el&nbsp;<em>Tucamlo<\/em>. Hoy el PRD ha abandonado el proyecto posneoliberal que lo hizo nacer y est\u00e1 en la cola del monstruo bic\u00e9falo que busca la restauraci\u00f3n neoliberal. Se trata de la ahora conocida estrategia de la derecha: seguir golpeando al gobierno de la 4T aprovechando la pandemia y sus consecuencias, debilitarlo y ganar la mayor\u00eda legislativa&nbsp; en el 2021 para amarrarle las manos. Y en 2022 ganar el refer\u00e9ndum para que L\u00f3pez Obrador se vaya&nbsp; al lugar que se llama como su rancho en Palenque. Solamente queda un detalle en ese camino: que les resulte.<\/p>\n","protected":false},"excerpt":{"rendered":"<p>Por Dr. Carlos Figueroa Ibarra Este fin de semana se formaliz\u00f3 el anuncio de que PRI, PAN y PRD formar\u00e1n [&hellip;]<\/p>\n","protected":false},"author":1,"featured_media":600,"comment_status":"open","ping_status":"open","sticky":false,"template":"","format":"standard","meta":{"site-sidebar-layout":"default","site-content-layout":"","ast-site-content-layout":"default","site-content-style":"default","site-sidebar-style":"default","ast-global-header-display":"","ast-banner-title-visibility":"","ast-main-header-display":"","ast-hfb-above-header-display":"","ast-hfb-below-header-display":"","ast-hfb-mobile-header-display":"","site-post-title":"","ast-breadcrumbs-content":"","ast-featured-img":"","footer-sml-layout":"","theme-transparent-header-meta":"","adv-header-id-meta":"","stick-header-meta":"","header-above-stick-meta":"","header-main-stick-meta":"","header-below-stick-meta":"","astra-migrate-meta-layouts":"default","ast-page-background-enabled":"default","ast-page-background-meta":{"desktop":{"background-color":"var(--ast-global-color-4)","background-image":"","background-repeat":"repeat","background-position":"center center","background-size":"auto","background-attachment":"scroll","background-type":"","background-media":"","overlay-type":"","overlay-color":"","overlay-opacity":"","overlay-gradient":""},"tablet":{"background-color":"","background-image":"","background-repeat":"repeat","background-position":"center center","background-size":"auto","background-attachment":"scroll","background-type":"","background-media":"","overlay-type":"","overlay-color":"","overlay-opacity":"","overlay-gradient":""},"mobile":{"background-color":"","background-image":"","background-repeat":"repeat","background-position":"center center","background-size":"auto","background-attachment":"scroll","background-type":"","background-media":"","overlay-type":"","overlay-color":"","overlay-opacity":"","overlay-gradient":""}},"ast-content-background-meta":{"desktop":{"background-color":"var(--ast-global-color-5)","background-image":"","background-repeat":"repeat","background-position":"center center","background-size":"auto","background-attachment":"scroll","background-type":"","background-media":"","overlay-type":"","overlay-color":"","overlay-opacity":"","overlay-gradient":""},"tablet":{"background-color":"var(--ast-global-color-5)","background-image":"","background-repeat":"repeat","background-position":"center center","background-size":"auto","background-attachment":"scroll","background-type":"","background-media":"","overlay-type":"","overlay-color":"","overlay-opacity":"","overlay-gradient":""},"mobile":{"background-color":"var(--ast-global-color-5)","background-image":"","background-repeat":"repeat","background-position":"center center","background-size":"auto","background-attachment":"scroll","background-type":"","background-media":"","overlay-type":"","overlay-color":"","overlay-opacity":"","overlay-gradient":""}},"footnotes":""},"categories":[22],"tags":[],"class_list":["post-2135","post","type-post","status-publish","format-standard","has-post-thumbnail","hentry","category-opinion-invitada"],"_links":{"self":[{"href":"https:\/\/losperiodistas.com.mx\/portal\/wp-json\/wp\/v2\/posts\/2135","targetHints":{"allow":["GET"]}}],"collection":[{"href":"https:\/\/losperiodistas.com.mx\/portal\/wp-json\/wp\/v2\/posts"}],"about":[{"href":"https:\/\/losperiodistas.com.mx\/portal\/wp-json\/wp\/v2\/types\/post"}],"author":[{"embeddable":true,"href":"https:\/\/losperiodistas.com.mx\/portal\/wp-json\/wp\/v2\/users\/1"}],"replies":[{"embeddable":true,"href":"https:\/\/losperiodistas.com.mx\/portal\/wp-json\/wp\/v2\/comments?post=2135"}],"version-history":[{"count":1,"href":"https:\/\/losperiodistas.com.mx\/portal\/wp-json\/wp\/v2\/posts\/2135\/revisions"}],"predecessor-version":[{"id":2136,"href":"https:\/\/losperiodistas.com.mx\/portal\/wp-json\/wp\/v2\/posts\/2135\/revisions\/2136"}],"wp:featuredmedia":[{"embeddable":true,"href":"https:\/\/losperiodistas.com.mx\/portal\/wp-json\/wp\/v2\/media\/600"}],"wp:attachment":[{"href":"https:\/\/losperiodistas.com.mx\/portal\/wp-json\/wp\/v2\/media?parent=2135"}],"wp:term":[{"taxonomy":"category","embeddable":true,"href":"https:\/\/losperiodistas.com.mx\/portal\/wp-json\/wp\/v2\/categories?post=2135"},{"taxonomy":"post_tag","embeddable":true,"href":"https:\/\/losperiodistas.com.mx\/portal\/wp-json\/wp\/v2\/tags?post=2135"}],"curies":[{"name":"wp","href":"https:\/\/api.w.org\/{rel}","templated":true}]}}