{"id":2070,"date":"2020-12-08T07:52:55","date_gmt":"2020-12-08T13:52:55","guid":{"rendered":"http:\/\/losperiodistas.com.mx\/portal\/?p=2070"},"modified":"2020-12-08T07:52:55","modified_gmt":"2020-12-08T13:52:55","slug":"ejercito-de-charros-contra-nazis-en-1942","status":"publish","type":"post","link":"https:\/\/losperiodistas.com.mx\/portal\/ejercito-de-charros-contra-nazis-en-1942\/","title":{"rendered":"\u00a1Ej\u00e9rcito de charros contra nazis en 1942!"},"content":{"rendered":"\n<p style=\"font-size:18px\">*El Movimiento Antorchista envi\u00f3 80 toneladas de v\u00edveres y ropa de ayuda a Tabasco<\/p>\n\n\n\n<p style=\"font-size:26px\"><em>Por Ra\u00fal Torres Salmer\u00f3n<\/em><\/p>\n\n\n\n<p>\u00bfSe imagina hombres a caballo con sombrero ancho frente a tanques blindados Panzer? \u00bfRev\u00f3lveres, rifles, reatas y machetes en contra de una artiller\u00eda calificada como la m\u00e1s fuerte que haya estado en el planeta Tierra?<\/p>\n\n\n\n<p>\u00bfUnos 100 mil o 150 mil charros mexicanos, el s\u00edmbolo de la patria, glorificados por el cine mexicano de la \u00e9poca de oro, ser\u00edan suficientes para frenar el poder\u00edo militar y tecnol\u00f3gico de las fuerzas armadas nazis en la Segunda Guerra Mundial?<\/p>\n\n\n\n<p>Los datos han sido recopilados y publicados por Elia Baltazar de Infobae y Alberto N\u00e1jar de la BBC Mundo, la han recogido canales noticiosos como la agencia rusa RT, History Channel y Deutsche Welle (DW), la cadena de Alemania para el extranjero.<\/p>\n\n\n\n<p>Pareciera ciencia ficci\u00f3n, no ocurri\u00f3, pero pudo haber sucedido en 1942. Realmente hay pocas fuentes informativas que se reducen a recortes de peri\u00f3dicos, fotograf\u00edas de charros en formaci\u00f3n militar, agrupados en la Legi\u00f3n de Guerrilleros Mexicanos que pretend\u00eda defender a M\u00e9xico de una posible invasi\u00f3n nazi que nunca sucedi\u00f3. En esa \u00e9poca hab\u00eda miedo a una eventual invasi\u00f3n alemana.<\/p>\n\n\n\n<p>-En esta historia de pel\u00edcula, el protagonista es Antol\u00edn Jim\u00e9nez Gamas, teniente coronel de los famosos Dorados de Francisco Villa, se desempe\u00f1\u00f3 en pol\u00edtico en los a\u00f1os 20 y en 1942 fund\u00f3 la Legi\u00f3n de los Guerrilleros Mexicanos para enfrentar una eventual invasi\u00f3n de los nazis a M\u00e9xico, durante la Segunda Guerra Mundial.<\/p>\n\n\n\n<p>-Jim\u00e9nez Gamas era presidente de la Asociaci\u00f3n Nacional de Charros, cuando M\u00e9xico le declar\u00f3 la guerra a los pa\u00edses del Eje integrado por Alemania, Italia y Jap\u00f3n, despu\u00e9s de que submarinos nazis hundieron en 1942, en el oc\u00e9ano Atl\u00e1ntico los buques petroleros Potrero del Llano y Faja de Oro.<\/p>\n\n\n\n<figure class=\"wp-block-image size-large\"><img fetchpriority=\"high\" decoding=\"async\" width=\"624\" height=\"351\" src=\"https:\/\/losperiodistas.com.mx\/portal\/wp-content\/uploads\/2020\/12\/LEGIO\u0301N-DE-GUERRILLEROS-MEXICANOS-Credencial.jpg\" alt=\"\" class=\"wp-image-2071\" srcset=\"https:\/\/losperiodistas.com.mx\/portal\/wp-content\/uploads\/2020\/12\/LEGIO\u0301N-DE-GUERRILLEROS-MEXICANOS-Credencial.jpg 624w, https:\/\/losperiodistas.com.mx\/portal\/wp-content\/uploads\/2020\/12\/LEGIO\u0301N-DE-GUERRILLEROS-MEXICANOS-Credencial-300x169.jpg 300w\" sizes=\"(max-width: 624px) 100vw, 624px\" \/><\/figure>\n\n\n\n<p>-Se acerc\u00f3 al entonces Presidente de la Rep\u00fablica, el poblano Manuel \u00c1vila Camacho para proponerle un Ej\u00e9rcito de Charros, pues sab\u00eda de armas y guerra, hab\u00eda participado en la Revoluci\u00f3n Mexicana bajo las \u00f3rdenes de Villa, con el grado de teniente coronel.<\/p>\n\n\n\n<p>-Con el respaldo de \u00c1vila Camacho y del Ej\u00e9rcito Mexicano, organiz\u00f3 en un a\u00f1o la Legi\u00f3n de los Guerrilleros Mexicanos, con 150 mil charros repartidos en 250 puntos del pa\u00eds.<\/p>\n\n\n\n<p>-Durante un a\u00f1o, cada domingo entrenaban para enfrentar un posible ataque nazi en territorio mexicano. La t\u00e9cnica era pelear como Villa, t\u00e1cticas guerrillas de atacar y huir.<\/p>\n\n\n\n<p>-Muy poco se sab\u00eda de la Liga de Guerrilleros Mexicanos, noticias y fotos aparec\u00edan espor\u00e1dicamente en peri\u00f3dicos. Oficialmente, en 1943 M\u00e9xico env\u00eda a la guerra a su Escuadr\u00f3n 201, la unidad a\u00e9rea que combati\u00f3 en las Filipinas.<\/p>\n\n\n\n<p>-De su fundador se sabe que, al desaparecer la legi\u00f3n, retom\u00f3 el oficio de la edici\u00f3n de libros y abandon\u00f3 la charrer\u00eda luego de tres infartos que le impidieron montar de nuevo a caballo. Nacido en Tabasco, fue diputado federal por Oaxaca en tres ocasiones.<\/p>\n\n\n\n<p>Estos hechos se han filmado en un documental que en 2014 realiz\u00f3 Fernando Llanos, nieto por el lado materno de Jim\u00e9nez Gamas, quien rescat\u00f3 de los archivos aquel episodio de la historia de su abuelo para filmar La Matria, merecedor del premio como Mejor Documental del Festival de Cine de Morelia de 2014.<\/p>\n\n\n\n<p>ALGUNOS ANTECEDENTES<\/p>\n\n\n\n<p>Existen pocos antecedentes de esta historia. El escritor Juan Alberto Cedillo ha documentado que en M\u00e9xico operaba una red de esp\u00edas alemanes vinculada incluso con altos funcionarios. En su libro Los Nazis en M\u00e9xico, cuenta que Adolf Hitler ten\u00eda un especial inter\u00e9s en las reservas de petr\u00f3leo mexicanas.<\/p>\n\n\n\n<p>En su libro Ensayos Mexicanos, el historiador alem\u00e1n Friederich Katz describe que el Partido Nazi intent\u00f3 penetrar en la vida pol\u00edtica y econ\u00f3mica de M\u00e9xico, estableci\u00f3 enlaces con las grandes compa\u00f1\u00edas alemanas, realiz\u00f3 acciones diplom\u00e1ticas y someti\u00f3 a su control a gran parte&nbsp; de asociaciones, escuelas y organizaciones eclesi\u00e1sticas de habla alemana.<\/p>\n\n\n\n<p>En la Ciudad de M\u00e9xico hubo episodios de violencia de grupos fascistas contra de jud\u00edos, chinos, comunistas y sindicalistas. Banderas con la cruz gamada se colocaron a las puertas de negocios alemanes, seg\u00fan Katz. La Uni\u00f3n Nacional Sinarquista, fundada en 1937, es se\u00f1alada como simpatizante de los nazis.<\/p>\n\n\n\n<p>ANTORCHA ENV\u00cdA AYUDA A TABASCO<\/p>\n\n\n\n<p>Juan Manuel Celis Aguirre, l\u00edder estatal del Movimiento Antorchista, en compa\u00f1\u00eda de Soraya C\u00f3rdova, lideresa en Puebla Capital y de dirigentes de las colonias en donde se colocaron centros de acopio, anunci\u00f3 la salida de un tr\u00e1iler, dos camiones Torton y una camioneta con 80 toneladas de v\u00edveres y ropa para los damnificados por las inundaciones que han azotado a Tabasco.<\/p>\n\n\n\n<p>Explic\u00f3 que este apoyo es fruto de una colecta que program\u00f3 Antorcha a ra\u00edz de los acontecimientos tan dif\u00edciles y tr\u00e1gicos por los que est\u00e1 atravesando el pueblo de Tabasco, es una gran tragedia por la inundaci\u00f3n, adem\u00e1s de que la ayuda que deber\u00eda llegar de los gobiernos federal, estatal y municipal, no existe.<\/p>\n\n\n\n<p>Celis indic\u00f3 que los antorchistas de Tabasco, encabezados por su dirigente estatal, Pedro Ramos, acudieron con el Comit\u00e9 Nacional Antorchista para plantear esta situaci\u00f3n y pedir el apoyo. En respuesta, en los estados se realizaron actividades de colecta y se colocaron centros de acopio.<\/p>\n\n\n\n<p>&nbsp;En Puebla, Tlaxcala, Veracruz, Oaxaca y Guerrero, hubo 200 centros de acopio. El domingo salieron un tr\u00e1iler, camiones Torton &nbsp;y una camioneta. A la caravana se uni\u00f3 otro cami\u00f3n de Tehuac\u00e1n.<\/p>\n\n\n\n<p>En fin, como dice la canci\u00f3n El Charro Mexicano de Manuel Esper\u00f3n y Ernesto Cort\u00e1zar:<\/p>\n\n\n\n<p>Con mi sombrero bordado<\/p>\n\n\n\n<p>y mi traje alamarado,<\/p>\n\n\n\n<p>mi botonadura de oro,<\/p>\n\n\n\n<p>mis espuelas de Amozoc,<\/p>\n\n\n\n<p>mi carrillera plateada,<\/p>\n\n\n\n<p>mi pistola niquelada,<\/p>\n\n\n\n<p>y sin reproche o desdoro,<\/p>\n\n\n\n<p>soy la noble tradici\u00f3n.<\/p>\n\n\n\n<p>raultorress@hotmail.com<\/p>\n","protected":false},"excerpt":{"rendered":"<p>*El Movimiento Antorchista envi\u00f3 80 toneladas de v\u00edveres y ropa de ayuda a Tabasco Por Ra\u00fal Torres Salmer\u00f3n \u00bfSe imagina [&hellip;]<\/p>\n","protected":false},"author":1,"featured_media":2072,"comment_status":"open","ping_status":"open","sticky":false,"template":"","format":"standard","meta":{"site-sidebar-layout":"default","site-content-layout":"","ast-site-content-layout":"default","site-content-style":"default","site-sidebar-style":"default","ast-global-header-display":"","ast-banner-title-visibility":"","ast-main-header-display":"","ast-hfb-above-header-display":"","ast-hfb-below-header-display":"","ast-hfb-mobile-header-display":"","site-post-title":"","ast-breadcrumbs-content":"","ast-featured-img":"","footer-sml-layout":"","theme-transparent-header-meta":"","adv-header-id-meta":"","stick-header-meta":"","header-above-stick-meta":"","header-main-stick-meta":"","header-below-stick-meta":"","astra-migrate-meta-layouts":"default","ast-page-background-enabled":"default","ast-page-background-meta":{"desktop":{"background-color":"var(--ast-global-color-4)","background-image":"","background-repeat":"repeat","background-position":"center center","background-size":"auto","background-attachment":"scroll","background-type":"","background-media":"","overlay-type":"","overlay-color":"","overlay-opacity":"","overlay-gradient":""},"tablet":{"background-color":"","background-image":"","background-repeat":"repeat","background-position":"center center","background-size":"auto","background-attachment":"scroll","background-type":"","background-media":"","overlay-type":"","overlay-color":"","overlay-opacity":"","overlay-gradient":""},"mobile":{"background-color":"","background-image":"","background-repeat":"repeat","background-position":"center center","background-size":"auto","background-attachment":"scroll","background-type":"","background-media":"","overlay-type":"","overlay-color":"","overlay-opacity":"","overlay-gradient":""}},"ast-content-background-meta":{"desktop":{"background-color":"var(--ast-global-color-5)","background-image":"","background-repeat":"repeat","background-position":"center center","background-size":"auto","background-attachment":"scroll","background-type":"","background-media":"","overlay-type":"","overlay-color":"","overlay-opacity":"","overlay-gradient":""},"tablet":{"background-color":"var(--ast-global-color-5)","background-image":"","background-repeat":"repeat","background-position":"center center","background-size":"auto","background-attachment":"scroll","background-type":"","background-media":"","overlay-type":"","overlay-color":"","overlay-opacity":"","overlay-gradient":""},"mobile":{"background-color":"var(--ast-global-color-5)","background-image":"","background-repeat":"repeat","background-position":"center center","background-size":"auto","background-attachment":"scroll","background-type":"","background-media":"","overlay-type":"","overlay-color":"","overlay-opacity":"","overlay-gradient":""}},"footnotes":""},"categories":[19],"tags":[],"class_list":["post-2070","post","type-post","status-publish","format-standard","has-post-thumbnail","hentry","category-sin-limites-2"],"_links":{"self":[{"href":"https:\/\/losperiodistas.com.mx\/portal\/wp-json\/wp\/v2\/posts\/2070","targetHints":{"allow":["GET"]}}],"collection":[{"href":"https:\/\/losperiodistas.com.mx\/portal\/wp-json\/wp\/v2\/posts"}],"about":[{"href":"https:\/\/losperiodistas.com.mx\/portal\/wp-json\/wp\/v2\/types\/post"}],"author":[{"embeddable":true,"href":"https:\/\/losperiodistas.com.mx\/portal\/wp-json\/wp\/v2\/users\/1"}],"replies":[{"embeddable":true,"href":"https:\/\/losperiodistas.com.mx\/portal\/wp-json\/wp\/v2\/comments?post=2070"}],"version-history":[{"count":1,"href":"https:\/\/losperiodistas.com.mx\/portal\/wp-json\/wp\/v2\/posts\/2070\/revisions"}],"predecessor-version":[{"id":2073,"href":"https:\/\/losperiodistas.com.mx\/portal\/wp-json\/wp\/v2\/posts\/2070\/revisions\/2073"}],"wp:featuredmedia":[{"embeddable":true,"href":"https:\/\/losperiodistas.com.mx\/portal\/wp-json\/wp\/v2\/media\/2072"}],"wp:attachment":[{"href":"https:\/\/losperiodistas.com.mx\/portal\/wp-json\/wp\/v2\/media?parent=2070"}],"wp:term":[{"taxonomy":"category","embeddable":true,"href":"https:\/\/losperiodistas.com.mx\/portal\/wp-json\/wp\/v2\/categories?post=2070"},{"taxonomy":"post_tag","embeddable":true,"href":"https:\/\/losperiodistas.com.mx\/portal\/wp-json\/wp\/v2\/tags?post=2070"}],"curies":[{"name":"wp","href":"https:\/\/api.w.org\/{rel}","templated":true}]}}