{"id":20613,"date":"2022-02-04T06:41:17","date_gmt":"2022-02-04T12:41:17","guid":{"rendered":"http:\/\/losperiodistas.com.mx\/portal\/?p=20613"},"modified":"2022-02-04T06:41:19","modified_gmt":"2022-02-04T12:41:19","slug":"es-oficial-peatonalizan-la-calle-5-de-mayo-hasta-la-18-oriente-oem","status":"publish","type":"post","link":"https:\/\/losperiodistas.com.mx\/portal\/es-oficial-peatonalizan-la-calle-5-de-mayo-hasta-la-18-oriente-oem\/","title":{"rendered":"Es oficial: peatonalizan la calle 5 de Mayo hasta la 18 Oriente | OEM"},"content":{"rendered":"\n<p style=\"font-size:18px\"><em>El alcalde Eduardo Rivera afirm\u00f3 que estos cambios permitir\u00e1n hacer de la calle 5 de Mayo un corredor tur\u00edstico<\/em><\/p>\n\n\n\n<p><\/p>\n\n\n\n<figure class=\"wp-block-image size-large\"><img fetchpriority=\"high\" decoding=\"async\" width=\"1024\" height=\"726\" src=\"https:\/\/losperiodistas.com.mx\/portal\/wp-content\/uploads\/2022\/02\/Captura-de-Pantalla-2022-02-04-a-las-6.38.30-1024x726.jpg\" alt=\"\" class=\"wp-image-20614\" srcset=\"https:\/\/losperiodistas.com.mx\/portal\/wp-content\/uploads\/2022\/02\/Captura-de-Pantalla-2022-02-04-a-las-6.38.30-1024x726.jpg 1024w, https:\/\/losperiodistas.com.mx\/portal\/wp-content\/uploads\/2022\/02\/Captura-de-Pantalla-2022-02-04-a-las-6.38.30-300x213.jpg 300w, https:\/\/losperiodistas.com.mx\/portal\/wp-content\/uploads\/2022\/02\/Captura-de-Pantalla-2022-02-04-a-las-6.38.30-768x545.jpg 768w, https:\/\/losperiodistas.com.mx\/portal\/wp-content\/uploads\/2022\/02\/Captura-de-Pantalla-2022-02-04-a-las-6.38.30.jpg 1500w\" sizes=\"(max-width: 1024px) 100vw, 1024px\" \/><\/figure>\n\n\n\n<p class=\"has-vivid-cyan-blue-color has-text-color has-medium-font-size\">MARTHA CUAYA \/ EL SOL DE PUEBLA<\/p>\n\n\n\n<p>De manera oficial este d\u00eda&nbsp;<strong>se peatonaliz\u00f3 la calle 5 de Mayo, entre la 6 y 8 Oriente,<\/strong>&nbsp;as\u00ed como&nbsp;<strong>la 14 y 16 Oriente<\/strong>, por lo que a partir de la Avenida Reforma y&nbsp;<strong>hasta la 18 Oriente<\/strong>,<strong>&nbsp;la calle 5 de Mayo ser\u00e1 exclusiva para los transe\u00fantes<\/strong>.<\/p>\n\n\n\n<p>La empresa M&amp;P Constructores coloc\u00f3 bolardos en la\u00a0<strong>6 Oriente, unos metros antes de la calle 5 de Mayo<\/strong>, a fin de evitar el flujo vehicular, esto posterior a la se\u00f1al\u00e9tica que se pint\u00f3 en la calle, donde se observan flechas blancas que hacen referencia que solo se podr\u00e1 retornar.<\/p>\n\n\n\n<p><a href=\"https:\/\/www.elsoldepuebla.com.mx\/local\/\">LOCAL<\/a><\/p>\n\n\n\n<figure class=\"wp-block-image\"><a href=\"https:\/\/www.elsoldepuebla.com.mx\/local\/retiran-a-ambulantes-del-centro-de-puebla-por-obras-7803080.html\"><img decoding=\"async\" src=\"https:\/\/www.elsoldepuebla.com.mx\/local\/p71xcr-la-manana-de-este-lunes-los-comerciantes-de-la-union-de-vendedores-ambulantes-de-la-calle-5-de-mayo-fueron-retirados-de-la-6-oriente.jpg\/alternates\/LANDSCAPE_200\/La%20ma%C3%B1ana%20de%20este%20lunes%20los%20comerciantes%20de%20la%20Uni%C3%B3n%20de%20Vendedores%20Ambulantes%20de%20la%20calle%205%20de%20Mayo%20fueron%20retirados%20de%20la%206%20Oriente.JPG\" alt=\"\" title=\"La ma\u00f1ana de este lunes los comerciantes de la Uni\u00f3n de Vendedores Ambulantes de la calle 5 de Mayo fueron retirados de la 6 Oriente.JPG\"\/><\/a><\/figure>\n\n\n\n<h4 class=\"wp-block-heading\"><a href=\"https:\/\/www.elsoldepuebla.com.mx\/local\/retiran-a-ambulantes-del-centro-de-puebla-por-obras-7803080.html\">Retiran a ambulantes del Centro de Puebla por obras<\/a><\/h4>\n\n\n\n<p>Aunque en un principio se dijo era un programa piloto, la&nbsp;<strong>Gerencia del Centro Hist\u00f3rico inform\u00f3 a El Sol de Puebla que es oficia<\/strong>l, estas estructuras met\u00e1licas<strong>&nbsp;ya no se retirar\u00e1n<\/strong>, por lo que los veh\u00edculos solo podr\u00e1n ingresar para los negocios o para las casas aleda\u00f1as, pero deber\u00e1n retornar antes de llegar a la calle 5 de Mayo.<\/p>\n\n\n\n<p>A decir de las autoridades municipales y de la empresa M&amp;P Constructores S.A de C.V, es parte del&nbsp;<strong>mejoramiento del Centro Hist\u00f3rico de Puebla<\/strong>&nbsp;que dio en inicio en agosto de 2021 durante la gesti\u00f3n de Claudia Rivera Vivanco y que con la administraci\u00f3n de Eduardo Rivera P\u00e9rez se hicieron cambios como parte de un proyecto integral.<\/p>\n\n\n\n<p>Lo anterior debido a que justo<strong>&nbsp;entre la 6 y 8 Oriente hab\u00eda circulaci\u00f3n de autom\u00f3viles<\/strong>, lo cual se observaba complicado, puesto que la gente que transitaba olvidaba que tambi\u00e9n es paso para los veh\u00edculos. Adem\u00e1s tambi\u00e9n entre la 14 y 16 Oriente la circulaci\u00f3n era obstaculizada.<\/p>\n\n\n\n<p>Seg\u00fan el presidente Eduardo Rivera P\u00e9rez, esto permitir\u00e1<strong>&nbsp;hacer la 5 de Mayo un corredor tur\u00edstico<\/strong>, en donde florezcan los espacios comerciales y la gente que llegue pueda disfrutar del espacio.<\/p>\n\n\n\n<p>\u201c<strong>Queremos seguir avanzando en peatonalizar esta \u00e1rea,<\/strong>&nbsp;en el \u00e1rea de dulces, en donde se est\u00e1 buscando que todo ese tramo pueda ser de doble circulaci\u00f3n y pueda continuar directamente toda la calle 5 de Mayo\u201d, dijo en su momento.<\/p>\n\n\n\n<p>Es importante mencionar que esta calle ya era en su mayor\u00eda peatonal, pues solo en entre la 6 y 8 Oriente, as\u00ed como la 14 y 16 Oriente hab\u00eda paso para los veh\u00edculos, pero ahora<strong>\u00a0ser\u00e1 solo peatonal hasta la iglesia del se\u00f1or de Las Maravillas<\/strong>.<\/p>\n\n\n\n<p>Fuente: https:\/\/www.elsoldepuebla.com.mx\/local\/es-oficial-peatonalizan-la-calle-5-de-mayo-hasta-la-18-oriente-7820022.html<\/p>\n","protected":false},"excerpt":{"rendered":"<p>El alcalde Eduardo Rivera afirm\u00f3 que estos cambios permitir\u00e1n hacer de la calle 5 de Mayo un corredor tur\u00edstico MARTHA [&hellip;]<\/p>\n","protected":false},"author":1,"featured_media":20614,"comment_status":"open","ping_status":"open","sticky":false,"template":"","format":"standard","meta":{"site-sidebar-layout":"default","site-content-layout":"","ast-site-content-layout":"default","site-content-style":"default","site-sidebar-style":"default","ast-global-header-display":"","ast-banner-title-visibility":"","ast-main-header-display":"","ast-hfb-above-header-display":"","ast-hfb-below-header-display":"","ast-hfb-mobile-header-display":"","site-post-title":"","ast-breadcrumbs-content":"","ast-featured-img":"","footer-sml-layout":"","theme-transparent-header-meta":"","adv-header-id-meta":"","stick-header-meta":"","header-above-stick-meta":"","header-main-stick-meta":"","header-below-stick-meta":"","astra-migrate-meta-layouts":"default","ast-page-background-enabled":"default","ast-page-background-meta":{"desktop":{"background-color":"var(--ast-global-color-4)","background-image":"","background-repeat":"repeat","background-position":"center center","background-size":"auto","background-attachment":"scroll","background-type":"","background-media":"","overlay-type":"","overlay-color":"","overlay-opacity":"","overlay-gradient":""},"tablet":{"background-color":"","background-image":"","background-repeat":"repeat","background-position":"center center","background-size":"auto","background-attachment":"scroll","background-type":"","background-media":"","overlay-type":"","overlay-color":"","overlay-opacity":"","overlay-gradient":""},"mobile":{"background-color":"","background-image":"","background-repeat":"repeat","background-position":"center center","background-size":"auto","background-attachment":"scroll","background-type":"","background-media":"","overlay-type":"","overlay-color":"","overlay-opacity":"","overlay-gradient":""}},"ast-content-background-meta":{"desktop":{"background-color":"var(--ast-global-color-5)","background-image":"","background-repeat":"repeat","background-position":"center center","background-size":"auto","background-attachment":"scroll","background-type":"","background-media":"","overlay-type":"","overlay-color":"","overlay-opacity":"","overlay-gradient":""},"tablet":{"background-color":"var(--ast-global-color-5)","background-image":"","background-repeat":"repeat","background-position":"center center","background-size":"auto","background-attachment":"scroll","background-type":"","background-media":"","overlay-type":"","overlay-color":"","overlay-opacity":"","overlay-gradient":""},"mobile":{"background-color":"var(--ast-global-color-5)","background-image":"","background-repeat":"repeat","background-position":"center center","background-size":"auto","background-attachment":"scroll","background-type":"","background-media":"","overlay-type":"","overlay-color":"","overlay-opacity":"","overlay-gradient":""}},"footnotes":""},"categories":[8],"tags":[1981,7398,7397],"class_list":["post-20613","post","type-post","status-publish","format-standard","has-post-thumbnail","hentry","category-noticias","tag-centro-historico-puebla","tag-corredor-5-de-mayo","tag-peatonizacion"],"_links":{"self":[{"href":"https:\/\/losperiodistas.com.mx\/portal\/wp-json\/wp\/v2\/posts\/20613","targetHints":{"allow":["GET"]}}],"collection":[{"href":"https:\/\/losperiodistas.com.mx\/portal\/wp-json\/wp\/v2\/posts"}],"about":[{"href":"https:\/\/losperiodistas.com.mx\/portal\/wp-json\/wp\/v2\/types\/post"}],"author":[{"embeddable":true,"href":"https:\/\/losperiodistas.com.mx\/portal\/wp-json\/wp\/v2\/users\/1"}],"replies":[{"embeddable":true,"href":"https:\/\/losperiodistas.com.mx\/portal\/wp-json\/wp\/v2\/comments?post=20613"}],"version-history":[{"count":1,"href":"https:\/\/losperiodistas.com.mx\/portal\/wp-json\/wp\/v2\/posts\/20613\/revisions"}],"predecessor-version":[{"id":20615,"href":"https:\/\/losperiodistas.com.mx\/portal\/wp-json\/wp\/v2\/posts\/20613\/revisions\/20615"}],"wp:featuredmedia":[{"embeddable":true,"href":"https:\/\/losperiodistas.com.mx\/portal\/wp-json\/wp\/v2\/media\/20614"}],"wp:attachment":[{"href":"https:\/\/losperiodistas.com.mx\/portal\/wp-json\/wp\/v2\/media?parent=20613"}],"wp:term":[{"taxonomy":"category","embeddable":true,"href":"https:\/\/losperiodistas.com.mx\/portal\/wp-json\/wp\/v2\/categories?post=20613"},{"taxonomy":"post_tag","embeddable":true,"href":"https:\/\/losperiodistas.com.mx\/portal\/wp-json\/wp\/v2\/tags?post=20613"}],"curies":[{"name":"wp","href":"https:\/\/api.w.org\/{rel}","templated":true}]}}