{"id":20545,"date":"2022-02-03T08:59:13","date_gmt":"2022-02-03T14:59:13","guid":{"rendered":"http:\/\/losperiodistas.com.mx\/portal\/?p=20545"},"modified":"2022-02-03T08:59:14","modified_gmt":"2022-02-03T14:59:14","slug":"facebook-pierde-usuarios-por-primera-vez-en-su-historia-y-las-acciones-de-meta-caen-un-226-la-razon","status":"publish","type":"post","link":"https:\/\/losperiodistas.com.mx\/portal\/facebook-pierde-usuarios-por-primera-vez-en-su-historia-y-las-acciones-de-meta-caen-un-226-la-razon\/","title":{"rendered":"Facebook pierde usuarios por primera vez en su historia y las acciones de Meta caen un 22,6 % | La Raz\u00f3n"},"content":{"rendered":"\n<p style=\"font-size:18px\"><em>Mark Zuckerberg achaca el descenso de casi medio mill\u00f3n de ingresos diarios a la red social al \u00e9xito de TikTok<\/em><\/p>\n\n\n\n<p><\/p>\n\n\n\n<figure class=\"wp-block-image size-large\"><img fetchpriority=\"high\" decoding=\"async\" width=\"1024\" height=\"684\" src=\"https:\/\/losperiodistas.com.mx\/portal\/wp-content\/uploads\/2022\/02\/Captura-de-Pantalla-2022-02-03-a-las-8.56.27-1024x684.jpg\" alt=\"\" class=\"wp-image-20546\" srcset=\"https:\/\/losperiodistas.com.mx\/portal\/wp-content\/uploads\/2022\/02\/Captura-de-Pantalla-2022-02-03-a-las-8.56.27-1024x684.jpg 1024w, https:\/\/losperiodistas.com.mx\/portal\/wp-content\/uploads\/2022\/02\/Captura-de-Pantalla-2022-02-03-a-las-8.56.27-300x200.jpg 300w, https:\/\/losperiodistas.com.mx\/portal\/wp-content\/uploads\/2022\/02\/Captura-de-Pantalla-2022-02-03-a-las-8.56.27-768x513.jpg 768w, https:\/\/losperiodistas.com.mx\/portal\/wp-content\/uploads\/2022\/02\/Captura-de-Pantalla-2022-02-03-a-las-8.56.27.jpg 1198w\" sizes=\"(max-width: 1024px) 100vw, 1024px\" \/><figcaption><strong>La red social Facebook ha experimentado un descenso de casi medio mill\u00f3n de usuarios diarios en el \u00faltimo trimestre de 2021.<\/strong>\u00a0FOTO:\u00a0LA RAZ\u00d3N (CUSTOM CREDIT)\u00a0CORTES\u00cdA DE JOSHUA HOEHNE \/ UNSPLASH.<\/figcaption><\/figure>\n\n\n\n<p class=\"has-vivid-cyan-blue-color has-text-color has-medium-font-size\">ALFREDO BIURRUN \/ LA RAZ\u00d3N<\/p>\n\n\n\n<p>Meta present\u00f3 ayer el informe de resultados correspondiente al \u00faltimo trimestre de 2021 que muestra como,&nbsp;<strong>por primera vez en sus 18 a\u00f1os de historia,&nbsp;<\/strong><a href=\"https:\/\/www.larazon.es\/tags\/facebook\/\"><strong>Facebook&nbsp;<\/strong><\/a><strong>est\u00e1 perdiendo usuarios<\/strong>. El casi medio mill\u00f3n de ingresos diarios menos a la&nbsp;<a href=\"https:\/\/www.larazon.es\/tags\/redes-sociales\/\">red social<\/a>&nbsp;por parte de los consumidores y la reducci\u00f3n de beneficios de&nbsp;<a href=\"https:\/\/www.larazon.es\/tecnologia\/20211028\/bubuoj2j3fbuzekp2taptkffwi.html\">Meta&nbsp;<\/a>(10.285 millones de d\u00f3lares frente a 11.219 en el \u00faltimo trimestre de 2020) tuvieron efecto en su cotizaci\u00f3n en el Nasdaq. Al cierre de la jornada burs\u00e1til de ayer,&nbsp;<strong>el valor de sus acciones hab\u00eda descendido un 22,6% hasta situarse en los 249,9 d\u00f3lares<\/strong>, lo que supuso a la compa\u00f1\u00eda una p\u00e9rdida de unos 200.000 millones de d\u00f3lares en su capitalizaci\u00f3n burs\u00e1til.<\/p>\n\n\n\n<p><strong>Mark Zuckerberg, CEO de Meta, achac\u00f3 el descenso de usuarios al \u00e9xito de la red social&nbsp;<\/strong><a href=\"https:\/\/www.larazon.es\/tags\/tiktok\/\"><strong>TikTok<\/strong><\/a>. \u201cLa gente tiene muchas opciones en las que emplear su tiempo y \u201capps\u201d como TikTok est\u00e1n creciendo muy r\u00e1pidamente\u201d, se\u00f1al\u00f3 Zuckerberg. \u201c<strong>Es por ello que nuestra apuesta por Reels es tan importante a largo plazo<\/strong>\u201d a\u00f1adi\u00f3, seg\u00fan recoge el medio Washington Post. Reels es la respuesta de Meta al \u00e9xito de la plataforma de v\u00eddeos cortos TikTok. Se trata de una funci\u00f3n incluida el verano pasado en&nbsp;<a href=\"https:\/\/www.larazon.es\/tags\/instagram\/\">Instagram<\/a>, tambi\u00e9n propiedad de Meta, y que ofrece a los usuarios de la red un formato de v\u00eddeos cortos similar a la de la \u201capp\u201d china.<\/p>\n\n\n\n<p>El informe de resultados ha sido el primero que la compa\u00f1\u00eda ha presentado tras el cambio de nombre de Facebook a Meta, realizado el pasado mes de octubre, y su apuesta por el metaverso que Zuckerberg espera se convierta en el Internet de pr\u00f3xima generaci\u00f3n. En \u00e9l se indica que&nbsp;<strong>el n\u00famero de usuarios activos diarios en Facebook durante el \u00faltimo trimestre de 2021 alcanz\u00f3 los 1.929 millones de personas<\/strong>. Los analistas esperaban una ralentizaci\u00f3n en el crecimiento de usuarios diarios, pero lo que realmente les ha sorprendido son las p\u00e9rdidas en publicidad ante el crecimiento de TikTok, seg\u00fan informa Daily Mail.<\/p>\n\n\n\n<p>El ligero descenso en el n\u00famero de usuarios diarios y la publicidad que se ha ido a TikTok no son los \u00fanicos motivos de la reducci\u00f3n de beneficios de Meta. Las fuertes inversiones realizadas en los \u00faltimos meses en la divisi\u00f3n Reality Labs, que incluye los dispositivos de realidad virtual y aumentada en los que trabaja Meta y para el que se han contratado a 10.000 personas, tambi\u00e9n han influido.\u00a0<strong>Reality Labs perdi\u00f3 3.300 millones en el \u00faltimo trimestre a pesar de unos ingresos de 877 millones de d\u00f3lares<\/strong>. De hecho, la compa\u00f1\u00eda lleva gastados en el metaverso 20.000 millones de d\u00f3lares en los \u00faltimos tres a\u00f1os.<\/p>\n\n\n\n<p>La compa\u00f1\u00eda tambi\u00e9n ha revelado que\u00a0<strong>el mayor descenso en usuarios diarios se ha producido en \u00c1frica y Latinoam\u00e9rica, mientras que en Europa y Estados Unidos se ha estancado<\/strong>. Pero no todo son malas noticias. El n\u00famero de ingresos mensuales a Facebook ha crecido a pesar del descenso diario, la red ha incrementado ligeramente su beneficio por usuario y el resto de plataformas de Meta (Instagram, Facebook Messenger y WhatsApp) contin\u00faan creciendo. Contemplando el a\u00f1o completo,\u00a0<strong>Meta ha registrado un incremento del 35% en sus beneficios de 2021 y un 8% en el n\u00famero de usuarios de todas sus redes con respecto a 2020<\/strong>.<\/p>\n\n\n\n<p>Fuente: https:\/\/www.larazon.es\/tecnologia\/20220203\/h4gohjeavfbttpmm737ygy7aji.html<\/p>\n","protected":false},"excerpt":{"rendered":"<p>Mark Zuckerberg achaca el descenso de casi medio mill\u00f3n de ingresos diarios a la red social al \u00e9xito de TikTok [&hellip;]<\/p>\n","protected":false},"author":1,"featured_media":20546,"comment_status":"open","ping_status":"open","sticky":false,"template":"","format":"standard","meta":{"site-sidebar-layout":"default","site-content-layout":"","ast-site-content-layout":"default","site-content-style":"default","site-sidebar-style":"default","ast-global-header-display":"","ast-banner-title-visibility":"","ast-main-header-display":"","ast-hfb-above-header-display":"","ast-hfb-below-header-display":"","ast-hfb-mobile-header-display":"","site-post-title":"","ast-breadcrumbs-content":"","ast-featured-img":"","footer-sml-layout":"","theme-transparent-header-meta":"","adv-header-id-meta":"","stick-header-meta":"","header-above-stick-meta":"","header-main-stick-meta":"","header-below-stick-meta":"","astra-migrate-meta-layouts":"default","ast-page-background-enabled":"default","ast-page-background-meta":{"desktop":{"background-color":"var(--ast-global-color-4)","background-image":"","background-repeat":"repeat","background-position":"center center","background-size":"auto","background-attachment":"scroll","background-type":"","background-media":"","overlay-type":"","overlay-color":"","overlay-opacity":"","overlay-gradient":""},"tablet":{"background-color":"","background-image":"","background-repeat":"repeat","background-position":"center center","background-size":"auto","background-attachment":"scroll","background-type":"","background-media":"","overlay-type":"","overlay-color":"","overlay-opacity":"","overlay-gradient":""},"mobile":{"background-color":"","background-image":"","background-repeat":"repeat","background-position":"center center","background-size":"auto","background-attachment":"scroll","background-type":"","background-media":"","overlay-type":"","overlay-color":"","overlay-opacity":"","overlay-gradient":""}},"ast-content-background-meta":{"desktop":{"background-color":"var(--ast-global-color-5)","background-image":"","background-repeat":"repeat","background-position":"center center","background-size":"auto","background-attachment":"scroll","background-type":"","background-media":"","overlay-type":"","overlay-color":"","overlay-opacity":"","overlay-gradient":""},"tablet":{"background-color":"var(--ast-global-color-5)","background-image":"","background-repeat":"repeat","background-position":"center center","background-size":"auto","background-attachment":"scroll","background-type":"","background-media":"","overlay-type":"","overlay-color":"","overlay-opacity":"","overlay-gradient":""},"mobile":{"background-color":"var(--ast-global-color-5)","background-image":"","background-repeat":"repeat","background-position":"center center","background-size":"auto","background-attachment":"scroll","background-type":"","background-media":"","overlay-type":"","overlay-color":"","overlay-opacity":"","overlay-gradient":""}},"footnotes":""},"categories":[8],"tags":[3033,5124,7389],"class_list":["post-20545","post","type-post","status-publish","format-standard","has-post-thumbnail","hentry","category-noticias","tag-facebook","tag-meta","tag-tiktok"],"_links":{"self":[{"href":"https:\/\/losperiodistas.com.mx\/portal\/wp-json\/wp\/v2\/posts\/20545","targetHints":{"allow":["GET"]}}],"collection":[{"href":"https:\/\/losperiodistas.com.mx\/portal\/wp-json\/wp\/v2\/posts"}],"about":[{"href":"https:\/\/losperiodistas.com.mx\/portal\/wp-json\/wp\/v2\/types\/post"}],"author":[{"embeddable":true,"href":"https:\/\/losperiodistas.com.mx\/portal\/wp-json\/wp\/v2\/users\/1"}],"replies":[{"embeddable":true,"href":"https:\/\/losperiodistas.com.mx\/portal\/wp-json\/wp\/v2\/comments?post=20545"}],"version-history":[{"count":1,"href":"https:\/\/losperiodistas.com.mx\/portal\/wp-json\/wp\/v2\/posts\/20545\/revisions"}],"predecessor-version":[{"id":20547,"href":"https:\/\/losperiodistas.com.mx\/portal\/wp-json\/wp\/v2\/posts\/20545\/revisions\/20547"}],"wp:featuredmedia":[{"embeddable":true,"href":"https:\/\/losperiodistas.com.mx\/portal\/wp-json\/wp\/v2\/media\/20546"}],"wp:attachment":[{"href":"https:\/\/losperiodistas.com.mx\/portal\/wp-json\/wp\/v2\/media?parent=20545"}],"wp:term":[{"taxonomy":"category","embeddable":true,"href":"https:\/\/losperiodistas.com.mx\/portal\/wp-json\/wp\/v2\/categories?post=20545"},{"taxonomy":"post_tag","embeddable":true,"href":"https:\/\/losperiodistas.com.mx\/portal\/wp-json\/wp\/v2\/tags?post=20545"}],"curies":[{"name":"wp","href":"https:\/\/api.w.org\/{rel}","templated":true}]}}