{"id":20542,"date":"2022-02-03T08:52:39","date_gmt":"2022-02-03T14:52:39","guid":{"rendered":"http:\/\/losperiodistas.com.mx\/portal\/?p=20542"},"modified":"2022-02-03T08:52:40","modified_gmt":"2022-02-03T14:52:40","slug":"covid-19-como-es-la-nueva-subvariante-omicron-ba-2-y-que-tanto-debe-preocuparnos-bbc","status":"publish","type":"post","link":"https:\/\/losperiodistas.com.mx\/portal\/covid-19-como-es-la-nueva-subvariante-omicron-ba-2-y-que-tanto-debe-preocuparnos-bbc\/","title":{"rendered":"Covid-19: \u00bfc\u00f3mo es la nueva subvariante \u00f3micron BA.2 y qu\u00e9 tanto debe preocuparnos? | BBC"},"content":{"rendered":"\n<p><\/p>\n\n\n\n<figure class=\"wp-block-image size-large\"><img fetchpriority=\"high\" decoding=\"async\" width=\"1024\" height=\"577\" src=\"https:\/\/losperiodistas.com.mx\/portal\/wp-content\/uploads\/2022\/02\/Captura-de-Pantalla-2022-02-03-a-las-8.49.45-1024x577.jpg\" alt=\"\" class=\"wp-image-20543\" srcset=\"https:\/\/losperiodistas.com.mx\/portal\/wp-content\/uploads\/2022\/02\/Captura-de-Pantalla-2022-02-03-a-las-8.49.45-1024x577.jpg 1024w, https:\/\/losperiodistas.com.mx\/portal\/wp-content\/uploads\/2022\/02\/Captura-de-Pantalla-2022-02-03-a-las-8.49.45-300x169.jpg 300w, https:\/\/losperiodistas.com.mx\/portal\/wp-content\/uploads\/2022\/02\/Captura-de-Pantalla-2022-02-03-a-las-8.49.45-768x433.jpg 768w, https:\/\/losperiodistas.com.mx\/portal\/wp-content\/uploads\/2022\/02\/Captura-de-Pantalla-2022-02-03-a-las-8.49.45.jpg 1296w\" sizes=\"(max-width: 1024px) 100vw, 1024px\" \/><\/figure>\n\n\n\n<p class=\"has-vivid-cyan-blue-color has-text-color has-medium-font-size\">BBC NEWS<\/p>\n\n\n\n<p><strong>La extremadamente transmisible variante \u00f3micron representa actualmente la mitad de las infecciones por covid-19 en el mundo.<\/strong><\/p>\n\n\n\n<p>Pero \u00f3micron es un t\u00e9rmino general para designar a varios linajes estrechamente relacionados del coronavirus SARS-Cov-2, donde el m\u00e1s com\u00fan es el BA.1<\/p>\n\n\n\n<p>Ahora, cada vez hay m\u00e1s pa\u00edses -sobre todo en Asia y Europa- que reportan un aumento de casos provocados por el linaje BA.2.<\/p>\n\n\n\n<p><strong>Subvariante \u00absilenciosa\u00bb<\/strong><\/p>\n\n\n\n<p>Muchas veces se denomina a la BA.2 como una subvariante \u00absilenciosa\u00bb, porque no tiene el marcador gen\u00e9tico que los investigadores hab\u00edan estado usando para determinar r\u00e1pidamente si era muy probable que una infecci\u00f3n fuera por la \u00f3micron \u00abregular\u00bb (BA.1), en lugar de la variante delta.<\/p>\n\n\n\n<p>Al igual que con otras variantes, una infecci\u00f3n por BA.2 puede detectarse mediante una prueba de flujo lateral o una PCR, pero estos tests no pueden distinguir BA.2 de delta. Hace falta hacer otras pruebas para estar seguros.<\/p>\n\n\n\n<figure class=\"wp-block-image\"><img decoding=\"async\" src=\"https:\/\/ichef.bbci.co.uk\/news\/640\/cpsprodpb\/16EC9\/production\/_123079839_fb6c2ac1-b5b7-4be5-9ec3-23c32216038d.jpg\" alt=\"Trabajador sanitario haciendo un hisopado en Manila\"\/><figcaption>Pie de foto,Aunque una infecci\u00f3n por BA.2 puede detectarse mediante un hisopado, los cient\u00edficos deben realizar m\u00e1s pruebas para identificar la subvariante.<\/figcaption><\/figure>\n\n\n\n<p>La BA.2 parece ser m\u00e1s transmisible que las variantes anteriores pero, afortunadamente, ning\u00fan dato sugiere que sea m\u00e1s grave.<\/p>\n\n\n\n<p>Entonces, \u00bfqu\u00e9 tan preocupados deber\u00edamos estar por esta variante?<\/p>\n\n\n\n<p>A continuaci\u00f3n, te contamos qu\u00e9 se sabe al respecto.<\/p>\n\n\n\n<h2 class=\"wp-block-heading\" id=\"Qu\u00e9-es-la-BA2\">\u00bfQu\u00e9 es la BA.2?<\/h2>\n\n\n\n<p>A medida que los virus mutan en nuevas variantes, a veces se dividen o se ramifican en sublinajes. La variante&nbsp;<strong>delta, por ejemplo, consta de 200 subvariantes&nbsp;<\/strong>diferentes.<\/p>\n\n\n\n<p>Lo mismo sucedi\u00f3 con \u00f3micron, que incluye los linajes&nbsp;<strong>BA.1, BA.2, BA.3 y B.1.1.529.<\/strong><\/p>\n\n\n\n<p>BA.1 representa la mayor\u00eda de los casos. Seg\u00fan la Organizaci\u00f3n Mundial de la Salud, casi el&nbsp;<strong>99 % del ADN viral<\/strong>&nbsp;enviado a la base de datos mundial GISAID (al 25 de enero de 2022) se secuenci\u00f3 como esta subvariante.<\/p>\n\n\n\n<figure class=\"wp-block-image\"><img decoding=\"async\" src=\"https:\/\/ichef.bbci.co.uk\/news\/640\/cpsprodpb\/2FC5\/production\/_123092221_gettyimages-1361632228.jpg\" alt=\"Centro de testeo en Buenos Aires.\"\/><figcaption>Pie de foto,La variante \u00f3micron representa ahora la mitad de los casos de covid-19 del mundo.<\/figcaption><\/figure>\n\n\n\n<p>No est\u00e1 claro d\u00f3nde se origin\u00f3, pero se&nbsp;<strong>detect\u00f3 por primera vez en noviembre<\/strong>&nbsp;entre las secuencias cargadas en la base de datos desde Filipinas.<\/p>\n\n\n\n<h2 class=\"wp-block-heading\" id=\"Por-d\u00f3nde-se-est\u00e1-propagando-el-sublinaje-BA2\">\u00bfPor d\u00f3nde se est\u00e1 propagando el sublinaje BA.2?<\/h2>\n\n\n\n<p>Desde noviembre, 40 pa\u00edses han agregado miles de secuencias de BA.2 a la base de datos.<\/p>\n\n\n\n<p>Seg\u00fan la OMS, la subvariante ya se est\u00e1 volviendo dominante en Filipinas, Nepal, Qatar, India y Dinamarca. En algunos lugares, su&nbsp;<strong>crecimiento ha sido abrupto.<\/strong><\/p>\n\n\n\n<p>India es otro pa\u00eds donde la BA.2 est\u00e1 reemplazando r\u00e1pidamente a la variante delta y \u00f3micron BA.1, seg\u00fan el bi\u00f3logo molecular Bijaya Dhak.<\/p>\n\n\n\n<ul class=\"wp-block-list\"><li><a href=\"https:\/\/www.bbc.com\/mundo\/noticias-59818611\">\u00d3micron: 5 buenas noticias para acabar el a\u00f1o<\/a><\/li><\/ul>\n\n\n\n<p>El Departamento de Salud de Filipinas (DOH) dijo que el sublinaje BA.2 prevalec\u00eda ahora en las muestras que recibi\u00f3 a fines de enero.<\/p>\n\n\n\n<p>Y en Inglaterra, se han identificado m\u00e1s de 1.000 casos confirmados de BA.2, seg\u00fan la Agencia de Seguridad Sanitaria de Reino Unido (UKHSA, por sus siglas en ingl\u00e9s).<\/p>\n\n\n\n<p>Ha sido designada como una&nbsp;<strong>\u00abvariante bajo investigaci\u00f3n\u00bb<\/strong>&nbsp;por las autoridades sanitarias brit\u00e1nicas, lo que significa que la vigilan de cerca pero no les preocupa demasiado.<\/p>\n\n\n\n<p>Las infecciones por BA.2 en Alemania tambi\u00e9n est\u00e1n creciendo m\u00e1s r\u00e1pido que las de BA.1 y delta, seg\u00fan la doctora Meera Chand, directora del \u00e1rea de covid-19 de UKHSA.<\/p>\n\n\n\n<h2 class=\"wp-block-heading\" id=\"Es-la-BA2-m\u00e1s-contagiosa\">\u00bfEs la BA.2 m\u00e1s contagiosa?<\/h2>\n\n\n\n<figure class=\"wp-block-image\"><img decoding=\"async\" src=\"https:\/\/ichef.bbci.co.uk\/news\/640\/cpsprodpb\/6141\/production\/_123079842_whatsubject.jpg\" alt=\"Una maestra en India le toma la temperatura a una de sus alumnas.\"\/><figcaption>Pie de foto,En India, la BA.1 est\u00e1 ganando terreno r\u00e1pidamente.<\/figcaption><\/figure>\n\n\n\n<p>Un estudio de 8.500 hogares y 18.000 personas realizado por el SSI de Dinamarca encontr\u00f3 que la subvariante BA.2 era \u00absustancialmente\u00bb m\u00e1s transmisible que BA.1.<\/p>\n\n\n\n<p>La BA.2 result\u00f3&nbsp;<strong>m\u00e1s eficiente a la hora de<\/strong><strong>&nbsp;infectar a las personas vacunadas y&nbsp;<\/strong><strong>con una tercera dosis de refuerzo<\/strong>&nbsp;que las variantes anteriores, seg\u00fan el estudio, aunque las personas vacunadas ten\u00edan menos probabilidades de transmitir el virus.<\/p>\n\n\n\n<p>Mientras que un estudio en Reino Unido, tambi\u00e9n hall\u00f3 que la BA.2 era m\u00e1s contagiosa en comparaci\u00f3n con la BA.1.<\/p>\n\n\n\n<p>Pero una evaluaci\u00f3n preliminar no encontr\u00f3 evidencia de que las vacunas fueran menos efectivas contra la enfermedad sintom\u00e1tica para cualquiera de las subvariantes.<\/p>\n\n\n\n<h2 class=\"wp-block-heading\" id=\"Es-la-subvariante-BA2-m\u00e1s-peligrosa\">\u00bfEs la subvariante BA.2 m\u00e1s peligrosa?<\/h2>\n\n\n\n<p>No hay datos que sugieran que la BA.2 provoque una enfermedad m\u00e1s grave que las subvariantes anteriores de \u00f3micron.<\/p>\n\n\n\n<p>\u00abMirando a otros pa\u00edses donde la BA.2 est\u00e1 ahora superando (a la BA.1), no estamos viendo mayores aumentos en las hospitalizaciones de lo esperado\u00bb, se\u00f1al\u00f3 el martes Boris Pavlin, del Equipo de Respuesta Covid-19 de la OMS.<\/p>\n\n\n\n<p>Dijo tambi\u00e9n que incluso si la BA.2 reemplaza a la BA.1, esto puede tener poco efecto en la trayectoria de la pandemia y en la forma de tratar a las personas.<\/p>\n\n\n\n<p>\u00abEs poco probable que su impacto sea sustancial, aunque se necesitan m\u00e1s datos\u00bb, afirm\u00f3. Pavlin.<\/p>\n\n\n\n<figure class=\"wp-block-image\"><img decoding=\"async\" src=\"https:\/\/ichef.bbci.co.uk\/news\/640\/cpsprodpb\/D671\/production\/_123079845_b4350293-d0ea-458a-8e73-83d7f7a6db47.jpg\" alt=\"Mujer con mascarilla en el metro de Londres\"\/><figcaption>Pie de foto,Las autoridades sanitarias brit\u00e1nicas han designado a la BA.2 como una \u00abvariante bajo investigaci\u00f3n\u00bb, lo que significa que la est\u00e1n observando de cerca pero no est\u00e1n demasiado preocupados.<\/figcaption><\/figure>\n\n\n\n<p>Al igual que con las variantes anteriores, los expertos creen que las vacunas seguir\u00e1n siendo muy eficaces para evitar la enfermedad grave, las hospitalizaciones y la muerte.<\/p>\n\n\n\n<p>\u00abLa vacunaci\u00f3n protege profundamente contra la enfermedad grave, incluyendo a la \u00f3micron\u00bb, explic\u00f3 Pavlin.<\/p>\n\n\n\n<p>\u00abHasta ahora, no hay evidencia suficiente para determinar si la BA.2 causa una enfermedad m\u00e1s grave que la \u00f3micron BA.1, pero los datos son limitados y UKHSA contin\u00faa investigando\u00bb, se\u00f1al\u00f3 Chand.<\/p>\n\n\n\n<p>\u00abDebemos permanecer atentos y darnos las vacunas. Todos deber\u00edamos continuar haci\u00e9ndonos pruebas regularmente con dispositivos de flujo lateral y realizar una prueba de PCR si se desarrollan s\u00edntomas\u00bb.<\/p>\n\n\n\n<p>Fuente: https:\/\/www.bbc.com\/mundo\/noticias-60230350<\/p>\n","protected":false},"excerpt":{"rendered":"<p>BBC NEWS La extremadamente transmisible variante \u00f3micron representa actualmente la mitad de las infecciones por covid-19 en el mundo. Pero [&hellip;]<\/p>\n","protected":false},"author":1,"featured_media":20543,"comment_status":"open","ping_status":"open","sticky":false,"template":"","format":"standard","meta":{"site-sidebar-layout":"default","site-content-layout":"","ast-site-content-layout":"default","site-content-style":"default","site-sidebar-style":"default","ast-global-header-display":"","ast-banner-title-visibility":"","ast-main-header-display":"","ast-hfb-above-header-display":"","ast-hfb-below-header-display":"","ast-hfb-mobile-header-display":"","site-post-title":"","ast-breadcrumbs-content":"","ast-featured-img":"","footer-sml-layout":"","theme-transparent-header-meta":"","adv-header-id-meta":"","stick-header-meta":"","header-above-stick-meta":"","header-main-stick-meta":"","header-below-stick-meta":"","astra-migrate-meta-layouts":"default","ast-page-background-enabled":"default","ast-page-background-meta":{"desktop":{"background-color":"var(--ast-global-color-4)","background-image":"","background-repeat":"repeat","background-position":"center center","background-size":"auto","background-attachment":"scroll","background-type":"","background-media":"","overlay-type":"","overlay-color":"","overlay-opacity":"","overlay-gradient":""},"tablet":{"background-color":"","background-image":"","background-repeat":"repeat","background-position":"center center","background-size":"auto","background-attachment":"scroll","background-type":"","background-media":"","overlay-type":"","overlay-color":"","overlay-opacity":"","overlay-gradient":""},"mobile":{"background-color":"","background-image":"","background-repeat":"repeat","background-position":"center center","background-size":"auto","background-attachment":"scroll","background-type":"","background-media":"","overlay-type":"","overlay-color":"","overlay-opacity":"","overlay-gradient":""}},"ast-content-background-meta":{"desktop":{"background-color":"var(--ast-global-color-5)","background-image":"","background-repeat":"repeat","background-position":"center center","background-size":"auto","background-attachment":"scroll","background-type":"","background-media":"","overlay-type":"","overlay-color":"","overlay-opacity":"","overlay-gradient":""},"tablet":{"background-color":"var(--ast-global-color-5)","background-image":"","background-repeat":"repeat","background-position":"center center","background-size":"auto","background-attachment":"scroll","background-type":"","background-media":"","overlay-type":"","overlay-color":"","overlay-opacity":"","overlay-gradient":""},"mobile":{"background-color":"var(--ast-global-color-5)","background-image":"","background-repeat":"repeat","background-position":"center center","background-size":"auto","background-attachment":"scroll","background-type":"","background-media":"","overlay-type":"","overlay-color":"","overlay-opacity":"","overlay-gradient":""}},"footnotes":""},"categories":[8],"tags":[38,2450,5593,7388],"class_list":["post-20542","post","type-post","status-publish","format-standard","has-post-thumbnail","hentry","category-noticias","tag-covid-19","tag-covid-delta","tag-omicron","tag-omicron-ba-2"],"_links":{"self":[{"href":"https:\/\/losperiodistas.com.mx\/portal\/wp-json\/wp\/v2\/posts\/20542","targetHints":{"allow":["GET"]}}],"collection":[{"href":"https:\/\/losperiodistas.com.mx\/portal\/wp-json\/wp\/v2\/posts"}],"about":[{"href":"https:\/\/losperiodistas.com.mx\/portal\/wp-json\/wp\/v2\/types\/post"}],"author":[{"embeddable":true,"href":"https:\/\/losperiodistas.com.mx\/portal\/wp-json\/wp\/v2\/users\/1"}],"replies":[{"embeddable":true,"href":"https:\/\/losperiodistas.com.mx\/portal\/wp-json\/wp\/v2\/comments?post=20542"}],"version-history":[{"count":1,"href":"https:\/\/losperiodistas.com.mx\/portal\/wp-json\/wp\/v2\/posts\/20542\/revisions"}],"predecessor-version":[{"id":20544,"href":"https:\/\/losperiodistas.com.mx\/portal\/wp-json\/wp\/v2\/posts\/20542\/revisions\/20544"}],"wp:featuredmedia":[{"embeddable":true,"href":"https:\/\/losperiodistas.com.mx\/portal\/wp-json\/wp\/v2\/media\/20543"}],"wp:attachment":[{"href":"https:\/\/losperiodistas.com.mx\/portal\/wp-json\/wp\/v2\/media?parent=20542"}],"wp:term":[{"taxonomy":"category","embeddable":true,"href":"https:\/\/losperiodistas.com.mx\/portal\/wp-json\/wp\/v2\/categories?post=20542"},{"taxonomy":"post_tag","embeddable":true,"href":"https:\/\/losperiodistas.com.mx\/portal\/wp-json\/wp\/v2\/tags?post=20542"}],"curies":[{"name":"wp","href":"https:\/\/api.w.org\/{rel}","templated":true}]}}