{"id":20505,"date":"2022-02-03T07:00:41","date_gmt":"2022-02-03T13:00:41","guid":{"rendered":"http:\/\/losperiodistas.com.mx\/portal\/?p=20505"},"modified":"2022-02-03T07:00:42","modified_gmt":"2022-02-03T13:00:42","slug":"estudiantes-rechazan-regresar-a-la-udlap-con-patronato-nombrado-por-gobierno-de-puebla-proceso","status":"publish","type":"post","link":"https:\/\/losperiodistas.com.mx\/portal\/estudiantes-rechazan-regresar-a-la-udlap-con-patronato-nombrado-por-gobierno-de-puebla-proceso\/","title":{"rendered":"Estudiantes rechazan regresar a la UDLAP con patronato nombrado por gobierno de Puebla | Proceso"},"content":{"rendered":"\n<p style=\"font-size:18px\">Los estudiantes emitieron un comunicado en el que demandaron a la comunidad universitaria hacer caso omiso al llamado que hizo el patronato que encabeza Horacio Maga\u00f1a para retomar actividades pues aseguraron que se trata s\u00f3lo de una \u201csimulaci\u00f3n\u201d.<\/p>\n\n\n\n<p><\/p>\n\n\n\n<figure class=\"wp-block-image size-large\"><img fetchpriority=\"high\" decoding=\"async\" width=\"1024\" height=\"712\" src=\"https:\/\/losperiodistas.com.mx\/portal\/wp-content\/uploads\/2022\/02\/Captura-de-Pantalla-2022-02-03-a-las-6.57.27-1024x712.jpg\" alt=\"\" class=\"wp-image-20506\" srcset=\"https:\/\/losperiodistas.com.mx\/portal\/wp-content\/uploads\/2022\/02\/Captura-de-Pantalla-2022-02-03-a-las-6.57.27-1024x712.jpg 1024w, https:\/\/losperiodistas.com.mx\/portal\/wp-content\/uploads\/2022\/02\/Captura-de-Pantalla-2022-02-03-a-las-6.57.27-300x209.jpg 300w, https:\/\/losperiodistas.com.mx\/portal\/wp-content\/uploads\/2022\/02\/Captura-de-Pantalla-2022-02-03-a-las-6.57.27-768x534.jpg 768w, https:\/\/losperiodistas.com.mx\/portal\/wp-content\/uploads\/2022\/02\/Captura-de-Pantalla-2022-02-03-a-las-6.57.27-1536x1069.jpg 1536w, https:\/\/losperiodistas.com.mx\/portal\/wp-content\/uploads\/2022\/02\/Captura-de-Pantalla-2022-02-03-a-las-6.57.27-2048x1425.jpg 2048w\" sizes=\"(max-width: 1024px) 100vw, 1024px\" \/><figcaption>Protesta de estudiantes de la UDLAP. Foto: @YUdlap<\/figcaption><\/figure>\n\n\n\n<p class=\"has-vivid-cyan-blue-color has-text-color has-medium-font-size\">GABRIEL HERN\u00c1NDEZ \/ PROCESO<\/p>\n\n\n\n<p>PUEBLA, Pue., (apro).- Aunque Armando R\u00edos Piter anunci\u00f3 que se abstendr\u00eda de su papel como rector de la Universidad de las Am\u00e9ricas Puebla (UDLAP) en tanto se resolv\u00eda el conflicto judicial, por segundo d\u00eda los estudiantes se manifestaron y bloquearon calles alrededor del campus para reclamar que se vuelva a clases, pero con la rectora Cecilia Anaya Berr\u00edos.<\/p>\n\n\n\n<p>Con pancartas en manos que dec\u00edan \u201cUDLAP libre\u201d y \u201cBarbosa saca tus manos de la UDLAP\u201d, entre otras, los j\u00f3venes bloquearon de manera parcial el paso vehicular por la Recta a Cholula y el Perif\u00e9rico Ecol\u00f3gico.<\/p>\n\n\n\n<p>Igual, los alumnos aprovecharon un acto del canciller Marcelo Ebrard en San Andr\u00e9s Cholula para manifestarse y exigir la salida de la administraci\u00f3n del campus de la UDLAP del patronato nombrado por la Junta para el Cuidado de las Instituciones de Asistencia Privada del gobierno de Puebla.<\/p>\n\n\n\n<p>Los estudiantes emitieron un comunicado en el que demandaron a la comunidad universitaria hacer caso omiso al llamado que hizo el patronato que encabeza Horacio Maga\u00f1a para retomar actividades pues aseguraron que se trata s\u00f3lo de una \u201csimulaci\u00f3n\u201d.<\/p>\n\n\n\n<p>\u201cHacemos un atento llamado a la comunidad UDLAP a esperar y sumarse al plant\u00f3n estudiantil, que se levantar\u00e1 cuando el exhorto de devolver el campus y su administraci\u00f3n a los estudiantes y a la administraci\u00f3n de la doctora Anaya sea cumplido\u201d, expresaron.<\/p>\n\n\n\n<p>En tanto que el experredista R\u00edos Piter volvi\u00f3 a publicar un mensaje en sus redes sociales en que anunci\u00f3 que se abstendr\u00e1 de \u201cinterferir\u201d en las actividades de la UDLAP para ayudar a que se retomen actividades en la instituci\u00f3n, luego de que el campus se ha reabierto.<\/p>\n\n\n\n<p>\u201cSe debe actuar con cordura y sobre todo sin mezquindad, por ello a partir de este momento he tomado la decisi\u00f3n de abstenerme de interferir en tanto se resuelve el conflicto de fondo, mientras tanto procurar\u00e9 desarrollar mis actividades personales de manera ordinaria\u201d, anunci\u00f3.<\/p>\n\n\n\n<p>Record\u00f3 que hay un proceso judicial contra la familia Jenkins por el supuesto desfalco de la Fundaci\u00f3n Mary Street Jenkins que tendr\u00e1 que resolverse y castigar a los responsables, por lo que pidi\u00f3 que no se manipule a los estudiantes para \u201cencubrir\u201d las \u201ctropel\u00edas\u201d que se cometieron.<\/p>\n\n\n\n<p>Tambi\u00e9n, el gobernador Miguel Barbosa Huerta llam\u00f3 a los estudiantes y al personal de la UDLAP para que regresen a actividades luego de que el campus est\u00e1 abierto y no hay \u201cninguna obstrucci\u00f3n de nadie\u201d.<\/p>\n\n\n\n<p>\u201cLa otra es querer volver el tema del campus como la estrategia de defensa de los que saquearon la Fundaci\u00f3n Mary Street Jenkins, eso es, pero yo voy a ser cuidadoso\u201d, expres\u00f3.<\/p>\n\n\n\n<p>Sin embargo, Carlos Robledo, abogado de la Fundaci\u00f3n Universidad de las Am\u00e9ricas Puebla (UDLAP) que encabeza Margarita Jenkins, dijo que el juez 60 de lo civil de la Ciudad de M\u00e9xico es el que debe cumplir el resolutivo de un amparo federal que ordena la entrega del campus de la universidad a la anterior administraci\u00f3n.<\/p>\n\n\n\n<p>El representante legal se\u00f1al\u00f3 que el exhorto que hizo el martes el Tribunal Superior de Justicia del Estado para que la comunidad universitaria retomara las instalaciones y sus actividades acad\u00e9micas \u201cfue s\u00f3lo un bonito show\u201d, pero que no tiene validez jur\u00eddica, ni es el camino legal para resolver el conflicto en la casa de estudios que ya tiene siete meses tomada.&nbsp;<\/p>\n\n\n\n<p>\u201cLo que trataron de hacer ayer es otro enga\u00f1o m\u00e1s de los tantos que han estado haciendo, en donde s\u00f3lo se burlaron de nueva cuenta de los muchachos, de los acad\u00e9micos y de la sociedad en general, porque mienten\u201d, puntualiz\u00f3.<\/p>\n\n\n\n<p>Dijo que est\u00e1n dispuestos a entablar di\u00e1logo con el gobierno estatal, pero que no ceder\u00e1n en cuanto al cumplimiento de la resoluci\u00f3n judicial para que se devuelva el campus a como estaba antes del 29 de junio de 2021.\u00a0<\/p>\n\n\n\n<p>Fuente: https:\/\/www.proceso.com.mx\/nacional\/estados\/2022\/2\/2\/estudiantes-rechazan-regresar-la-udlap-con-patronato-nombrado-por-gobierno-de-puebla-280255.html<\/p>\n","protected":false},"excerpt":{"rendered":"<p>Los estudiantes emitieron un comunicado en el que demandaron a la comunidad universitaria hacer caso omiso al llamado que hizo [&hellip;]<\/p>\n","protected":false},"author":1,"featured_media":20506,"comment_status":"open","ping_status":"open","sticky":false,"template":"","format":"standard","meta":{"site-sidebar-layout":"default","site-content-layout":"","ast-site-content-layout":"default","site-content-style":"default","site-sidebar-style":"default","ast-global-header-display":"","ast-banner-title-visibility":"","ast-main-header-display":"","ast-hfb-above-header-display":"","ast-hfb-below-header-display":"","ast-hfb-mobile-header-display":"","site-post-title":"","ast-breadcrumbs-content":"","ast-featured-img":"","footer-sml-layout":"","theme-transparent-header-meta":"","adv-header-id-meta":"","stick-header-meta":"","header-above-stick-meta":"","header-main-stick-meta":"","header-below-stick-meta":"","astra-migrate-meta-layouts":"default","ast-page-background-enabled":"default","ast-page-background-meta":{"desktop":{"background-color":"var(--ast-global-color-4)","background-image":"","background-repeat":"repeat","background-position":"center center","background-size":"auto","background-attachment":"scroll","background-type":"","background-media":"","overlay-type":"","overlay-color":"","overlay-opacity":"","overlay-gradient":""},"tablet":{"background-color":"","background-image":"","background-repeat":"repeat","background-position":"center center","background-size":"auto","background-attachment":"scroll","background-type":"","background-media":"","overlay-type":"","overlay-color":"","overlay-opacity":"","overlay-gradient":""},"mobile":{"background-color":"","background-image":"","background-repeat":"repeat","background-position":"center center","background-size":"auto","background-attachment":"scroll","background-type":"","background-media":"","overlay-type":"","overlay-color":"","overlay-opacity":"","overlay-gradient":""}},"ast-content-background-meta":{"desktop":{"background-color":"var(--ast-global-color-5)","background-image":"","background-repeat":"repeat","background-position":"center center","background-size":"auto","background-attachment":"scroll","background-type":"","background-media":"","overlay-type":"","overlay-color":"","overlay-opacity":"","overlay-gradient":""},"tablet":{"background-color":"var(--ast-global-color-5)","background-image":"","background-repeat":"repeat","background-position":"center center","background-size":"auto","background-attachment":"scroll","background-type":"","background-media":"","overlay-type":"","overlay-color":"","overlay-opacity":"","overlay-gradient":""},"mobile":{"background-color":"var(--ast-global-color-5)","background-image":"","background-repeat":"repeat","background-position":"center center","background-size":"auto","background-attachment":"scroll","background-type":"","background-media":"","overlay-type":"","overlay-color":"","overlay-opacity":"","overlay-gradient":""}},"footnotes":""},"categories":[8],"tags":[2642,7364,2175,73,7363],"class_list":["post-20505","post","type-post","status-publish","format-standard","has-post-thumbnail","hentry","category-noticias","tag-armando-rios-piter","tag-carlos-robledo","tag-fundacion-jenkins","tag-miguel-barbosa","tag-udlap-libre"],"_links":{"self":[{"href":"https:\/\/losperiodistas.com.mx\/portal\/wp-json\/wp\/v2\/posts\/20505","targetHints":{"allow":["GET"]}}],"collection":[{"href":"https:\/\/losperiodistas.com.mx\/portal\/wp-json\/wp\/v2\/posts"}],"about":[{"href":"https:\/\/losperiodistas.com.mx\/portal\/wp-json\/wp\/v2\/types\/post"}],"author":[{"embeddable":true,"href":"https:\/\/losperiodistas.com.mx\/portal\/wp-json\/wp\/v2\/users\/1"}],"replies":[{"embeddable":true,"href":"https:\/\/losperiodistas.com.mx\/portal\/wp-json\/wp\/v2\/comments?post=20505"}],"version-history":[{"count":1,"href":"https:\/\/losperiodistas.com.mx\/portal\/wp-json\/wp\/v2\/posts\/20505\/revisions"}],"predecessor-version":[{"id":20507,"href":"https:\/\/losperiodistas.com.mx\/portal\/wp-json\/wp\/v2\/posts\/20505\/revisions\/20507"}],"wp:featuredmedia":[{"embeddable":true,"href":"https:\/\/losperiodistas.com.mx\/portal\/wp-json\/wp\/v2\/media\/20506"}],"wp:attachment":[{"href":"https:\/\/losperiodistas.com.mx\/portal\/wp-json\/wp\/v2\/media?parent=20505"}],"wp:term":[{"taxonomy":"category","embeddable":true,"href":"https:\/\/losperiodistas.com.mx\/portal\/wp-json\/wp\/v2\/categories?post=20505"},{"taxonomy":"post_tag","embeddable":true,"href":"https:\/\/losperiodistas.com.mx\/portal\/wp-json\/wp\/v2\/tags?post=20505"}],"curies":[{"name":"wp","href":"https:\/\/api.w.org\/{rel}","templated":true}]}}