{"id":20502,"date":"2022-02-03T06:56:45","date_gmt":"2022-02-03T12:56:45","guid":{"rendered":"http:\/\/losperiodistas.com.mx\/portal\/?p=20502"},"modified":"2022-02-03T06:56:46","modified_gmt":"2022-02-03T12:56:46","slug":"rechaza-bancada-del-pan-puebla-haber-incitado-violencia-en-la-udlap-id","status":"publish","type":"post","link":"https:\/\/losperiodistas.com.mx\/portal\/rechaza-bancada-del-pan-puebla-haber-incitado-violencia-en-la-udlap-id\/","title":{"rendered":"Rechaza bancada del PAN Puebla haber incitado violencia en la UDLAP | ID"},"content":{"rendered":"\n<p style=\"font-size:17px\"><em>Diputados locales se\u00f1alaron en el caso de la UDLAP, que m\u00e1s all\u00e1 de la ruta judicial, la petici\u00f3n es que el gobierno estatal se sensibilice ante la situaci\u00f3n que viven estudiantes, profesores y personal administrativo.<\/em><\/p>\n\n\n\n<figure class=\"wp-block-image size-large\"><img fetchpriority=\"high\" decoding=\"async\" width=\"1024\" height=\"581\" src=\"https:\/\/losperiodistas.com.mx\/portal\/wp-content\/uploads\/2022\/02\/Captura-de-Pantalla-2022-02-03-a-las-6.53.12-1024x581.jpg\" alt=\"\" class=\"wp-image-20503\" srcset=\"https:\/\/losperiodistas.com.mx\/portal\/wp-content\/uploads\/2022\/02\/Captura-de-Pantalla-2022-02-03-a-las-6.53.12-1024x581.jpg 1024w, https:\/\/losperiodistas.com.mx\/portal\/wp-content\/uploads\/2022\/02\/Captura-de-Pantalla-2022-02-03-a-las-6.53.12-300x170.jpg 300w, https:\/\/losperiodistas.com.mx\/portal\/wp-content\/uploads\/2022\/02\/Captura-de-Pantalla-2022-02-03-a-las-6.53.12-768x436.jpg 768w, https:\/\/losperiodistas.com.mx\/portal\/wp-content\/uploads\/2022\/02\/Captura-de-Pantalla-2022-02-03-a-las-6.53.12.jpg 1280w\" sizes=\"(max-width: 1024px) 100vw, 1024px\" \/><figcaption>Foto: Intolerancia Diario<\/figcaption><\/figure>\n\n\n\n<p><\/p>\n\n\n\n<p class=\"has-vivid-cyan-blue-color has-text-color has-medium-font-size\">FRANCISCO S\u00c1NCHEZ \/ INTOLERANCIA DIARIO<\/p>\n\n\n\n<p>Los integrantes de la bancada del Partido Acci\u00f3n Nacional (<strong>PAN<\/strong>) en el&nbsp;<strong>Congreso del Estado<\/strong>, rechazaron haber llamado a la violencia para que se resuelva el problema en la Universidad de las Am\u00e9ricas Puebla (<strong>UDLAP<\/strong>), e indicaron que est\u00e1n actuando como representantes ciudadanos, sin darle un tinte partidista al movimiento.<\/p>\n\n\n\n<p>Por medio de un comunicado de prensa los legisladores que acudieron a las instalaciones del&nbsp;<strong>Campus universitario<\/strong>, aseguraron que la bancada panista siempre levantar\u00e1 la voz contra cualquier atropello que se presente en&nbsp;<strong>Puebla<\/strong>. \u201c<em>Somos voz de las y los ciudadanos, a quienes escuchamos y apoyaremos desde nuestro \u00e1mbito de competencia<\/em>.\u201d<\/p>\n\n\n\n<p>\u201c<em>Aclaramos que nuestro actuar siempre ha sido y ser\u00e1 a favor de las y los ciudadanos. Que quede claro: Siempre estaremos del lado de la sociedad a pesar de que incomode a otros actores<\/em>.\u201d<\/p>\n\n\n\n<p>Asimismo se\u00f1alaron en el caso de la&nbsp;<strong>UDLAP<\/strong>, que m\u00e1s all\u00e1 de la ruta judicial, la petici\u00f3n es que el&nbsp;<strong>Gobierno de Puebla<\/strong>&nbsp;se sensibilice ante la situaci\u00f3n que viven estudiantes, profesores y personal administrativo, para que, sin alterar los procesos judiciales, la comunidad universitaria retorne tranquilamente y con confianza a sus actividades presenciales.<\/p>\n\n\n\n<p>Precisaron \u201c<em>Es importante resaltar que las y los integrantes del Grupo Legislativo del Partido Acci\u00f3n Nacional, nunca incitaremos ni formaremos parte de cualquier tipo de violencia pol\u00edtica contra las mujeres expresada en medios digitales o en cualquier otra forma como la presentada ayer en redes sociales contra integrantes del Congreso Local<\/em>.\u201d<\/p>\n\n\n\n<p>\u201c<em>Confiamos en que haya un acuerdo por parte de las instancias legales que beneficie a la comunidad universitaria de la UDLAP y a los municipios de San Andr\u00e9s y San Pedro Cholula para reactivar su econom\u00eda<\/em>.\u201d<\/p>\n\n\n\n<p><strong>El activismo de los legisladores<\/strong><\/p>\n\n\n\n<p>El pasado martes durante y tras la comparecencia del secretario de Educaci\u00f3n P\u00fablica,&nbsp;<strong>Melit\u00f3n Lozano<\/strong>,&nbsp;en el Congreso, los legisladores de&nbsp;<strong>Acci\u00f3n Nacional<\/strong>&nbsp;llevaron el tema de la&nbsp;<strong>UDLAP<\/strong>&nbsp;a la tribuna del&nbsp;<strong>Congreso del Estado<\/strong>.<\/p>\n\n\n\n<p>Primero la legisladora panista&nbsp;<strong>Aurora Sierra&nbsp;<\/strong>cuestion\u00f3 al funcionario sobre &nbsp;qu\u00e9 acciones ha realizado para la liberaci\u00f3n del campus de la Universidad de las Am\u00e9ricas Puebla (<strong>UDLAP<\/strong>), situaci\u00f3n que ha puesto en \u201c<em>jaque a la estabilidad de m\u00e1s de 10 mil familias<\/em>\u201d y se ha afectado la econom\u00eda de&nbsp;<strong>San Andr\u00e9s<\/strong>&nbsp;y&nbsp;<strong>San Pedro Cholula<\/strong>, dijo la diputada Sierra, en representaci\u00f3n de la bancada panista.<\/p>\n\n\n\n<p>\u201c<em>Aunque sabemos que conflicto est\u00e1 en manos de las autoridades judiciales pertinentes deseamos saber\u2026 qu\u00e9 ha hecho para responder a la incertidumbre que ha puesto en jaque a la estabilidad m\u00e1s de 10 mil familias<\/em>\u201d, se\u00f1al\u00f3.<\/p>\n\n\n\n<p>Sin embargo el funcionario evit\u00f3 hacer alg\u00fan pronunciamiento al respecto y respondi\u00f3 sobre otra pregunta formulada.<\/p>\n\n\n\n<p>En asuntos generales la diputada del PAN&nbsp;<strong>M\u00f3nica Rodr\u00edguez Della&nbsp;Vecchia<\/strong>&nbsp;subi\u00f3 a la tribuna para presentar un punto de acuerdo a fin de que el gobierno del estado libere las instalaciones del campus.<\/p>\n\n\n\n<p>Mientras los dem\u00e1s integrantes de la bancada la secundaron con pancartas pidiendo respeto a la casa de estudios.<\/p>\n\n\n\n<p>Posteriormente toda la bancada fue al campus universitario para entrevistarse con estudiantes y denunciar la presunta toma por parte de las instalaciones por las autoridades locales.<\/p>\n\n\n\n<p>Fuente: https:\/\/intoleranciadiario.com\/articles\/politica\/2022\/02\/02\/991115-rechaza-bancada-del-pan-puebla-haber-incitado-violencia-en-la-udlap.html<\/p>\n","protected":false},"excerpt":{"rendered":"<p>Diputados locales se\u00f1alaron en el caso de la UDLAP, que m\u00e1s all\u00e1 de la ruta judicial, la petici\u00f3n es que [&hellip;]<\/p>\n","protected":false},"author":1,"featured_media":20503,"comment_status":"open","ping_status":"open","sticky":false,"template":"","format":"standard","meta":{"site-sidebar-layout":"default","site-content-layout":"","ast-site-content-layout":"default","site-content-style":"default","site-sidebar-style":"default","ast-global-header-display":"","ast-banner-title-visibility":"","ast-main-header-display":"","ast-hfb-above-header-display":"","ast-hfb-below-header-display":"","ast-hfb-mobile-header-display":"","site-post-title":"","ast-breadcrumbs-content":"","ast-featured-img":"","footer-sml-layout":"","theme-transparent-header-meta":"","adv-header-id-meta":"","stick-header-meta":"","header-above-stick-meta":"","header-main-stick-meta":"","header-below-stick-meta":"","astra-migrate-meta-layouts":"default","ast-page-background-enabled":"default","ast-page-background-meta":{"desktop":{"background-color":"var(--ast-global-color-4)","background-image":"","background-repeat":"repeat","background-position":"center center","background-size":"auto","background-attachment":"scroll","background-type":"","background-media":"","overlay-type":"","overlay-color":"","overlay-opacity":"","overlay-gradient":""},"tablet":{"background-color":"","background-image":"","background-repeat":"repeat","background-position":"center center","background-size":"auto","background-attachment":"scroll","background-type":"","background-media":"","overlay-type":"","overlay-color":"","overlay-opacity":"","overlay-gradient":""},"mobile":{"background-color":"","background-image":"","background-repeat":"repeat","background-position":"center center","background-size":"auto","background-attachment":"scroll","background-type":"","background-media":"","overlay-type":"","overlay-color":"","overlay-opacity":"","overlay-gradient":""}},"ast-content-background-meta":{"desktop":{"background-color":"var(--ast-global-color-5)","background-image":"","background-repeat":"repeat","background-position":"center center","background-size":"auto","background-attachment":"scroll","background-type":"","background-media":"","overlay-type":"","overlay-color":"","overlay-opacity":"","overlay-gradient":""},"tablet":{"background-color":"var(--ast-global-color-5)","background-image":"","background-repeat":"repeat","background-position":"center center","background-size":"auto","background-attachment":"scroll","background-type":"","background-media":"","overlay-type":"","overlay-color":"","overlay-opacity":"","overlay-gradient":""},"mobile":{"background-color":"var(--ast-global-color-5)","background-image":"","background-repeat":"repeat","background-position":"center center","background-size":"auto","background-attachment":"scroll","background-type":"","background-media":"","overlay-type":"","overlay-color":"","overlay-opacity":"","overlay-gradient":""}},"footnotes":""},"categories":[8],"tags":[7362,3702,2379],"class_list":["post-20502","post","type-post","status-publish","format-standard","has-post-thumbnail","hentry","category-noticias","tag-aurora-sierra","tag-monica-rodriguez-della-vecchia","tag-udlap"],"_links":{"self":[{"href":"https:\/\/losperiodistas.com.mx\/portal\/wp-json\/wp\/v2\/posts\/20502","targetHints":{"allow":["GET"]}}],"collection":[{"href":"https:\/\/losperiodistas.com.mx\/portal\/wp-json\/wp\/v2\/posts"}],"about":[{"href":"https:\/\/losperiodistas.com.mx\/portal\/wp-json\/wp\/v2\/types\/post"}],"author":[{"embeddable":true,"href":"https:\/\/losperiodistas.com.mx\/portal\/wp-json\/wp\/v2\/users\/1"}],"replies":[{"embeddable":true,"href":"https:\/\/losperiodistas.com.mx\/portal\/wp-json\/wp\/v2\/comments?post=20502"}],"version-history":[{"count":1,"href":"https:\/\/losperiodistas.com.mx\/portal\/wp-json\/wp\/v2\/posts\/20502\/revisions"}],"predecessor-version":[{"id":20504,"href":"https:\/\/losperiodistas.com.mx\/portal\/wp-json\/wp\/v2\/posts\/20502\/revisions\/20504"}],"wp:featuredmedia":[{"embeddable":true,"href":"https:\/\/losperiodistas.com.mx\/portal\/wp-json\/wp\/v2\/media\/20503"}],"wp:attachment":[{"href":"https:\/\/losperiodistas.com.mx\/portal\/wp-json\/wp\/v2\/media?parent=20502"}],"wp:term":[{"taxonomy":"category","embeddable":true,"href":"https:\/\/losperiodistas.com.mx\/portal\/wp-json\/wp\/v2\/categories?post=20502"},{"taxonomy":"post_tag","embeddable":true,"href":"https:\/\/losperiodistas.com.mx\/portal\/wp-json\/wp\/v2\/tags?post=20502"}],"curies":[{"name":"wp","href":"https:\/\/api.w.org\/{rel}","templated":true}]}}