{"id":20475,"date":"2022-02-02T11:14:10","date_gmt":"2022-02-02T17:14:10","guid":{"rendered":"http:\/\/losperiodistas.com.mx\/portal\/?p=20475"},"modified":"2022-02-02T11:14:11","modified_gmt":"2022-02-02T17:14:11","slug":"biden-aprueba-el-envio-de-tropas-de-eeuu-al-este-de-europa-para-contener-la-amenaza-de-rusia-ser","status":"publish","type":"post","link":"https:\/\/losperiodistas.com.mx\/portal\/biden-aprueba-el-envio-de-tropas-de-eeuu-al-este-de-europa-para-contener-la-amenaza-de-rusia-ser\/","title":{"rendered":"Biden aprueba el env\u00edo de tropas de EEUU al este de Europa para contener la amenaza de Rusia | SER"},"content":{"rendered":"\n<p style=\"font-size:18px\"><em>El nuevo refuerzo norteamericano se har\u00e1 efectivo \u00aben los pr\u00f3ximos d\u00edas\u00bb, seg\u00fan fuentes del Gobierno<\/em><\/p>\n\n\n\n<div class=\"wp-block-image\"><figure class=\"aligncenter size-large\"><img fetchpriority=\"high\" decoding=\"async\" width=\"650\" height=\"488\" src=\"https:\/\/losperiodistas.com.mx\/portal\/wp-content\/uploads\/2022\/02\/3DEWIOANR3IXFYXV6SP2Z35WDE.jpeg\" alt=\"\" class=\"wp-image-20476\" srcset=\"https:\/\/losperiodistas.com.mx\/portal\/wp-content\/uploads\/2022\/02\/3DEWIOANR3IXFYXV6SP2Z35WDE.jpeg 650w, https:\/\/losperiodistas.com.mx\/portal\/wp-content\/uploads\/2022\/02\/3DEWIOANR3IXFYXV6SP2Z35WDE-300x225.jpeg 300w\" sizes=\"(max-width: 650px) 100vw, 650px\" \/><figcaption>El presidente de EEUU, Joe Biden, este martes.\u00a0\/\u00a0LEAH MILLIS\u00a0(Reuters)<\/figcaption><\/figure><\/div>\n\n\n\n<p class=\"has-vivid-cyan-blue-color has-text-color has-medium-font-size\">AGENCIAS \/ CADENA SER<\/p>\n\n\n\n<p>MADRID<\/p>\n\n\n\n<p>El presidente de EEUU,&nbsp;<a href=\"https:\/\/cadenaser.com\/tag\/joseph_biden\/a\/\" target=\"_blank\" rel=\"noreferrer noopener\">Joe Biden<\/a>, ha autorizado el env\u00edo de m\u00e1s militares al este de Europa, en un claro gesto de apoyo a sus aliados frente a potenciales amenazas derivadas de&nbsp;<a href=\"https:\/\/cadenaser.com\/tag\/rusia\/a\/\" target=\"_blank\" rel=\"noreferrer noopener\">Rusia<\/a>, que ha desplegado a m\u00e1s de 100.000 efectivos cerca de las fronteras con&nbsp;<a href=\"https:\/\/cadenaser.com\/tag\/ucrania\/a\/\" target=\"_blank\" rel=\"noreferrer noopener\">Ucrania<\/a>.<\/p>\n\n\n\n<p>En concreto, Biden ha aprobado formalmente el despliegue de 3.000 militares estadounidenses en pa\u00edses aliados, seg\u00fan informaron este mi\u00e9rcoles medios de EEUU. Cerca de 2.000 tropas ser\u00e1n trasladadas a Polonia y Alemania, mientras que 1.000 se posicionar\u00e1n en Ruman\u00eda, indic\u00f3 el diario Wall Street Journal, que cita fuentes oficiales.<\/p>\n\n\n\n<p>A la espera del anuncio oficial del Departamento de Defensa, el nuevo refuerzo norteamericano se har\u00e1 efectivo \u00aben los pr\u00f3ximos d\u00edas\u00bb, seg\u00fan fuentes del Gobierno citadas este mi\u00e9rcoles por varios medios norteamericanos, entre ellos la cadena CNN o el peri\u00f3dico &#8216;The Washington Post&#8217;.<\/p>\n\n\n\n<p>M\u00e1s informaci\u00f3n<\/p>\n\n\n\n<ul class=\"wp-block-list\"><li><a href=\"https:\/\/cadenaser.com\/2022\/02\/01\/johnson-asegura-desde-kiev-que-si-rusia-invade-ucrania-sera-un-desastre-politico-y-militar\/\">Johnson asegura desde Kiev que si Rusia invade Ucrania ser\u00e1 \u00abun desastre pol\u00edtico y militar\u00bb<\/a><\/li><li><a href=\"https:\/\/cadenaser.com\/ser\/2022\/01\/27\/internacional\/1643284000_696099.html\">\u00abSi Rusia decide venir, nosotros sabremos qu\u00e9 hacer\u00bb: el testimonio de un brigadista de defensa ucraniano<\/a><\/li><\/ul>\n\n\n\n<p>Estados Unidos ya hab\u00eda puesto en preaviso a 8.500 efectivos en caso de que la Alianza necesitase un despliegue r\u00e1pido, si bien por ahora todo se har\u00e1 conforme a acuerdos bilaterales.<\/p>\n\n\n\n<h3 class=\"wp-block-heading\">\u00abNo van a combatir en Ucrania\u00bb<\/h3>\n\n\n\n<p>\u00abEstas fuerzas no van a combatir en Ucrania. No son movimientos permanentes. Responden a las condiciones actuales\u00bb, han explicado las fuentes al diario &#8216;The Washington Post&#8217;.<\/p>\n\n\n\n<p>Mosc\u00fa ha criticado en reiteradas ocasiones la implicaci\u00f3n militar norteamericana en territorio europeo, en la medida en que lo percibe como una amenaza. Tambi\u00e9n ha pedido a la OTAN que frene su expansi\u00f3n en el este de Europa.<\/p>\n\n\n\n<p>La tensi\u00f3n se ha disparado en el \u00faltimo mes por la concentraci\u00f3n de m\u00e1s de 100.000 soldados rusos en la frontera con Ucrania. Aunque Mosc\u00fa ha repetido en varias ocasiones que no quiere una guerra con Kiev y que no amenaza a Ucrania, Estados Unidos considera que el ataque de ruso es \u00abinminente\u00bb.<\/p>\n\n\n\n<p><img decoding=\"async\" src=\"https:\/\/sdmedia.playser.cadenaser.com\/playser\/20221\/20\/5221b6c614c3be4e19338c85e793b9f6_1642668691_video_1642668733.jpg\" alt=\"Ver v\u00eddeo \/ Biden cree que Rusia invadir\u00e1 Ucrania\"><a href=\"javascript:void(0);\">Reproducir<\/a>Biden cree que Rusia invadir\u00e1 UcraniaReproducir<a href=\"javascript:void(0);\">VolumenPantalla completaCompartir<\/a>M\u00c1S<\/p>\n\n\n\n<p>Fuente: https:\/\/cadenaser.com\/2022\/02\/02\/biden-aprueba-el-envio-de-tropas-al-este-de-europa\/<\/p>\n","protected":false},"excerpt":{"rendered":"<p>El nuevo refuerzo norteamericano se har\u00e1 efectivo \u00aben los pr\u00f3ximos d\u00edas\u00bb, seg\u00fan fuentes del Gobierno AGENCIAS \/ CADENA SER MADRID [&hellip;]<\/p>\n","protected":false},"author":1,"featured_media":20476,"comment_status":"open","ping_status":"open","sticky":false,"template":"","format":"standard","meta":{"site-sidebar-layout":"default","site-content-layout":"","ast-site-content-layout":"default","site-content-style":"default","site-sidebar-style":"default","ast-global-header-display":"","ast-banner-title-visibility":"","ast-main-header-display":"","ast-hfb-above-header-display":"","ast-hfb-below-header-display":"","ast-hfb-mobile-header-display":"","site-post-title":"","ast-breadcrumbs-content":"","ast-featured-img":"","footer-sml-layout":"","theme-transparent-header-meta":"","adv-header-id-meta":"","stick-header-meta":"","header-above-stick-meta":"","header-main-stick-meta":"","header-below-stick-meta":"","astra-migrate-meta-layouts":"default","ast-page-background-enabled":"default","ast-page-background-meta":{"desktop":{"background-color":"var(--ast-global-color-4)","background-image":"","background-repeat":"repeat","background-position":"center center","background-size":"auto","background-attachment":"scroll","background-type":"","background-media":"","overlay-type":"","overlay-color":"","overlay-opacity":"","overlay-gradient":""},"tablet":{"background-color":"","background-image":"","background-repeat":"repeat","background-position":"center center","background-size":"auto","background-attachment":"scroll","background-type":"","background-media":"","overlay-type":"","overlay-color":"","overlay-opacity":"","overlay-gradient":""},"mobile":{"background-color":"","background-image":"","background-repeat":"repeat","background-position":"center center","background-size":"auto","background-attachment":"scroll","background-type":"","background-media":"","overlay-type":"","overlay-color":"","overlay-opacity":"","overlay-gradient":""}},"ast-content-background-meta":{"desktop":{"background-color":"var(--ast-global-color-5)","background-image":"","background-repeat":"repeat","background-position":"center center","background-size":"auto","background-attachment":"scroll","background-type":"","background-media":"","overlay-type":"","overlay-color":"","overlay-opacity":"","overlay-gradient":""},"tablet":{"background-color":"var(--ast-global-color-5)","background-image":"","background-repeat":"repeat","background-position":"center center","background-size":"auto","background-attachment":"scroll","background-type":"","background-media":"","overlay-type":"","overlay-color":"","overlay-opacity":"","overlay-gradient":""},"mobile":{"background-color":"var(--ast-global-color-5)","background-image":"","background-repeat":"repeat","background-position":"center center","background-size":"auto","background-attachment":"scroll","background-type":"","background-media":"","overlay-type":"","overlay-color":"","overlay-opacity":"","overlay-gradient":""}},"footnotes":""},"categories":[8],"tags":[7151,2231,6232],"class_list":["post-20475","post","type-post","status-publish","format-standard","has-post-thumbnail","hentry","category-noticias","tag-putin","tag-rusia","tag-ucrania"],"_links":{"self":[{"href":"https:\/\/losperiodistas.com.mx\/portal\/wp-json\/wp\/v2\/posts\/20475","targetHints":{"allow":["GET"]}}],"collection":[{"href":"https:\/\/losperiodistas.com.mx\/portal\/wp-json\/wp\/v2\/posts"}],"about":[{"href":"https:\/\/losperiodistas.com.mx\/portal\/wp-json\/wp\/v2\/types\/post"}],"author":[{"embeddable":true,"href":"https:\/\/losperiodistas.com.mx\/portal\/wp-json\/wp\/v2\/users\/1"}],"replies":[{"embeddable":true,"href":"https:\/\/losperiodistas.com.mx\/portal\/wp-json\/wp\/v2\/comments?post=20475"}],"version-history":[{"count":1,"href":"https:\/\/losperiodistas.com.mx\/portal\/wp-json\/wp\/v2\/posts\/20475\/revisions"}],"predecessor-version":[{"id":20477,"href":"https:\/\/losperiodistas.com.mx\/portal\/wp-json\/wp\/v2\/posts\/20475\/revisions\/20477"}],"wp:featuredmedia":[{"embeddable":true,"href":"https:\/\/losperiodistas.com.mx\/portal\/wp-json\/wp\/v2\/media\/20476"}],"wp:attachment":[{"href":"https:\/\/losperiodistas.com.mx\/portal\/wp-json\/wp\/v2\/media?parent=20475"}],"wp:term":[{"taxonomy":"category","embeddable":true,"href":"https:\/\/losperiodistas.com.mx\/portal\/wp-json\/wp\/v2\/categories?post=20475"},{"taxonomy":"post_tag","embeddable":true,"href":"https:\/\/losperiodistas.com.mx\/portal\/wp-json\/wp\/v2\/tags?post=20475"}],"curies":[{"name":"wp","href":"https:\/\/api.w.org\/{rel}","templated":true}]}}