{"id":20469,"date":"2022-02-02T07:47:35","date_gmt":"2022-02-02T13:47:35","guid":{"rendered":"http:\/\/losperiodistas.com.mx\/portal\/?p=20469"},"modified":"2022-02-02T07:47:36","modified_gmt":"2022-02-02T13:47:36","slug":"ciberataques-la-otra-guerra-de-rusia-publico","status":"publish","type":"post","link":"https:\/\/losperiodistas.com.mx\/portal\/ciberataques-la-otra-guerra-de-rusia-publico\/","title":{"rendered":"Ciberataques: la &#8216;otra&#8217; guerra de Rusia | P\u00fablico"},"content":{"rendered":"\n<p style=\"font-size:18px\"><em>Al menos desde 2007, la ciberguerra es un hecho aunque no siempre es visible. Estamos en tiempos de guerra hibrida, en los que la amenaza militar viene acompa\u00f1ada de intentos de desestabilizaci\u00f3n, y las v\u00edctimas siempre son inocentes.<\/em><\/p>\n\n\n\n<figure class=\"wp-block-image size-large\"><img fetchpriority=\"high\" decoding=\"async\" width=\"990\" height=\"660\" src=\"https:\/\/losperiodistas.com.mx\/portal\/wp-content\/uploads\/2022\/02\/61f94b8d54367.r_1643782899707.0-0-2986-1994.jpeg\" alt=\"\" class=\"wp-image-20470\" srcset=\"https:\/\/losperiodistas.com.mx\/portal\/wp-content\/uploads\/2022\/02\/61f94b8d54367.r_1643782899707.0-0-2986-1994.jpeg 990w, https:\/\/losperiodistas.com.mx\/portal\/wp-content\/uploads\/2022\/02\/61f94b8d54367.r_1643782899707.0-0-2986-1994-300x200.jpeg 300w, https:\/\/losperiodistas.com.mx\/portal\/wp-content\/uploads\/2022\/02\/61f94b8d54367.r_1643782899707.0-0-2986-1994-768x512.jpeg 768w\" sizes=\"(max-width: 990px) 100vw, 990px\" \/><figcaption>Ilustraci\u00f3n sobre ciberataques. -Dado Rublik \/ REUTERS<\/figcaption><\/figure>\n\n\n\n<p class=\"has-vivid-cyan-blue-color has-text-color has-medium-font-size\">PABLO ROMERO \/ P\u00daBLICO<\/p>\n\n\n\n<p id=\"m364-363-365\">Es la guerra \u00abque no se ve\u00bb pero cuyos ataques pueden afectar de lleno a sectores enteros de un pa\u00eds. La llamada&nbsp;<a href=\"https:\/\/www.publico.es\/internacional\/ue-prepara-rearme-guerras-hibridas-siglo-xxi.html\">guerra h\u00edbrida<\/a>&nbsp;tiene&nbsp;<strong>una cara digital que estamos viendo en forma de ciberataques<\/strong>&nbsp;por el conflicto que mantiene Rusia en Ucrania. Las armas no son visibles pero el da\u00f1o que hacen pueden ser enorme.<\/p>\n\n\n\n<p id=\"m369-1-370\"><strong>Marta Beltr\u00e1n<\/strong>, profesora de inform\u00e1tica de la universidad Rey Juan Carlos, investigadora en el campo de la ciberseguridad y co-fundadora del&nbsp;<em>Cybersecurity Cluster<\/em>&nbsp;del centro, recuerda que \u00abcuando hablamos de guerra h\u00edbrida -que no s\u00f3lo es tecnol\u00f3gica, sino diplom\u00e1tica, social, incluso migratoria- se habla de &#8216;paz formal&#8217; o de &#8216;zona gris&#8217;, y esto parece que responde a lo que hay ahora\u00bb en la zona fronteriza entre Rusia y Ucrania. \u00abNo es guerra convencional, pero s\u00ed&nbsp;<strong>se juega a desmoralizar a la sociedad, intentar influir en la opini\u00f3n p\u00fablica de otro estado y que deje de confiar en sus instituciones<\/strong>\u00ab, a\u00f1ade.<\/p>\n\n\n\n<p id=\"m374-2-375\">En el conflicto actual con Rusia ha habido ciberataques que parecen estar enmarcados en esta contienda que mantiene en alerta a la OTAN y al Gobierno de Putin.\u00a0<strong>Los efectos se han dejado ver en Ucrania<\/strong>, en donde varios ciberataques coordinados desde Rusia afectaron a cerca de\u00a0<strong>70 p\u00e1ginas web oficiales del Gobierno<\/strong>, entre ellas la web del Gabinete de Ministros, del ministerio de Asuntos Exteriores, de Emergencia y otros, durante la noche del 13 al 14 de enero.<\/p>\n\n\n\n<p id=\"m379-3-380\">El centro de seguridad inform\u00e1tica de&nbsp;<a href=\"https:\/\/www.publico.es\/internacional\/ucrania-denuncia-ciberataque-masivo-webs-del-gobierno.html\">Ucrania denunci\u00f3<\/a>&nbsp;la&nbsp;<strong>\u00abhuella rusa\u00bb<\/strong>&nbsp;tras el ciberataque masivo. \u00abPara ocultarla, los ciberatacantes deb\u00edan aludir (en su mensaje) a Bol\u00edn, la OUN-UPA, Gal\u00edchina, Polesia y otros territorios hist\u00f3ricos. Es evidente que eso f<strong>ue hecho deliberadamente para responsabilizar a Polonia<\/strong>&nbsp;del ciberataque\u00bb, inform\u00f3 entonces el Centro de Comunicaciones Estrat\u00e9gicas y Seguridad Inform\u00e1tica en un comunicado.<\/p>\n\n\n\n<p id=\"m384-4-385\">Poco m\u00e1s tarde, el Gobierno de Kiev&nbsp;<a href=\"https:\/\/www.publico.es\/internacional\/ucrania-asegura-pruebas-senalan-rusia-culpable-ciberataque.html\">aseguraba tener \u00abtodas las pruebas\u00bb<\/a>&nbsp;para acusar a Rusia de dichos ataques. Para Ucrania, el campo de batalla por la seguridad se libra en varios planos: el militar, diplom\u00e1tico, hist\u00f3rico y ahora digital, seg\u00fan afirm\u00f3 recientemente su ministro de Transformaci\u00f3n Digital del pa\u00eds.<\/p>\n\n\n\n<p id=\"m389-5-390\">Otras acciones digitales contra el pa\u00eds incluyen, por ejemplo, la\u00a0<strong><a href=\"https:\/\/www.publico.es\/internacional\/ciberataque-microsoft-detecta-codigo-maligno-redes-informaticas-agencias-ucrania.html\">infecci\u00f3n con c\u00f3digo<\/a>\u00a0malicioso en equipos y sistemas de Microsoft<\/strong>\u00a0bastante avanzado y que afecta a agencias del gobierno ucranianos relacionadas con la rama ejecutiva y emergencias, as\u00ed como a una empresa privada de servicios web y\u00a0<em>hosting<\/em>, que se sepa.<\/p>\n\n\n\n<p id=\"m394-6-395\">Incluso un in\u00f1edito ataque de&nbsp;<em>ransomware&nbsp;<\/em>contra los ferrocarriles privados de Bielorrusia, aliada de Rusia,&nbsp;<a href=\"https:\/\/hipertextual.com\/2022\/01\/hackean-con-ransomware-la-red-ferroviaria-de-bielorrusia-para-bloquear-a-las-tropas-rusas\" target=\"_blank\" rel=\"noreferrer noopener\">se ha enmarcado en este contexto de tensi\u00f3n<\/a>: sus supuestos autores justificaron la acci\u00f3n para impedir el traslado de tropas rusas a la frontera del conflicto.<\/p>\n\n\n\n<h2 class=\"wp-block-heading\" id=\"m399-7-400\">A fuego lento<\/h2>\n\n\n\n<p id=\"m404-8-405\">El a\u00f1o 2007 supuso un hito en cuanto a la visibilidad de una guerra soterrada en el mundo digital y en las redes. La opini\u00f3n p\u00fablica internacional supo de la existencia de la llamada &#8216;ciberguerra fr\u00eda&#8217; a ra\u00edz de aut\u00e9nticos &#8216;bombardeos inform\u00e1ticos&#8217; contra&nbsp;<em>Estonia&nbsp;<\/em>(ataques que llegaron a bloquear sistemas de algunos bancos y peri\u00f3dicos tras el derribo de una estatua en su capital, Tall\u00edn), o los casos de&nbsp;<em>espionaje industrial masivo<\/em>&nbsp;que sufrieron potencias como Alemania, Reino Unido o EEUU. Desde entonces, cay\u00f3 una barrera y&nbsp;<strong>los estados comenzaron a acusarse abierta y mutuamente de este tipo de ataques<\/strong>.<\/p>\n\n\n\n<figure class=\"wp-block-image\" id=\"m409-9-410\"><a href=\"https:\/\/www.publico.es\/uploads\/2022\/02\/01\/61f94bf4608ab.jpeg\"><img decoding=\"async\" src=\"https:\/\/www.publico.es\/files\/article_main\/uploads\/2022\/02\/01\/61f94bf4608ab.jpeg\" alt=\"Imagen de tropas ucranianas antia\u00e9reas cerca de la frontera con Rusia.\"\/><\/a><figcaption>Imagen de tropas ucranianas antia\u00e9reas cerca de la frontera con Rusia.&nbsp;<em>\u2014<\/em>&nbsp;<em>REUTERS<\/em><\/figcaption><\/figure>\n\n\n\n<p id=\"m426-10-427\">Las tensiones entre Occidente y Rusia se han ido cociendo a fuego lento, pero empezaron a escalar especialmente a partir la\u00a0<strong>adhesi\u00f3n de la pen\u00ednsula de Crimea y el conflicto en el Donb\u00e1s en 2014<\/strong>. La amenaza rusa de invadir Ucrania si no se repliegan las fuerzas de la OTAN est\u00e1 desencadenando desde el pasado a\u00f1o un periodo de inestabilidad que ha fomentado de alguna manera este tipo de acciones.<\/p>\n\n\n\n<p id=\"m431-11-432\">Por ejemplo, en el campo digital, el pasado mes de septiembre&nbsp;<a href=\"https:\/\/www.europapress.es\/internacional\/noticia-veintisiete-acusan-rusia-nuevos-ciberataques-contra-politicos-instituciones-ue-20210924141451.html\" target=\"_blank\" rel=\"noreferrer noopener\">la UE ya denunciaba ataques<\/a>&nbsp;contra pol\u00edticos e instituciones comunitarias, todos ellos provenientes de la Federaci\u00f3n Rusa. Y supone una escalada dif\u00edcilmente controlable.<\/p>\n\n\n\n<h2 class=\"wp-block-heading\" id=\"m436-12-437\">Una respuesta \u00abdif\u00edcil\u00bb<\/h2>\n\n\n\n<p id=\"m441-13-442\">El investigador principal del Real Instituto Elcano&nbsp;<strong>F\u00e9lix Arteaga<\/strong>&nbsp;considera que \u00absigue siendo muy dif\u00edcil establecer la atribuci\u00f3n de estos ataques,&nbsp;<strong>puede intuirse que detr\u00e1s hay un estado cuando el nivel de sofisticaci\u00f3n del ciberataque es tan elevado<\/strong>&nbsp;que s\u00f3lo cabe tener detr\u00e1s a un pa\u00eds como China o Rusia\u00bb. \u00abEste tipo de ataques necesitan mucha preparaci\u00f3n\u00bb, a\u00f1ade, en declaraciones a&nbsp;<em>P\u00fablico<\/em>.\u00bbEs aun muy dif\u00edcil establecer la atribuci\u00f3n de estos ataques\u00bb<\/p>\n\n\n\n<p id=\"m451-15-452\">Algo en lo que coincide plenamente la profesora Beltr\u00e1n, que apunta que \u00abhoy existe el&nbsp;<strong>cibercrimen como servicio<\/strong>\u00ab. \u00abHace muchos a\u00f1os la atribuci\u00f3n de un ataque cibern\u00e9tico es complicada, porque&nbsp;<strong>hay muchos agentes diferentes que pueden estar patrocinados por un r\u00e9gimen pero tambi\u00e9n puede ser organizaciones criminales o terroristas, agentes mercenarios<\/strong>, etc\u00bb, comenta, y a\u00f1ade adem\u00e1s que \u00ablas v\u00edctimas de estos ataques y de las posibles respuestas son personas inocentes, porque la parte m\u00e1s d\u00e9bil, la parte m\u00e1s vulnerable de la sociedad, se usa como arma en una guerra h\u00edbrida, como puede suceder si dejas en pleno invierno a la gente sin gas\u00bb.<\/p>\n\n\n\n<p id=\"m456-16-457\">As\u00ed, mientras que los ataques para tumbar sitios web (que suelen ser de denegaci\u00f3n de servicio, o DDoS) puede provenir de grupos nacionalistas afines a una causa, pero tambi\u00e9n de grupos criminales organizados, que ven en este maremagno&nbsp;una oportunidad de obtener beneficios econ\u00f3micos.&nbsp;<strong>O una mezcla de ellos<\/strong>, en una suerte de \u00abgrupos mercenarios digitales\u00bb que act\u00faan en su propio beneficio pero con el visto bueno o incluso la protecci\u00f3n de un estado.<\/p>\n\n\n\n<p id=\"m461-17-462\">\u00abTodo esto complica bastante la posibilidad de respuesta por parte de Occidente\u00bb, afirma Arteaga, \u00abporque el dilema es&nbsp;<strong>c\u00f3mo utilizar las capacidades ofensivas de represalia, o incluso preventivas, para evitar una escalada por culpa de una desproporci\u00f3n<\/strong>&nbsp;en la respuesta\u00bb. Seg\u00fan este experto, existe un riesgo de verse \u00abatrapado\u00bb ya que la respuesta a veces s\u00f3lo puede ser una defensa (algo relativamente f\u00e1cil, como desviar un ataque DDoS).<\/p>\n\n\n\n<h2 class=\"wp-block-heading\" id=\"m466-18-467\">El enemigo silencioso<\/h2>\n\n\n\n<p id=\"m471-19-472\">Algunos de los ataques m\u00e1s sofisticados (y da\u00f1inos) se producen de forma que \u00abpasan desapercibidos\u00bb, recuerda Arteaga, que incide en que&nbsp;<strong>\u00ablo preocupante es no saber\u00bb que existe c\u00f3digo malicioso en los propios sistemas<\/strong>. \u00abEste tipo de ataque consiste en la inserci\u00f3n de c\u00f3digo que no est\u00e1 &#8216;dormido&#8217;, sino que busca sistem\u00e1ticamente las vulnerabilidades hasta que llega la hora de ser activados\u00bb, explica el experto, que a\u00f1ade que \u00abese tipo de&nbsp;<em>malware&nbsp;<\/em>sofisticado le da a un gobierno -de cualquier bando- la capacidad de ponerlo en marcha en un momento de crisis\u00bb.\u00bbMuchos grupos criminales organizados se &#8216;aprovechan&#8217; de la situaci\u00f3n para actuar en su beneficio\u00bb<\/p>\n\n\n\n<p id=\"m481-21-482\">Existe la sospecha de que las grandes potencias tienen ya este tipo de&nbsp;<em>software&nbsp;<\/em>incrustado en los sistemas del contrario, a\u00f1ade el experto. \u00abLo vemos peri\u00f3dicamente, como por ejemplo el caso del&nbsp;<a href=\"https:\/\/www.publico.es\/internacional\/mayor-red-oleoductos-eeuu-suspende-operaciones-ciberataque.html\">ataque al oleoducto de Colonial en EEUU<\/a>, cuyo origen hab\u00eda pasado desapercibido, cosa que convierte a esta herramienta en un medio de presi\u00f3n extraordinario\u00bb.<\/p>\n\n\n\n<p id=\"m486-22-487\">\u00abLo dif\u00edcil de esta hibridaci\u00f3n, adem\u00e1s, es que muchos grupos criminales organizados se &#8216;aprovechan&#8217; de la situaci\u00f3n para actuar en su propio beneficio\u00bb, recuerda Arteaga. por su parte, Beltr\u00e1n insiste en que, al final, es\u00a0<strong>la parte m\u00e1s vulnerable de la sociedad la que sale perjudicada<\/strong>\u00a0en estos ataques y contraataques. Y todo aquello produce\u00a0<strong>m\u00e1s inestabilidad<\/strong>.<\/p>\n\n\n\n<p>Fuente: https:\/\/www.publico.es\/internacional\/ciberataques-guerra-rusia.html<\/p>\n","protected":false},"excerpt":{"rendered":"<p>Al menos desde 2007, la ciberguerra es un hecho aunque no siempre es visible. Estamos en tiempos de guerra hibrida, [&hellip;]<\/p>\n","protected":false},"author":1,"featured_media":20470,"comment_status":"open","ping_status":"open","sticky":false,"template":"","format":"standard","meta":{"site-sidebar-layout":"default","site-content-layout":"","ast-site-content-layout":"default","site-content-style":"default","site-sidebar-style":"default","ast-global-header-display":"","ast-banner-title-visibility":"","ast-main-header-display":"","ast-hfb-above-header-display":"","ast-hfb-below-header-display":"","ast-hfb-mobile-header-display":"","site-post-title":"","ast-breadcrumbs-content":"","ast-featured-img":"","footer-sml-layout":"","theme-transparent-header-meta":"","adv-header-id-meta":"","stick-header-meta":"","header-above-stick-meta":"","header-main-stick-meta":"","header-below-stick-meta":"","astra-migrate-meta-layouts":"default","ast-page-background-enabled":"default","ast-page-background-meta":{"desktop":{"background-color":"var(--ast-global-color-4)","background-image":"","background-repeat":"repeat","background-position":"center center","background-size":"auto","background-attachment":"scroll","background-type":"","background-media":"","overlay-type":"","overlay-color":"","overlay-opacity":"","overlay-gradient":""},"tablet":{"background-color":"","background-image":"","background-repeat":"repeat","background-position":"center center","background-size":"auto","background-attachment":"scroll","background-type":"","background-media":"","overlay-type":"","overlay-color":"","overlay-opacity":"","overlay-gradient":""},"mobile":{"background-color":"","background-image":"","background-repeat":"repeat","background-position":"center center","background-size":"auto","background-attachment":"scroll","background-type":"","background-media":"","overlay-type":"","overlay-color":"","overlay-opacity":"","overlay-gradient":""}},"ast-content-background-meta":{"desktop":{"background-color":"var(--ast-global-color-5)","background-image":"","background-repeat":"repeat","background-position":"center center","background-size":"auto","background-attachment":"scroll","background-type":"","background-media":"","overlay-type":"","overlay-color":"","overlay-opacity":"","overlay-gradient":""},"tablet":{"background-color":"var(--ast-global-color-5)","background-image":"","background-repeat":"repeat","background-position":"center center","background-size":"auto","background-attachment":"scroll","background-type":"","background-media":"","overlay-type":"","overlay-color":"","overlay-opacity":"","overlay-gradient":""},"mobile":{"background-color":"var(--ast-global-color-5)","background-image":"","background-repeat":"repeat","background-position":"center center","background-size":"auto","background-attachment":"scroll","background-type":"","background-media":"","overlay-type":"","overlay-color":"","overlay-opacity":"","overlay-gradient":""}},"footnotes":""},"categories":[8],"tags":[4150,7361,3899,7151,2231,6232],"class_list":["post-20469","post","type-post","status-publish","format-standard","has-post-thumbnail","hentry","category-noticias","tag-ciberataques","tag-guerra-hibrida","tag-otan","tag-putin","tag-rusia","tag-ucrania"],"_links":{"self":[{"href":"https:\/\/losperiodistas.com.mx\/portal\/wp-json\/wp\/v2\/posts\/20469","targetHints":{"allow":["GET"]}}],"collection":[{"href":"https:\/\/losperiodistas.com.mx\/portal\/wp-json\/wp\/v2\/posts"}],"about":[{"href":"https:\/\/losperiodistas.com.mx\/portal\/wp-json\/wp\/v2\/types\/post"}],"author":[{"embeddable":true,"href":"https:\/\/losperiodistas.com.mx\/portal\/wp-json\/wp\/v2\/users\/1"}],"replies":[{"embeddable":true,"href":"https:\/\/losperiodistas.com.mx\/portal\/wp-json\/wp\/v2\/comments?post=20469"}],"version-history":[{"count":1,"href":"https:\/\/losperiodistas.com.mx\/portal\/wp-json\/wp\/v2\/posts\/20469\/revisions"}],"predecessor-version":[{"id":20471,"href":"https:\/\/losperiodistas.com.mx\/portal\/wp-json\/wp\/v2\/posts\/20469\/revisions\/20471"}],"wp:featuredmedia":[{"embeddable":true,"href":"https:\/\/losperiodistas.com.mx\/portal\/wp-json\/wp\/v2\/media\/20470"}],"wp:attachment":[{"href":"https:\/\/losperiodistas.com.mx\/portal\/wp-json\/wp\/v2\/media?parent=20469"}],"wp:term":[{"taxonomy":"category","embeddable":true,"href":"https:\/\/losperiodistas.com.mx\/portal\/wp-json\/wp\/v2\/categories?post=20469"},{"taxonomy":"post_tag","embeddable":true,"href":"https:\/\/losperiodistas.com.mx\/portal\/wp-json\/wp\/v2\/tags?post=20469"}],"curies":[{"name":"wp","href":"https:\/\/api.w.org\/{rel}","templated":true}]}}