{"id":20466,"date":"2022-02-02T07:19:46","date_gmt":"2022-02-02T13:19:46","guid":{"rendered":"http:\/\/losperiodistas.com.mx\/portal\/?p=20466"},"modified":"2022-02-02T07:19:48","modified_gmt":"2022-02-02T13:19:48","slug":"el-ulises-de-joaquin-sabina-pongamos-que-hablamos-de-joyce-la-razon","status":"publish","type":"post","link":"https:\/\/losperiodistas.com.mx\/portal\/el-ulises-de-joaquin-sabina-pongamos-que-hablamos-de-joyce-la-razon\/","title":{"rendered":"El \u00abUlises\u00bb de Joaqu\u00edn Sabina: pongamos que hablamos de Joyce | La Raz\u00f3n"},"content":{"rendered":"\n<p style=\"font-size:18px\"><em>Uno de los ejemplares de la primera edici\u00f3n de la novela que revolucion\u00f3 la literatura se encuentra en la biblioteca personal del m\u00fasico, que lo adquiri\u00f3 en 2008<\/em><\/p>\n\n\n\n<div class=\"wp-block-image\"><figure class=\"aligncenter size-large\"><img fetchpriority=\"high\" decoding=\"async\" width=\"600\" height=\"400\" src=\"https:\/\/losperiodistas.com.mx\/portal\/wp-content\/uploads\/2022\/02\/4VHY7GBFAFAQPLKJ43TMZHND7A.jpg\" alt=\"\" class=\"wp-image-20467\" srcset=\"https:\/\/losperiodistas.com.mx\/portal\/wp-content\/uploads\/2022\/02\/4VHY7GBFAFAQPLKJ43TMZHND7A.jpg 600w, https:\/\/losperiodistas.com.mx\/portal\/wp-content\/uploads\/2022\/02\/4VHY7GBFAFAQPLKJ43TMZHND7A-300x200.jpg 300w\" sizes=\"(max-width: 600px) 100vw, 600px\" \/><figcaption><strong>El ejemplar de \u00abUlises\u00bb en la biblioteca personal de Joaqu\u00edn Sabina<\/strong>\u00a0<br>FOTO:\u00a0ALBERTO R. ROLD\u00c1N\u00a0LA RAZ\u00d3N<\/figcaption><\/figure><\/div>\n\n\n\n<p class=\"has-vivid-cyan-blue-color has-text-color has-medium-font-size\">V\u00cdCTOR FERN\u00c1NDEZ \/ Barcelona \/ LA RAZ\u00d3N<\/p>\n\n\n\n<p>La carta no lleva fecha, pero se cree que fue redactada el\u00a0<strong>10 de abril de 1921<\/strong>. En ella,\u00a0<a href=\"https:\/\/www.larazon.es\/internacional\/20220117\/cxdji4nejbcbjfeagn7u6t3jie.html\">Cyprian Beach<\/a>, en aquellos momentos una empleada ocasional de la librer\u00eda Shakespeare and Company, propiedad de su hermana Sylvia,\u00a0<strong>se disculpaba por no haber estado esa ma\u00f1ana en el establecimiento cuando hab\u00eda llegado uno de los clientes de la casa llamado\u00a0<\/strong><a href=\"https:\/\/www.larazon.es\/cultura\/franco-no-james-joyce-la-exhumacion-que-divide-a-dos-paises-DG25326476\/\"><strong>James Joyce<\/strong><\/a>. La librer\u00eda se estaba estrenando como editorial y trabajaba con ah\u00ednco en la posibilidad de publicar la obra in\u00e9dita de Joyce de la que se ven\u00eda hablando, aunque sin que apareciera en letras de molde. Era una novela titulada \u00ab<a href=\"https:\/\/www.larazon.es\/cataluna\/20220201\/mmts2kljdnafda7rv3c4ajtgeu.html\">Ulises<\/a>\u00bb y destinada a poner las bases de la narrativa del siglo XX.<\/p>\n\n\n\n<p>Sylvia Beach hab\u00eda propuesto hacer una primera tirada de mil ejemplares, adem\u00e1s de otros cien en papel Holanda, firmados por el autor y que vender\u00edan por\u00a0<a href=\"https:\/\/www.larazon.es\/cultura\/literatura\/libros\/20220103\/n6voqyjypzclxcutjh5fq2yr3u.html\">350 francos<\/a>.\u00a0<strong>La editora fue generosa con su autor que le propuso que se llevara un 66 por ciento de los beneficios netos<\/strong>. Cyprian, en su carta, le rogaba al escritor que la llamase a su hotel entre las nueve de la ma\u00f1ana y las cinco de la tarde. \u00abHablar\u00e9 con usted y le dar\u00e9 el mensaje a mi hermana Sylvia\u00bb, escribi\u00f3. Un a\u00f1o exacto m\u00e1s tarde, el 10 de abril de 1922, \u00ab<a href=\"https:\/\/www.larazon.es\/cultura\/20220125\/vnilbzrlnvaund42qbzqnb3chu.html\">Ulises<\/a>\u00bb ya estaba en la calle haciendo ruido, ya sea ante la cr\u00edtica de voces como la Virginia Woolf (\u00abes obra de un obrero autodidacta\u00bb) o el elogio de nombres como Ernest Hemingway (\u00abJoyce ha escrito un libro malditamente maravilloso\u00bb). En ese d\u00eda de 1922, el padre de Leopold Bloom tom\u00f3 uno de los ejemplares de la primera edici\u00f3n y estamp\u00f3 una dedicatoria y su firma para Cyprian Beach, una manera de agradecerle la ayuda.<\/p>\n\n\n\n<blockquote class=\"wp-block-quote is-layout-flow wp-block-quote-is-layout-flow\"><p>A Vargas Llosa le parec\u00eda una desmesura tremenda que pudiera tener este ejemplar<\/p><\/blockquote>\n\n\n\n<p>Sabina<\/p>\n\n\n\n<p>Hoy,\u00a0<strong>ese ejemplar, cien a\u00f1os despu\u00e9s, descansa en una de las estanter\u00edas del hogar de Joaqu\u00edn Sabina, en alg\u00fan lugar entre Tirso de Molina, Sol, Gran V\u00eda y Tribunal<\/strong>. El m\u00fasico, en declaraciones a este diario, explica c\u00f3mo el tesoro lleg\u00f3 a sus manos. \u00abLa historia tiene que ver con la econom\u00eda y la econom\u00eda es que yo viv\u00ed en Argentina,\u00a0<a href=\"https:\/\/www.larazon.es\/cataluna\/20200625\/zngaa6inenadfaiyh7cr4oeqla.html\">el desastre que fue el corralito<\/a>. Conoc\u00ed a mucha gente que hab\u00eda perdido bastante dinero con \u00e9l. Entonces hubo un momento en la crisis que se vivi\u00f3 en Espa\u00f1a, en 2008, en el que se hablaba de la posibilidad de otro corralito. Temiendo perder alg\u00fan dinero que ten\u00eda en el banco aqu\u00ed, como hab\u00eda pasado en Argentina, decid\u00ed, por si acaso, hacerme un regalo. Como lo que m\u00e1s me gusta del mundo son los libros, yo hab\u00eda localizado en Bauman Rare Books, una librer\u00eda de\u00a0<a href=\"https:\/\/www.larazon.es\/cultura\/20210113\/jlcadcwfubfy5fntymjj7lqnoe.html\">Nueva York<\/a>, un ejemplar del \u201cUlises\u201d.\u00a0<strong>Era muy caro\u00a0<\/strong>y, no me lo habr\u00eda comprado en otro momento, y lo hice. Estoy content\u00edsimo de haberlo logrado. Lo que tengo es la edici\u00f3n princeps, la que realiz\u00f3 la Shakespeare &amp; Company, una librer\u00eda, no una editorial. Por obscenidad\u00a0<strong>nadie lo quer\u00eda editar<\/strong>\u00bb, recuerda Sabina.<\/p>\n\n\n\n<p><strong>El m\u00fasico reconoce su admiraci\u00f3n hacia James Joyce<\/strong>, a quien ha ido leyendo regularmente. \u00abYo no he sido de esos lectores que se han comido a Joyce de arriba a abajo o de una tirada. He sido de ir leyendo los cap\u00edtulos m\u00e1s nombrados varias veces a lo largo de los a\u00f1os. De lo que s\u00ed estoy muy seguro es de c\u00f3mo revolucion\u00f3 la literatura en 1922, que fue cuando apareci\u00f3, ahora hace cien, el mismo a\u00f1o en el que muri\u00f3 Proust\u00bb. Este \u00abUlises\u00bb&nbsp;<strong>no es el \u00fanico tesoro joyceno que ha conseguido Joaqu\u00edn Sabina<\/strong>&nbsp;en estos a\u00f1os: \u00abGuardo maravillas. Como las primeras ediciones de \u201cFinnegans Wake\u201d, tambi\u00e9n firmada, y la del \u201cRetrato del artista adolescente\u201d\u00bb.<\/p>\n\n\n\n<h4 class=\"has-cyan-bluish-gray-background-color has-background wp-block-heading\"><strong>LOS REFERENTES DE UN MAESTRO<\/strong><\/h4>\n\n\n\n<p class=\"has-cyan-bluish-gray-background-color has-background\">Sabina nunca ocult\u00f3 ser un consumado lector. Al preguntarle por sus referentes recuerda que \u00abhe sido muy lector del Siglo de Oro, de Quevedo, de Garcilaso, de Manrique. Al mismo tiempo que hablo como lector tambi\u00e9n hablo de mi propia biblioteca. He sido muy lector del 98 y, sobre todo, del 27, con absoluta preferencia en mis gustos por Lorca, por Cernuda y, antes, en el 98, por Machado\u00bb. Adem\u00e1s del boom latinoamericano: \u00abVallejo es mi mayor referente\u00bb.<\/p>\n\n\n\n<p>La copia del \u00abUlises\u00bb en poder del m\u00fasico sirve tambi\u00e9n para\u00a0<strong>recuperar la memoria olvidada de Cyprian Beach<\/strong>. Poco, muy poco es lo que sabemos de ella. La hermana menor de Sylvia Beach hab\u00eda nacido en 1891 y en realidad se llamaba Eleanor Elliot. Quiso hacer carrera en el mundo de la interpretaci\u00f3n, por lo que pens\u00f3 que mejor era cambiarse el nombre por el de Cyprian Gilles. Tuvo peque\u00f1os papeles en pel\u00edculas rodadas a finales de los 10 y principios de los 20, hecho que altern\u00f3 con su trabajo en Shakespeare and Company. De ese momento, concretamente de 1921, es la c\u00e9lebre fotograf\u00eda en la que Cyprian aparece\u00a0<strong>casi como una figurante\u00a0<\/strong>leyendo, junto con John Rodker, James Joyce y Sylvia Beach en el interior de la librer\u00eda que provoc\u00f3 al a\u00f1o siguiente todo un terremoto literario. La imagen acab\u00f3 colgada en una de las paredes del establecimiento, como as\u00ed lo recogi\u00f3 con su c\u00e1mara Gis\u00e8le Freund cuando durante tres d\u00edas de 1938 acompa\u00f1\u00f3 a Joyce por Par\u00eds.<\/p>\n\n\n\n<figure class=\"wp-block-image\"><img decoding=\"async\" src=\"https:\/\/www.larazon.es\/resizer\/al1V5JPNqtGjKAolW9q0Xn1YjhA=\/600x0\/smart\/filters:format(jpg)\/cloudfront-eu-central-1.images.arcpublishing.com\/larazon\/5555BHYOR5DJJHKZIWBBVMQIII.jpg\" alt=\"John Rodker, Joyce, Sylvia Beach y Cyprian (a la derecha, en la sombra)\"\/><figcaption>John Rodker, Joyce, Sylvia Beach y Cyprian (a la derecha, en la sombra)&nbsp;FOTO:&nbsp;LA RAZ\u00d3N&nbsp;LA RAZ\u00d3N<\/figcaption><\/figure>\n\n\n\n<p>Cyprian muri\u00f3 el 26 de julio de 1951 a los 60 a\u00f1os en Altadena, Los \u00c1ngeles. Sus restos fueron incinerados en Pasadena. Parece muy probable que Cyprian guardara el libro de Joyce hasta el final pasando despu\u00e9s, por obra y gracia de sus herederos, por varias manos hasta llegar a la librer\u00eda neoyorquina donde fue localizado por Joaqu\u00edn Sabina. Hoy es&nbsp;<strong>uno de los ejemplares m\u00e1s queridos&nbsp;<\/strong>de su biblioteca. El amante de los libros que lleva dentro reconoce que \u00abno soy de esos bibli\u00f3filos a los que solo les interesan los libros, las imprentas y las ediciones. A m\u00ed me interesa lo que tienen dentro los libros, que es la buena literatura\u00bb.<\/p>\n\n\n\n<hr class=\"wp-block-separator\"\/>\n\n\n\n<blockquote class=\"wp-block-quote is-layout-flow wp-block-quote-is-layout-flow\"><p>Hay que aprender de Joyce su ejemplo en darle la vuelta al modo de escribir<\/p><\/blockquote>\n\n\n\n<p>Sabina<\/p>\n\n\n\n<p>Este \u00abUlises\u00bb ha tra\u00eddo no pocas alegr\u00edas al cantante, como el hecho de poder convertirse en amigo del Premio Nobel Mario Vargas Llosa: \u00abEs una de las cosas m\u00e1gicas que me ha proporcionado el libro. Vargas Llosa estaba con su secretaria, que era una amiga intim\u00edsima m\u00eda, en Dubl\u00edn, en frente de la casa de Joyce, buscando materiales para su libro \u201cEl sue\u00f1o del celta\u201d. A su secretaria se le ocurri\u00f3 decirle que yo ten\u00eda ese maravilloso ejemplar dedicado a Cyprian Beach. Mario habl\u00f3 conmigo por tel\u00e9fono y me dijo que no se lo cre\u00eda, que le parec\u00eda una desmesura tremenda que un cantante tuviera ese libro. Entonces le contest\u00e9 que viniera a casa a verlo.\u00a0<strong>Vino, lo mir\u00f3 con absoluta devoci\u00f3n y desde entonces somos, no amigos, sino muy amigo<\/strong>s y nos vemos con mucha frecuencia, lo cual es otra de las cosas que le debo a Joyce\u00bb, apunta el propietario de lo que podemos considerar como un incunable del siglo XX.<\/p>\n\n\n\n<p>Resulta tentador preguntarle a Joaqu\u00edn Sabina si entre su cancionero encuentra un tema que pudiera dedicar a James Joyce. La respuesta es clara: \u00ab<strong>Joyce se merece cualquier cosa<\/strong>. Por cierto, que cantaba muy bien, seg\u00fan sabe todo el mundo. Pero lo que hay que aprender de Joyce es su ejemplo en el mon\u00f3logo interior, en el darle la vuelta de ese modo a la manera de escribir\u00bb. Con James Joyce, nos sobran los motivos.<\/p>\n\n\n\n<h4 class=\"has-cyan-bluish-gray-background-color has-background wp-block-heading\"><strong>LAS \u00daLTIMAS LECTURAS DEL M\u00daSICO<\/strong><\/h4>\n\n\n\n<p class=\"has-cyan-bluish-gray-background-color has-background\">\u00bfQu\u00e9 es lo que lee en estos d\u00edas Joaqu\u00edn Sabina? Su casa est\u00e1 poblada por libros, por ediciones de todo tipo, desde las m\u00e1s queridas y buscadas por los bibli\u00f3filos hasta las m\u00e1s actuales. Al formularle la pregunta, el m\u00fasico no habla de un autor sino de muchos, adem\u00e1s de confesar alg\u00fan deseo como lector. \u00abPuedo decir lo \u00faltimo que he le\u00eddo estos d\u00edas, a Manuel Chaves Nogales, y he estado releyendo a Ra\u00fal Gonz\u00e1lez Tu\u00f1\u00f3n y a Nicanor Parra fudamentalmente. Estoy hablando de las \u00faltimas semanas. Tambi\u00e9n voy ahora a ponerme a leer en serio a William Faulkner\u00bb, concluye Sabina con un libro en la mano.<\/p>\n\n\n\n<p>Fuente: https:\/\/www.larazon.es\/cultura\/20220202\/fwzt6rh2yzfgpjbz4oisu65lia.html<\/p>\n","protected":false},"excerpt":{"rendered":"<p>Uno de los ejemplares de la primera edici\u00f3n de la novela que revolucion\u00f3 la literatura se encuentra en la biblioteca [&hellip;]<\/p>\n","protected":false},"author":1,"featured_media":20467,"comment_status":"open","ping_status":"open","sticky":false,"template":"","format":"standard","meta":{"site-sidebar-layout":"default","site-content-layout":"","ast-site-content-layout":"default","site-content-style":"default","site-sidebar-style":"default","ast-global-header-display":"","ast-banner-title-visibility":"","ast-main-header-display":"","ast-hfb-above-header-display":"","ast-hfb-below-header-display":"","ast-hfb-mobile-header-display":"","site-post-title":"","ast-breadcrumbs-content":"","ast-featured-img":"","footer-sml-layout":"","theme-transparent-header-meta":"","adv-header-id-meta":"","stick-header-meta":"","header-above-stick-meta":"","header-main-stick-meta":"","header-below-stick-meta":"","astra-migrate-meta-layouts":"default","ast-page-background-enabled":"default","ast-page-background-meta":{"desktop":{"background-color":"var(--ast-global-color-4)","background-image":"","background-repeat":"repeat","background-position":"center center","background-size":"auto","background-attachment":"scroll","background-type":"","background-media":"","overlay-type":"","overlay-color":"","overlay-opacity":"","overlay-gradient":""},"tablet":{"background-color":"","background-image":"","background-repeat":"repeat","background-position":"center center","background-size":"auto","background-attachment":"scroll","background-type":"","background-media":"","overlay-type":"","overlay-color":"","overlay-opacity":"","overlay-gradient":""},"mobile":{"background-color":"","background-image":"","background-repeat":"repeat","background-position":"center center","background-size":"auto","background-attachment":"scroll","background-type":"","background-media":"","overlay-type":"","overlay-color":"","overlay-opacity":"","overlay-gradient":""}},"ast-content-background-meta":{"desktop":{"background-color":"var(--ast-global-color-5)","background-image":"","background-repeat":"repeat","background-position":"center center","background-size":"auto","background-attachment":"scroll","background-type":"","background-media":"","overlay-type":"","overlay-color":"","overlay-opacity":"","overlay-gradient":""},"tablet":{"background-color":"var(--ast-global-color-5)","background-image":"","background-repeat":"repeat","background-position":"center center","background-size":"auto","background-attachment":"scroll","background-type":"","background-media":"","overlay-type":"","overlay-color":"","overlay-opacity":"","overlay-gradient":""},"mobile":{"background-color":"var(--ast-global-color-5)","background-image":"","background-repeat":"repeat","background-position":"center center","background-size":"auto","background-attachment":"scroll","background-type":"","background-media":"","overlay-type":"","overlay-color":"","overlay-opacity":"","overlay-gradient":""}},"footnotes":""},"categories":[8],"tags":[7360,2313,7359],"class_list":["post-20466","post","type-post","status-publish","format-standard","has-post-thumbnail","hentry","category-noticias","tag-james-joyce","tag-joaquin-sabina","tag-ulises"],"_links":{"self":[{"href":"https:\/\/losperiodistas.com.mx\/portal\/wp-json\/wp\/v2\/posts\/20466","targetHints":{"allow":["GET"]}}],"collection":[{"href":"https:\/\/losperiodistas.com.mx\/portal\/wp-json\/wp\/v2\/posts"}],"about":[{"href":"https:\/\/losperiodistas.com.mx\/portal\/wp-json\/wp\/v2\/types\/post"}],"author":[{"embeddable":true,"href":"https:\/\/losperiodistas.com.mx\/portal\/wp-json\/wp\/v2\/users\/1"}],"replies":[{"embeddable":true,"href":"https:\/\/losperiodistas.com.mx\/portal\/wp-json\/wp\/v2\/comments?post=20466"}],"version-history":[{"count":1,"href":"https:\/\/losperiodistas.com.mx\/portal\/wp-json\/wp\/v2\/posts\/20466\/revisions"}],"predecessor-version":[{"id":20468,"href":"https:\/\/losperiodistas.com.mx\/portal\/wp-json\/wp\/v2\/posts\/20466\/revisions\/20468"}],"wp:featuredmedia":[{"embeddable":true,"href":"https:\/\/losperiodistas.com.mx\/portal\/wp-json\/wp\/v2\/media\/20467"}],"wp:attachment":[{"href":"https:\/\/losperiodistas.com.mx\/portal\/wp-json\/wp\/v2\/media?parent=20466"}],"wp:term":[{"taxonomy":"category","embeddable":true,"href":"https:\/\/losperiodistas.com.mx\/portal\/wp-json\/wp\/v2\/categories?post=20466"},{"taxonomy":"post_tag","embeddable":true,"href":"https:\/\/losperiodistas.com.mx\/portal\/wp-json\/wp\/v2\/tags?post=20466"}],"curies":[{"name":"wp","href":"https:\/\/api.w.org\/{rel}","templated":true}]}}