{"id":20463,"date":"2022-02-02T07:02:02","date_gmt":"2022-02-02T13:02:02","guid":{"rendered":"http:\/\/losperiodistas.com.mx\/portal\/?p=20463"},"modified":"2022-02-02T07:02:07","modified_gmt":"2022-02-02T13:02:07","slug":"el-papa-reacciona-ante-un-hombre-que-gritaba-durante-su-catequesis-aleteia","status":"publish","type":"post","link":"https:\/\/losperiodistas.com.mx\/portal\/el-papa-reacciona-ante-un-hombre-que-gritaba-durante-su-catequesis-aleteia\/","title":{"rendered":"El Papa reacciona ante un hombre que gritaba durante su catequesis | Aleteia"},"content":{"rendered":"\n<p style=\"font-size:18px\"><em>Audiencia general. El Papa Francisco dedica la predicaci\u00f3n a la figura de San Jos\u00e9 y habl\u00f3 de la comuni\u00f3n de los santos<\/em><\/p>\n\n\n\n<p><\/p>\n\n\n\n<figure class=\"wp-block-image size-large\"><img fetchpriority=\"high\" decoding=\"async\" width=\"1024\" height=\"682\" src=\"https:\/\/losperiodistas.com.mx\/portal\/wp-content\/uploads\/2022\/02\/POPE-AUDIENCE-JAN-26-2022-Antoine-Mekary-ALETEIA-AM_7387-1024x682.jpeg\" alt=\"\" class=\"wp-image-20464\" srcset=\"https:\/\/losperiodistas.com.mx\/portal\/wp-content\/uploads\/2022\/02\/POPE-AUDIENCE-JAN-26-2022-Antoine-Mekary-ALETEIA-AM_7387-1024x682.jpeg 1024w, https:\/\/losperiodistas.com.mx\/portal\/wp-content\/uploads\/2022\/02\/POPE-AUDIENCE-JAN-26-2022-Antoine-Mekary-ALETEIA-AM_7387-300x200.jpeg 300w, https:\/\/losperiodistas.com.mx\/portal\/wp-content\/uploads\/2022\/02\/POPE-AUDIENCE-JAN-26-2022-Antoine-Mekary-ALETEIA-AM_7387-768x511.jpeg 768w, https:\/\/losperiodistas.com.mx\/portal\/wp-content\/uploads\/2022\/02\/POPE-AUDIENCE-JAN-26-2022-Antoine-Mekary-ALETEIA-AM_7387.jpeg 1280w\" sizes=\"(max-width: 1024px) 100vw, 1024px\" \/><figcaption>Antoine Mekary | ALETEIA<\/figcaption><\/figure>\n\n\n\n<p><\/p>\n\n\n\n<p class=\"has-vivid-cyan-blue-color has-text-color has-medium-font-size\">ARY WALDIR RAMOS D\u00cdAZ \/ ALETEIA<\/p>\n\n\n\n<p>Un hombre gritaba durante la catequesis del Papa Francisco de este mi\u00e9rcoles 2 de febrero de 2022, interrumpiendo la tranquilidad de la cita semanal en el Vaticano.&nbsp;<\/p>\n\n\n\n<p>De frente a los fieles y a los peregrinos del mundo congregados en el aula Pablo VI, Francisco aprovech\u00f3 la ocasi\u00f3n para pedirles que abrieran el coraz\u00f3n y los o\u00eddos para escuchar el grito del \u201chermano\u201d que sufre. &nbsp;<\/p>\n\n\n\n<p>As\u00ed,\u00a0 ha dejado de un lado su discurso escrito y ha pedido a los presentes no ser \u201csordos\u201d ante la necesidad del hermano necesitado y rezar un \u201cAve Mar\u00eda\u201d por este \u201chermano\u00bb que \u201cpobrecito, si gritaba es porque sufre\u201d, pues, dijo, probablemente vive agobiado por un \u201cproblema \u2013 espiritual, f\u00edsico, ps\u00edquico- recemos por \u00e9l a la Virgen Mar\u00eda\u00bb.<\/p>\n\n\n\n<figure class=\"wp-block-embed is-type-rich is-provider-twitter wp-block-embed-twitter\"><div class=\"wp-block-embed__wrapper\">\n<blockquote class=\"twitter-tweet\" data-width=\"500\" data-dnt=\"true\"><p lang=\"en\" dir=\"ltr\"><a href=\"https:\/\/twitter.com\/hashtag\/PopeFrancis?src=hash&amp;ref_src=twsrc%5Etfw\">#PopeFrancis<\/a>, after man starts shouting during the audience: &quot;I would like to finish by praying for him, our brother who is suffering, poor man. If he&#39;s yelling it is because he is suffering, has some problem. Don&#39;t be deaf to the needs of this man.&quot; (\ud83d\udcf7Paul Haring) <a href=\"https:\/\/t.co\/E0FDD9MZ9R\">pic.twitter.com\/E0FDD9MZ9R<\/a><\/p>&mdash; Cindy Wooden (@Cindy_Wooden) <a href=\"https:\/\/twitter.com\/Cindy_Wooden\/status\/1488808227160866817?ref_src=twsrc%5Etfw\">February 2, 2022<\/a><\/blockquote><script async src=\"https:\/\/platform.twitter.com\/widgets.js\" charset=\"utf-8\"><\/script>\n<\/div><\/figure>\n\n\n\n<p>El hombre usaba una mascarilla quir\u00fargica que luego se quit\u00f3, mientras vociferaba cosas incomprensibles en ingl\u00e9s, cont\u00f3 Eva Fern\u00e1ndez, corresponsal de Cope en el Vaticano. Luego, ha sido \u201cacompa\u00f1ado\u201d \u2013 sin usar la fuerza- por un gendarme y una guardia suiza fuera del Aula.&nbsp;<\/p>\n\n\n\n<p>\u201cPrecisamente por esto me gusta concluir esta catequesis con una oraci\u00f3n a San Jos\u00e9 al cual estoy particularmente unido y que recito cada d\u00eda desde hace muchos a\u00f1os\u201d, dijo el Papa al final de la audiencia dedicada al padre putativo de Jes\u00fas y&nbsp;<strong>la comuni\u00f3n de los santos.&nbsp;<\/strong><\/p>\n\n\n\n<p><em>\u201cGlorioso patriarca san Jos\u00e9, cuyo poder sabe hacer posibles las cosas imposibles, ven en mi ayuda en estos momentos de angustia y dificultad. Toma bajo tu protecci\u00f3n las situaciones tan graves y dif\u00edciles que te conf\u00edo, para que tengan una buena soluci\u00f3n. Mi amado Padre, toda mi confianza est\u00e1 puesta en ti. Que no se diga que te haya invocado en vano y, como puedes hacer todo con Jes\u00fas y Mar\u00eda, mu\u00e9strame que tu bondad es tan grande como tu poder. Am\u00e9n\u201d\u00a0<\/em><\/p>\n\n\n\n<figure class=\"wp-block-embed is-type-rich is-provider-twitter wp-block-embed-twitter\"><div class=\"wp-block-embed__wrapper\">\n<blockquote class=\"twitter-tweet\" data-width=\"500\" data-dnt=\"true\"><p lang=\"it\" dir=\"ltr\">Un uomo urlava durante la catechesi di <a href=\"https:\/\/twitter.com\/hashtag\/PapaFrancesco?src=hash&amp;ref_src=twsrc%5Etfw\">#PapaFrancesco<\/a> nell\u2019udienza generale. <a href=\"https:\/\/twitter.com\/Pontifex_it?ref_src=twsrc%5Etfw\">@Pontifex_it<\/a> si stacca dal discorso scritto e chiede a tutti di pregare per questo \u201cfratello che soffre\u201d <a href=\"https:\/\/t.co\/MNZj9qKOjm\">pic.twitter.com\/MNZj9qKOjm<\/a><\/p>&mdash; Salvatore Cernuzio (@SalvoCernuzio) <a href=\"https:\/\/twitter.com\/SalvoCernuzio\/status\/1488795493769662465?ref_src=twsrc%5Etfw\">February 2, 2022<\/a><\/blockquote><script async src=\"https:\/\/platform.twitter.com\/widgets.js\" charset=\"utf-8\"><\/script>\n<\/div><\/figure>\n\n\n\n<h3 class=\"wp-block-heading\">La comuni\u00f3n de los santos<\/h3>\n\n\n\n<p>Por otro lado, el Papa Francisco explic\u00f3 que la comuni\u00f3n de los santos en algunos casos es mal interpretada por los fieles.&nbsp;<\/p>\n\n\n\n<p>Los santos \u2013 sostuvo \u2013 son nuestros amigos y podemos rezarles para que intercedan ante Dios, pues se trata de la \u201ccomunidad de los pecadores salvados\u201d en la tierra y en el cielo.&nbsp;<\/p>\n\n\n\n<p>\u201cLo que nosotros llamamos devoci\u00f3n es en realidad una forma de expresar el amor a partir precisamente de este v\u00ednculo (de amistad) que nos une (a los santos).<\/p>\n\n\n\n<p>Y todos nosotros sabemos que a un amigo podemos dirigirnos siempre, sobre todo cuando estamos en dificultad y necesitamos ayuda\u201d.<\/p>\n\n\n\n<h3 class=\"wp-block-heading\">Devoci\u00f3n pagana hacia los santos&nbsp;<\/h3>\n\n\n\n<p>El Papa lament\u00f3 que a veces \u201ctambi\u00e9n el cristianismo puede caer en formas de devoci\u00f3n\u201d m\u00e1s \u201cpagana que cristiana\u201d.&nbsp;<\/p>\n\n\n\n<p>Adem\u00e1s, conf\u00edo que cuando era ni\u00f1o, \u00e9l mismo cre\u00eda que significaba que los santos \u201chac\u00edan la comuni\u00f3n\u201d.&nbsp;<\/p>\n\n\n\n<p>Por ello, insisti\u00f3 que la oraci\u00f3n \u201cno se basa en la confianza en un ser humano, o en una imagen o en un objeto, incluso cuando sabemos que son sagrados\u201d.&nbsp;<\/p>\n\n\n\n<p>\u201cIncluso cuando nos encomendamos plenamente a la intercesi\u00f3n de una santo, o m\u00e1s a\u00fan en la Virgen Mar\u00eda, nuestra confianza tiene valor solamente en relaci\u00f3n con Cristo\u201d, afirm\u00f3.&nbsp;<\/p>\n\n\n\n<p>Asimismo, sostuvo, \u201c<strong>no son los santos los que realizan los milagros, sino solamente la gracia de Dios que act\u00faa a trav\u00e9s de ellos<\/strong>.\u201d<\/p>\n\n\n\n<h3 class=\"wp-block-heading\">La amistad con Mar\u00eda&nbsp;<\/h3>\n\n\n\n<p>El Papa dijo que todos necesitan amigos como los santos. \u201cTodos necesitamos relaciones significativas que nos ayuden a afrontar la vida. Tambi\u00e9n Jes\u00fas ten\u00eda a sus amigos, y a ellos se ha dirigido en los momentos m\u00e1s decisivos de su experiencia humana\u201d.&nbsp;<\/p>\n\n\n\n<p>Por eso, \u201cen la historia de la Iglesia hay constantes que acompa\u00f1an a la comunidad creyente: sobre todo el gran afecto y el v\u00ednculo fort\u00edsimo que la Iglesia siempre ha sentido en relaci\u00f3n con Mar\u00eda, Madre de Dios y Madre nuestra\u201d.&nbsp;<\/p>\n\n\n\n<p>\u201cPero tambi\u00e9n el especial honor y afecto que ha rendido a San Jos\u00e9. En el fondo, Dios le conf\u00eda a \u00e9l lo m\u00e1s valioso que tiene: su Hijo Jes\u00fas y la Virgen Mar\u00eda\u201d.&nbsp;<\/p>\n\n\n\n<p>Francisco indic\u00f3 que es siempre \u201cgracias a la comuni\u00f3n de los santos que sentimos cerca de nosotros a los santos y a las santas que son nuestros patronos, por el nombre que tenemos, por la Iglesia a la que pertenecemos, por el lugar donde vivimos, etc.\u201d<\/p>\n\n\n\n<p>Y- continu\u00f3- esta es la confianza que debe animarnos siempre al dirigirnos a ellos en los momentos decisivos de nuestra vida\u201d.\u00a0<\/p>\n\n\n\n<p>Fuente: https:\/\/es.aleteia.org\/2022\/02\/02\/el-papa-reacciona-ante-un-hombre-que-gritaba-durante-su-catequesis\/<\/p>\n","protected":false},"excerpt":{"rendered":"<p>Audiencia general. El Papa Francisco dedica la predicaci\u00f3n a la figura de San Jos\u00e9 y habl\u00f3 de la comuni\u00f3n de [&hellip;]<\/p>\n","protected":false},"author":1,"featured_media":20464,"comment_status":"open","ping_status":"open","sticky":false,"template":"","format":"standard","meta":{"site-sidebar-layout":"default","site-content-layout":"","ast-site-content-layout":"default","site-content-style":"default","site-sidebar-style":"default","ast-global-header-display":"","ast-banner-title-visibility":"","ast-main-header-display":"","ast-hfb-above-header-display":"","ast-hfb-below-header-display":"","ast-hfb-mobile-header-display":"","site-post-title":"","ast-breadcrumbs-content":"","ast-featured-img":"","footer-sml-layout":"","theme-transparent-header-meta":"","adv-header-id-meta":"","stick-header-meta":"","header-above-stick-meta":"","header-main-stick-meta":"","header-below-stick-meta":"","astra-migrate-meta-layouts":"default","ast-page-background-enabled":"default","ast-page-background-meta":{"desktop":{"background-color":"var(--ast-global-color-4)","background-image":"","background-repeat":"repeat","background-position":"center center","background-size":"auto","background-attachment":"scroll","background-type":"","background-media":"","overlay-type":"","overlay-color":"","overlay-opacity":"","overlay-gradient":""},"tablet":{"background-color":"","background-image":"","background-repeat":"repeat","background-position":"center center","background-size":"auto","background-attachment":"scroll","background-type":"","background-media":"","overlay-type":"","overlay-color":"","overlay-opacity":"","overlay-gradient":""},"mobile":{"background-color":"","background-image":"","background-repeat":"repeat","background-position":"center center","background-size":"auto","background-attachment":"scroll","background-type":"","background-media":"","overlay-type":"","overlay-color":"","overlay-opacity":"","overlay-gradient":""}},"ast-content-background-meta":{"desktop":{"background-color":"var(--ast-global-color-5)","background-image":"","background-repeat":"repeat","background-position":"center center","background-size":"auto","background-attachment":"scroll","background-type":"","background-media":"","overlay-type":"","overlay-color":"","overlay-opacity":"","overlay-gradient":""},"tablet":{"background-color":"var(--ast-global-color-5)","background-image":"","background-repeat":"repeat","background-position":"center center","background-size":"auto","background-attachment":"scroll","background-type":"","background-media":"","overlay-type":"","overlay-color":"","overlay-opacity":"","overlay-gradient":""},"mobile":{"background-color":"var(--ast-global-color-5)","background-image":"","background-repeat":"repeat","background-position":"center center","background-size":"auto","background-attachment":"scroll","background-type":"","background-media":"","overlay-type":"","overlay-color":"","overlay-opacity":"","overlay-gradient":""}},"footnotes":""},"categories":[8],"tags":[3827,7358,6850],"class_list":["post-20463","post","type-post","status-publish","format-standard","has-post-thumbnail","hentry","category-noticias","tag-angelus-2","tag-audiencia-papa-francisco","tag-san-jose"],"_links":{"self":[{"href":"https:\/\/losperiodistas.com.mx\/portal\/wp-json\/wp\/v2\/posts\/20463","targetHints":{"allow":["GET"]}}],"collection":[{"href":"https:\/\/losperiodistas.com.mx\/portal\/wp-json\/wp\/v2\/posts"}],"about":[{"href":"https:\/\/losperiodistas.com.mx\/portal\/wp-json\/wp\/v2\/types\/post"}],"author":[{"embeddable":true,"href":"https:\/\/losperiodistas.com.mx\/portal\/wp-json\/wp\/v2\/users\/1"}],"replies":[{"embeddable":true,"href":"https:\/\/losperiodistas.com.mx\/portal\/wp-json\/wp\/v2\/comments?post=20463"}],"version-history":[{"count":1,"href":"https:\/\/losperiodistas.com.mx\/portal\/wp-json\/wp\/v2\/posts\/20463\/revisions"}],"predecessor-version":[{"id":20465,"href":"https:\/\/losperiodistas.com.mx\/portal\/wp-json\/wp\/v2\/posts\/20463\/revisions\/20465"}],"wp:featuredmedia":[{"embeddable":true,"href":"https:\/\/losperiodistas.com.mx\/portal\/wp-json\/wp\/v2\/media\/20464"}],"wp:attachment":[{"href":"https:\/\/losperiodistas.com.mx\/portal\/wp-json\/wp\/v2\/media?parent=20463"}],"wp:term":[{"taxonomy":"category","embeddable":true,"href":"https:\/\/losperiodistas.com.mx\/portal\/wp-json\/wp\/v2\/categories?post=20463"},{"taxonomy":"post_tag","embeddable":true,"href":"https:\/\/losperiodistas.com.mx\/portal\/wp-json\/wp\/v2\/tags?post=20463"}],"curies":[{"name":"wp","href":"https:\/\/api.w.org\/{rel}","templated":true}]}}