{"id":20460,"date":"2022-02-02T06:32:26","date_gmt":"2022-02-02T12:32:26","guid":{"rendered":"http:\/\/losperiodistas.com.mx\/portal\/?p=20460"},"modified":"2022-02-02T06:32:27","modified_gmt":"2022-02-02T12:32:27","slug":"mexico-estaria-a-punto-de-caer-en-una-dictadura-electrica-sputnik","status":"publish","type":"post","link":"https:\/\/losperiodistas.com.mx\/portal\/mexico-estaria-a-punto-de-caer-en-una-dictadura-electrica-sputnik\/","title":{"rendered":"\u00bfM\u00e9xico estar\u00eda a punto de caer en una &#8216;dictadura el\u00e9ctrica&#8217;? | Sputnik"},"content":{"rendered":"\n<figure class=\"wp-block-image size-large\"><img fetchpriority=\"high\" decoding=\"async\" width=\"1024\" height=\"576\" src=\"https:\/\/losperiodistas.com.mx\/portal\/wp-content\/uploads\/2022\/02\/1120693066_0_39_1280_759_1920x0_80_0_0_837e501c90aec0f13d9820899567637c.jpg-1024x576.jpeg\" alt=\"\" class=\"wp-image-20461\" srcset=\"https:\/\/losperiodistas.com.mx\/portal\/wp-content\/uploads\/2022\/02\/1120693066_0_39_1280_759_1920x0_80_0_0_837e501c90aec0f13d9820899567637c.jpg-1024x576.jpeg 1024w, https:\/\/losperiodistas.com.mx\/portal\/wp-content\/uploads\/2022\/02\/1120693066_0_39_1280_759_1920x0_80_0_0_837e501c90aec0f13d9820899567637c.jpg-300x169.jpeg 300w, https:\/\/losperiodistas.com.mx\/portal\/wp-content\/uploads\/2022\/02\/1120693066_0_39_1280_759_1920x0_80_0_0_837e501c90aec0f13d9820899567637c.jpg-768x432.jpeg 768w, https:\/\/losperiodistas.com.mx\/portal\/wp-content\/uploads\/2022\/02\/1120693066_0_39_1280_759_1920x0_80_0_0_837e501c90aec0f13d9820899567637c.jpg-1536x864.jpeg 1536w, https:\/\/losperiodistas.com.mx\/portal\/wp-content\/uploads\/2022\/02\/1120693066_0_39_1280_759_1920x0_80_0_0_837e501c90aec0f13d9820899567637c.jpg.jpeg 1920w\" sizes=\"(max-width: 1024px) 100vw, 1024px\" \/><figcaption>\u00a9 Foto : Pixabay \/ @SichiRi<\/figcaption><\/figure>\n\n\n\n<p class=\"has-vivid-cyan-blue-color has-text-color has-medium-font-size\">SPUTNIK<\/p>\n\n\n\n<p><strong>La reforma que propone el presidente Andr\u00e9s Manuel L\u00f3pez Obrador al sector el\u00e9ctrico evitar\u00eda que dicha industria quede en manos de un pu\u00f1ado de empresas extranjeras, asegur\u00f3 el director de la Comisi\u00f3n Federal de Electricidad (CFE), Manuel Bartlett.<\/strong><\/p>\n\n\n\n<p>El objetivo del&nbsp;<strong>Gobierno de M\u00e9xico<\/strong>&nbsp;es que la generaci\u00f3n de&nbsp;<strong>energ\u00eda el\u00e9ctrica<\/strong>&nbsp;en el pa\u00eds no sea la mina de oro de unas cuantas compa\u00f1\u00edas privadas. As\u00ed lo dijo el funcionario federal durante un evento de prensa en el que, una vez m\u00e1s, defendi\u00f3 las intenciones de modificar la&nbsp;<a href=\"https:\/\/mundo.sputniknews.com\/20220127\/golpe-a-la-reforma-electrica-de-amlo-la-corte-admite-accion-de-inconstitucionalidad-1120838740.html\" target=\"_blank\" rel=\"noreferrer noopener\"><strong>Ley de la Industria El\u00e9ctrica<\/strong>.<\/a><\/p>\n\n\n\n<p>El mayor peligro de que el Estado mexicano no tenga la rector\u00eda de este mercado es la desaparici\u00f3n de la&nbsp;<a href=\"https:\/\/mundo.sputniknews.com\/20220128\/la-cfe-acusa-a-iberdrola-de-concentrar-un-monopolio-de-la-electricidad-en-mexico-1120882623.html\" target=\"_blank\" rel=\"noreferrer noopener\"><strong>Comisi\u00f3n Federal de Electricidad (CFE)<\/strong>, <\/a>lo cual derivar\u00eda en una \u00abdictadura el\u00e9ctrica\u00bb auspiciada por un grup\u00fasculo de empresarios, advirti\u00f3&nbsp;<strong>Bartlett<\/strong>.<\/p>\n\n\n\n<p>\u00abEstar\u00edamos en manos de unas pocas empresas extranjeras, que ya de por s\u00ed se han ido apoderando de diversas regiones, entre ellas las m\u00e1s productivas del pa\u00eds, ya que las zonas menos interesantes para ellos no las ocupan\u00bb, acus\u00f3 el exsecretario de Gobernaci\u00f3n.<\/p>\n\n\n\n<p>Seg\u00fan\u00a0<a href=\"https:\/\/www.elfinanciero.com.mx\/economia\/2022\/02\/01\/mexico-caera-en-dictadura-electrica-de-empresas-extranjeras-sin-reforma-de-amlo-advierte-bartlett\/\" target=\"_blank\" rel=\"noreferrer noopener\">reportaron <\/a>diarios mexicanos como\u00a0<em>El Financiero<\/em>,\u00a0<strong>Manuel Bartlett<\/strong>\u00a0se\u00f1al\u00f3 directamente a la espa\u00f1ola\u00a0<strong>Iberdrola\u00a0<\/strong>y a la italiana\u00a0<strong>Enel Green Power<\/strong>\u00a0por ser algunas de las empresas que se beneficiar\u00edan si la\u00a0<strong>reforma\u00a0<\/strong>propuesta por\u00a0<strong>L\u00f3pez Obrador<\/strong>\u00a0no es aprobada en la C\u00e1mara de Diputados de M\u00e9xico.<\/p>\n\n\n\n<p>\u00abIncluso Iberdrola ha confesado que 70% de sus due\u00f1os corresponden a grandes fondos internacionales. Esto ser\u00eda un atraco para M\u00e9xico, ya que el sistema el\u00e9ctrico quedar\u00eda en manos de estos fondos\u00bb, afirm\u00f3 el exmilitante del Partido Revolucionario Institucional (<strong>PRI<\/strong>).<\/p>\n\n\n\n<p>Tambi\u00e9n dijo que, en un pa\u00eds como M\u00e9xico, donde la desigualdad es un problema hist\u00f3rico, no se puede permitir que la industria el\u00e9ctrica est\u00e9 en manos de organizaciones privadas y extranjeras. \u00abEsto no se puede sostener\u00bb, coment\u00f3.<\/p>\n\n\n\n<p>La&nbsp;<strong>Secretar\u00eda de Energ\u00eda<\/strong>&nbsp;est\u00e1 en la misma postura de apoyar la iniciativa del presidente&nbsp;<strong>L\u00f3pez Obrador<\/strong>. \u00abM\u00e9xico no es tierra de conquista: M\u00e9xico es un pa\u00eds soberano donde tomamos nuestras decisiones y el ejercicio que hoy tenemos es parte de ello\u00bb, sentenci\u00f3 la titular de esa dependencia,&nbsp;<a href=\"https:\/\/mundo.sputniknews.com\/20220131\/rocio-nahle-defiende-a-capa-y-espada-reforma-energetica-de-amlo-mexico-no-es-tierra-de-conquista-1120954871.html\" target=\"_blank\" rel=\"noreferrer noopener\">Roc\u00edo Nahle<\/a>.<\/p>\n\n\n\n<p><strong>\u00bfQu\u00e9 propone la reforma de L\u00f3pez Obrador?<\/strong><\/p>\n\n\n\n<p>Entre otras cosas, la iniciativa de reforma propuesta por el mandatario mexicano contempla que el 54% del sector el\u00e9ctrico del pa\u00eds quede en manos de la&nbsp;<a href=\"https:\/\/mundo.sputniknews.com\/20220120\/cfe-aplasta-al-new-york-times-y-responde-a-sus-criticas-de-la-reforma-energetica-de-amlo-1120564027.html\" target=\"_blank\" rel=\"noreferrer noopener\">Comisi\u00f3n Federal de Electricidad (<strong>CFE<\/strong>)<\/a>, la empresa estatal que, junto con&nbsp;<strong>Pemex<\/strong>, tiene el Gobierno mexicano para competir en la industria energ\u00e9tica.<\/p>\n\n\n\n<p>Esto quiere decir que el Estado mexicano recuperar\u00eda la rector\u00eda del mercado de generaci\u00f3n de energ\u00eda el\u00e9ctrica, lo cual es tomado como un acto de soberan\u00eda nacional, seg\u00fan&nbsp;<strong>Morena<\/strong>, el partido oficial del Gobierno.<\/p>\n\n\n\n<p>Seg\u00fan&nbsp;<a href=\"https:\/\/twitter.com\/ManuelBartlett\/status\/1488307844768141312?s=20&amp;t=FKM-1BpqrGyGmZIAfTez8Q\" target=\"_blank\" rel=\"noreferrer noopener\">ha dicho<\/a>&nbsp;<strong>Manuel Bartlett<\/strong>, director de la CFE, se necesita del apoyo de todos los legisladores del pa\u00eds para que M\u00e9xico no ceda a los intereses privados de algunas compa\u00f1\u00edas del sector.<\/p>\n\n\n\n<p>La propuesta no ha sido bien recibida entre el sector empresarial de ambos lados de la frontera. Argumentan que las normas de competencia del negocio energ\u00e9tico a nivel regional ser\u00edan violentadas en caso de que el Gobierno mexicano tenga tanta participaci\u00f3n en el sector.<\/p>\n\n\n\n<p>El rechazo a la reforma el\u00e9ctrica de&nbsp;<strong>L\u00f3pez Obrador&nbsp;<\/strong>ha llegado hasta los m\u00e1s altos niveles de la Administraci\u00f3n de&nbsp;<strong>Joe Biden<\/strong>.<\/p>\n\n\n\n<p>El 20 de enero, la secretaria de Energ\u00eda de Estados Unidos,&nbsp;<strong>Jennifer Granholm<\/strong>, se reuni\u00f3 con el mandatario mexicano para conversar sobre las intenciones del pa\u00eds latinoamericano en el mercado energ\u00e9tico. Y aunque el Gobierno de M\u00e9xico inform\u00f3 que el encuentro transcurri\u00f3 sin sobresaltos, la funcionara estadounidense admiti\u00f3 d\u00edas despu\u00e9s que<a href=\"https:\/\/mundo.sputniknews.com\/20220121\/eeuu-asegura-que-reforma-electrica-de-amlo-podria-obstaculizar-cooperacion-con-mexico-1120625639.html\"> Estados Unidos s\u00ed est\u00e1 preocupado <\/a>por la reforma.<\/p>\n\n\n\n<p>Una misiva\u00a0<a href=\"https:\/\/www.finance.senate.gov\/imo\/media\/doc\/2022.01.12%20Wyden-Crapo%20Letter%20to%20USTR%20Tai%20on%20USMCA%20Implementation%20and%20Enforcement.pdf\" target=\"_blank\" rel=\"noreferrer noopener\">enviada <\/a>por un grupo de senadores estadounidenses a los representantes comerciales de su pa\u00eds en la regi\u00f3n se\u00f1ala que M\u00e9xico\u00a0<a href=\"https:\/\/www.eleconomista.com.mx\/empresas\/Mexico-suspende-permisos-de-importacion-a-empresas-energeticas-para-favorecer-a-Pemex-y-la-CFE-Senado-de-EU-20220112-0034.html\" target=\"_blank\" rel=\"noreferrer noopener\">ha suspendido<\/a>\u00a0permisos de importaci\u00f3n a m\u00e1s de 80 empresas estadounidenses a cambio de favorecer a\u00a0<strong>Petr\u00f3leos Mexicanos (Pemex)<\/strong>\u00a0y a la\u00a0<strong>Comisi\u00f3n Federal de Electricidad (CFE).<\/strong><\/p>\n\n\n\n<p>El sector empresarial mexicano tampoco est\u00e1 a favor de la&nbsp;<strong>reforma el\u00e9ctrica<\/strong>. El 25 de enero, el&nbsp;<strong>Consejo Coordinador Empresarial (CCE)&nbsp;<\/strong><a href=\"https:\/\/cce.org.mx\/2022\/01\/25\/el-cce-lanza-la-plataforma-digital-energia-para-el-futuro\/\" target=\"_blank\" rel=\"noreferrer noopener\">present\u00f3 <\/a>la plataforma&nbsp;<strong><em>Energ\u00eda para el futuro<\/em><\/strong><em>,<\/em>&nbsp;en la cual asegura que las modificaciones impulsadas por el Gobierno federal apuestan por energ\u00edas m\u00e1s sucias y caras.<\/p>\n\n\n\n<p>A esa postura tambi\u00e9n se sum\u00f3 la&nbsp;<strong>Confederaci\u00f3n Patronal de la Rep\u00fablica Mexicana (Coparmex)<\/strong>, el organismo que aglutina a algunos de los empresarios m\u00e1s poderosos del pa\u00eds. Seg\u00fan ellos, la reforma energ\u00e9tica de L\u00f3pez Obrador ser\u00eda una<a href=\"https:\/\/mundo.sputniknews.com\/20220124\/empresarios-vuelven-a-arrasar-contra-reforma-energetica-de-amlo-seria-una-verguenza-internacional-1120692735.html\" target=\"_blank\" rel=\"noreferrer noopener\"> <strong>\u00abverg\u00fcenza internacional\u00bb<\/strong> <\/a>si es aprobada por el Congreso de M\u00e9xico.<\/p>\n\n\n\n<p>\u00abCreemos que si las leyes del a\u00f1o 2013 necesitan mejorarse que as\u00ed sea, pero para poner a M\u00e9xico a la vanguardia en competitividad, desarrollo econ\u00f3mico y generaci\u00f3n de energ\u00edas limpias, y no convertirlo en una verg\u00fcenza internacional por su desprecio al medio ambiente\u00bb, advirtieron.<\/p>\n\n\n\n<p><a href=\" https:\/\/mundo.sputniknews.com\/20220128\/la-cfe-acusa-a-iberdrola-de-concentrar-un-monopolio-de-la-electricidad-en-mexico-1120882623.html \"> https:\/\/mundo.sputniknews.com\/20220128\/la-cfe-acusa-a-iberdrola-de-concentrar-un-monopolio-de-la-electricidad-en-mexico-1120882623.html <\/a><\/p>\n\n\n\n<p>Fuente: https:\/\/mundo.sputniknews.com\/20220202\/mexico-estaria-a-punto-de-caer-en-una-dictadura-electrica-1121031205.html<\/p>\n","protected":false},"excerpt":{"rendered":"<p>SPUTNIK La reforma que propone el presidente Andr\u00e9s Manuel L\u00f3pez Obrador al sector el\u00e9ctrico evitar\u00eda que dicha industria quede en [&hellip;]<\/p>\n","protected":false},"author":1,"featured_media":20461,"comment_status":"open","ping_status":"open","sticky":false,"template":"","format":"standard","meta":{"site-sidebar-layout":"default","site-content-layout":"","ast-site-content-layout":"default","site-content-style":"default","site-sidebar-style":"default","ast-global-header-display":"","ast-banner-title-visibility":"","ast-main-header-display":"","ast-hfb-above-header-display":"","ast-hfb-below-header-display":"","ast-hfb-mobile-header-display":"","site-post-title":"","ast-breadcrumbs-content":"","ast-featured-img":"","footer-sml-layout":"","theme-transparent-header-meta":"","adv-header-id-meta":"","stick-header-meta":"","header-above-stick-meta":"","header-main-stick-meta":"","header-below-stick-meta":"","astra-migrate-meta-layouts":"default","ast-page-background-enabled":"default","ast-page-background-meta":{"desktop":{"background-color":"var(--ast-global-color-4)","background-image":"","background-repeat":"repeat","background-position":"center center","background-size":"auto","background-attachment":"scroll","background-type":"","background-media":"","overlay-type":"","overlay-color":"","overlay-opacity":"","overlay-gradient":""},"tablet":{"background-color":"","background-image":"","background-repeat":"repeat","background-position":"center center","background-size":"auto","background-attachment":"scroll","background-type":"","background-media":"","overlay-type":"","overlay-color":"","overlay-opacity":"","overlay-gradient":""},"mobile":{"background-color":"","background-image":"","background-repeat":"repeat","background-position":"center center","background-size":"auto","background-attachment":"scroll","background-type":"","background-media":"","overlay-type":"","overlay-color":"","overlay-opacity":"","overlay-gradient":""}},"ast-content-background-meta":{"desktop":{"background-color":"var(--ast-global-color-5)","background-image":"","background-repeat":"repeat","background-position":"center center","background-size":"auto","background-attachment":"scroll","background-type":"","background-media":"","overlay-type":"","overlay-color":"","overlay-opacity":"","overlay-gradient":""},"tablet":{"background-color":"var(--ast-global-color-5)","background-image":"","background-repeat":"repeat","background-position":"center center","background-size":"auto","background-attachment":"scroll","background-type":"","background-media":"","overlay-type":"","overlay-color":"","overlay-opacity":"","overlay-gradient":""},"mobile":{"background-color":"var(--ast-global-color-5)","background-image":"","background-repeat":"repeat","background-position":"center center","background-size":"auto","background-attachment":"scroll","background-type":"","background-media":"","overlay-type":"","overlay-color":"","overlay-opacity":"","overlay-gradient":""}},"footnotes":""},"categories":[8],"tags":[34,7357,274,4485],"class_list":["post-20460","post","type-post","status-publish","format-standard","has-post-thumbnail","hentry","category-noticias","tag-cfe","tag-ley-de-la-industria-electrica","tag-manuel-bartlett","tag-reforma-electrica"],"_links":{"self":[{"href":"https:\/\/losperiodistas.com.mx\/portal\/wp-json\/wp\/v2\/posts\/20460","targetHints":{"allow":["GET"]}}],"collection":[{"href":"https:\/\/losperiodistas.com.mx\/portal\/wp-json\/wp\/v2\/posts"}],"about":[{"href":"https:\/\/losperiodistas.com.mx\/portal\/wp-json\/wp\/v2\/types\/post"}],"author":[{"embeddable":true,"href":"https:\/\/losperiodistas.com.mx\/portal\/wp-json\/wp\/v2\/users\/1"}],"replies":[{"embeddable":true,"href":"https:\/\/losperiodistas.com.mx\/portal\/wp-json\/wp\/v2\/comments?post=20460"}],"version-history":[{"count":1,"href":"https:\/\/losperiodistas.com.mx\/portal\/wp-json\/wp\/v2\/posts\/20460\/revisions"}],"predecessor-version":[{"id":20462,"href":"https:\/\/losperiodistas.com.mx\/portal\/wp-json\/wp\/v2\/posts\/20460\/revisions\/20462"}],"wp:featuredmedia":[{"embeddable":true,"href":"https:\/\/losperiodistas.com.mx\/portal\/wp-json\/wp\/v2\/media\/20461"}],"wp:attachment":[{"href":"https:\/\/losperiodistas.com.mx\/portal\/wp-json\/wp\/v2\/media?parent=20460"}],"wp:term":[{"taxonomy":"category","embeddable":true,"href":"https:\/\/losperiodistas.com.mx\/portal\/wp-json\/wp\/v2\/categories?post=20460"},{"taxonomy":"post_tag","embeddable":true,"href":"https:\/\/losperiodistas.com.mx\/portal\/wp-json\/wp\/v2\/tags?post=20460"}],"curies":[{"name":"wp","href":"https:\/\/api.w.org\/{rel}","templated":true}]}}