{"id":20451,"date":"2022-02-02T05:53:34","date_gmt":"2022-02-02T11:53:34","guid":{"rendered":"http:\/\/losperiodistas.com.mx\/portal\/?p=20451"},"modified":"2022-02-02T05:53:35","modified_gmt":"2022-02-02T11:53:35","slug":"resena-del-libro-como-africa-fue-fundamental-para-la-creacion-del-mundo-moderno-the-conversation","status":"publish","type":"post","link":"https:\/\/losperiodistas.com.mx\/portal\/resena-del-libro-como-africa-fue-fundamental-para-la-creacion-del-mundo-moderno-the-conversation\/","title":{"rendered":"Rese\u00f1a del libro: c\u00f3mo \u00c1frica fue fundamental para la creaci\u00f3n del mundo moderno | The Conversation"},"content":{"rendered":"\n<div class=\"wp-block-image\"><figure class=\"aligncenter size-large\"><img fetchpriority=\"high\" decoding=\"async\" width=\"668\" height=\"324\" src=\"https:\/\/losperiodistas.com.mx\/portal\/wp-content\/uploads\/2022\/02\/file-20220126-21-hadgbf.jpeg\" alt=\"\" class=\"wp-image-20452\" srcset=\"https:\/\/losperiodistas.com.mx\/portal\/wp-content\/uploads\/2022\/02\/file-20220126-21-hadgbf.jpeg 668w, https:\/\/losperiodistas.com.mx\/portal\/wp-content\/uploads\/2022\/02\/file-20220126-21-hadgbf-300x146.jpeg 300w\" sizes=\"(max-width: 668px) 100vw, 668px\" \/><figcaption>Mansa Musa, el rey de Mali, abordado por un bereber a lomos de un camello, de The Catalan Atlas, 1375.\u00a0<br>Atribuido a Abraham Cresques\/Biblioth\u00e8que Nationale de France\/Wikimedia Commons<\/figcaption><\/figure><\/div>\n\n\n\n<p class=\"has-vivid-cyan-blue-color has-text-color has-medium-font-size\">LAUREN VAN DER REDE \/ THE CONVERSATION<\/p>\n\n\n\n<p><em><a href=\"https:\/\/wwnorton.com\/books\/9781631495823\">Born in Blackness<\/a>\u00a0: Africa, Africans, and the Making of the Modern World, 1471 to the Second World War<\/em>\u00a0, del periodista, fot\u00f3grafo, autor y profesor Howard W. French\u00a0, es el m\u00e1s reciente de una larga carrera de intervenciones literarias y period\u00edsticas reflexivas y significativas. .\u00a0Exige una explicaci\u00f3n de la modernidad que considere a \u00c1frica como central para la construcci\u00f3n del mundo moderno.<\/p>\n\n\n\n<p>El objetivo principal del libro, explica French desde el principio, es restaurar esos cap\u00edtulos clave que articulan el significado de \u00c1frica para nuestra narrativa com\u00fan de la modernidad a su lugar de prominencia adecuado.<\/p>\n\n\n\n<p>French traza intrincadamente, desde principios del siglo XV hasta la Segunda Guerra Mundial, los encuentros entre las civilizaciones africana y europea.&nbsp;<a href=\"https:\/\/www.nybooks.com\/articles\/2019\/06\/27\/medieval-africa-lost-kingdoms\/\">Estos, argumenta, fueron motivados por el deseo de Europa de comerciar con las ricas civilizaciones<\/a>&nbsp;negras de \u00c1frica occidental&nbsp;.&nbsp;Estos inclu\u00edan los&nbsp;imperios de&nbsp;<a href=\"https:\/\/www.britannica.com\/place\/Ghana-historical-West-African-empire\">Ghana<\/a>&nbsp;y&nbsp;<a href=\"https:\/\/www.sahistory.org.za\/article\/empire-mali-1230-1600\">Mal\u00ed . <\/a>La antigua regi\u00f3n de \u00c1frica occidental se percib\u00eda como una&nbsp;<a href=\"https:\/\/www.nationalarchives.gov.uk\/pathways\/blackhistory\/africa_caribbean\/west_africa.htm\">fuente abundante<\/a>&nbsp;de oro y esclavos.&nbsp;French argumenta que es el \u201ctrasfondo entrelazado del oro y la esclavitud\u201d lo que finalmente dar\u00eda lugar a la trata transatl\u00e1ntica de esclavos de principios del siglo XVI.<\/p>\n\n\n\n<h2 class=\"wp-block-heading\">Un viaje de 600 a\u00f1os<\/h2>\n\n\n\n<figure class=\"wp-block-image\"><a href=\"https:\/\/images.theconversation.com\/files\/442726\/original\/file-20220126-17-vg5rdr.jpeg?ixlib=rb-1.1.0&amp;q=45&amp;auto=format&amp;w=1000&amp;fit=clip\"><img decoding=\"async\" src=\"https:\/\/images.theconversation.com\/files\/442726\/original\/file-20220126-17-vg5rdr.jpeg?ixlib=rb-1.1.0&amp;q=45&amp;auto=format&amp;w=237&amp;fit=clip\" alt=\"Portada de un libro con una ilustraci\u00f3n que es un detalle de The Catlan Atlas que muestra a un rey saludando a un bereber a lomos de un camello, l\u00edneas y edificios en el fondo.\"\/><\/a><figcaption>Liveright\/WW Norton &amp; Company<\/figcaption><\/figure>\n\n\n\n<p><em>Nacido en Blackness<\/em>&nbsp;se extiende aproximadamente 600 a\u00f1os.&nbsp;Atraviesa geograf\u00edas desde el borde de Europa, a trav\u00e9s de \u00c1frica y las Am\u00e9ricas.&nbsp;Sigue la larga historia de la era del \u00abdescubrimiento\u00bb europeo que comienza con&nbsp;<a href=\"https:\/\/www.sahistory.org.za\/article\/africa-portugal\">las primeras incursiones de Portugal<\/a>&nbsp;en \u00c1frica y Asia a fines del siglo XV y principios del siglo XVI, pasando por el&nbsp;\u00abmodesto\u00bb comienzo de la&nbsp;<a href=\"https:\/\/www.britannica.com\/topic\/transatlantic-slave-trade\">trata de esclavos en el Atl\u00e1ntico en Barbados en la d\u00e9cada de 1630 hasta la <\/a><a href=\"https:\/\/www.blackpast.org\/global-african-history\/haitian-revolution-1791-1804\/\">revoluci\u00f3n haitiana<\/a>&nbsp;. .<\/p>\n\n\n\n<p>Luego pasa a la&nbsp;<a href=\"https:\/\/www.parliament.uk\/about\/living-heritage\/transformingsociety\/tradeindustry\/slavetrade\/overview\/parliament-abolishes-the-slave-trade\/\">abolici\u00f3n<\/a>&nbsp;en Londres del tr\u00e1fico transatl\u00e1ntico de seres humanos en 1807 y la introducci\u00f3n de la&nbsp;<a href=\"https:\/\/www.britannica.com\/technology\/cotton-harvester\">cosechadora mec\u00e1nica de algod\u00f3n<\/a>&nbsp;.&nbsp;Este invento \u201cpodr\u00eda hacer el trabajo de cincuenta negros aparceros, un hecho que no pasa desapercibido para los hacendados blancos del (Delta del Mississippi)\u201d.&nbsp;El seguimiento hist\u00f3rico de French de la elaboraci\u00f3n del mundo moderno a trav\u00e9s de la opresi\u00f3n y el sometimiento de las personas negras contin\u00faa durante la Segunda Guerra Mundial y m\u00e1s all\u00e1.<\/p>\n\n\n\n<p>Citando a Simeon Booker, un notable periodista afroamericano cuyo trabajo se refer\u00eda al movimiento estadounidense&nbsp;<a href=\"https:\/\/www.britannica.com\/event\/American-civil-rights-movement\">de derechos civiles<\/a>&nbsp;y al asesinato de&nbsp;<a href=\"https:\/\/www.loc.gov\/collections\/civil-rights-history-project\/articles-and-essays\/murder-of-emmett-till\/\">Emmett Till<\/a>&nbsp;, un adolescente afroamericano acusado de ofender a una mujer blanca, French se\u00f1ala que a principios de la d\u00e9cada de 1960, \u201cMississipi f\u00e1cilmente podr\u00eda clasificarse como con Sud\u00e1frica, Angola o la Alemania nazi por la brutalidad y el odio\u201d.<\/p>\n\n\n\n<p>Su cuidadoso tejido de c\u00f3mo el oro y la esclavitud se entrelazaron a lo largo de los siglos y los continentes deja una cosa muy clara.&nbsp;Sin el comercio de personas pertenecientes a las civilizaciones africanas en todo el mundo, pero particularmente en el Atl\u00e1ntico, el mundo moderno no se habr\u00eda hecho.<\/p>\n\n\n\n<h2 class=\"wp-block-heading\">Un ajuste de cuentas con la esclavitud<\/h2>\n\n\n\n<p>Como explica el autor, el auge de las industrias del algod\u00f3n, el az\u00facar y el tabaco de los Estados Unidos coloniales simplemente no habr\u00eda ocurrido sin el comercio de esclavos de \u00c1frica.&nbsp;Sin esta \u201csacudida capitalista\u201d, como dice French, lo que conocemos ahora como los Estados Unidos de Am\u00e9rica habr\u00eda permanecido relativamente oscuro.&nbsp;Probablemente no se habr\u00eda convertido en el estado de superpotencia que es hoy.<\/p>\n\n\n\n<hr class=\"wp-block-separator\"\/>\n\n\n\n<p><em><strong>Leer m\u00e1s:&nbsp;<a href=\"https:\/\/theconversation.com\/black-lives-matter-but-slavery-isnt-our-only-narrative-137016\">Black Lives Matter, pero la esclavitud no es nuestra \u00fanica narrativa<\/a><\/strong><\/em><\/p>\n\n\n\n<hr class=\"wp-block-separator\"\/>\n\n\n\n<p>De esta manera&nbsp;<em>Born in Blackness<\/em>&nbsp;desaf\u00eda enf\u00e1ticamente el olvido deliberado de las disputas europeas por el control de los recursos africanos.&nbsp;Este proceso de borrado, explica French, comenz\u00f3 con la \u00abEra de los Descubrimientos\u00bb de Europa (1400s-1600s).&nbsp;La justificaci\u00f3n incorrectamente explicada de esta era fue que las civilizaciones europeas quer\u00edan formar lazos comerciales con Asia.&nbsp;Para hacerlo, cruzaron continentes, incluida \u00c1frica, en busca de territorio y, m\u00e1s tarde, de s\u00fabditos.<\/p>\n\n\n\n<p>Pero French insiste en que la raz\u00f3n real era el sincero deseo de Europa de establecer lazos econ\u00f3micos con \u00c1frica y, en particular, con \u00c1frica Occidental, con sus civilizaciones ricas en recursos y sus econom\u00edas basadas en recursos.<\/p>\n\n\n\n<figure class=\"wp-block-image\"><a href=\"https:\/\/images.theconversation.com\/files\/442730\/original\/file-20220126-19-om9dcg.jpeg?ixlib=rb-1.1.0&amp;q=45&amp;auto=format&amp;w=1000&amp;fit=clip\"><img decoding=\"async\" src=\"https:\/\/images.theconversation.com\/files\/442730\/original\/file-20220126-19-om9dcg.jpeg?ixlib=rb-1.1.0&amp;q=45&amp;auto=format&amp;w=237&amp;fit=clip\" alt=\"Un retrato de un hombre con una camisa azul con una chaqueta marr\u00f3n, con gafas, sin afeitar la barba.\"\/><\/a><figcaption>Howard W. Franc\u00e9s.&nbsp;WW Norton y compa\u00f1\u00eda<\/figcaption><\/figure>\n\n\n\n<p>La intervenci\u00f3n de&nbsp;<em>Born in Blackness<\/em>&nbsp;, entonces, es insistir en tener en cuenta el papel jugado por el v\u00ednculo brutal entre Europa y \u00c1frica.&nbsp;Esto fue forjado a trav\u00e9s de la esclavitud.&nbsp;Es lo que impuls\u00f3 el nacimiento de una econom\u00eda capitalista verdaderamente global;&nbsp;aceler\u00f3 los procesos de industrializaci\u00f3n y revolucion\u00f3 las dietas del mundo al facilitar la globalizaci\u00f3n del consumo de az\u00facar.<\/p>\n\n\n\n<p>Tambi\u00e9n es importante se\u00f1alar, como hace French, que la centralidad del trabajo de los africanos esclavizados se extiende m\u00e1s all\u00e1 de la miner\u00eda de los cultivos de las plantaciones hasta la creaci\u00f3n misma de las plantaciones.&nbsp;Fueron los esclavos quienes prepararon la tierra para la siembra: quitaron plantas y piedras, pero lo m\u00e1s importante desplazaron a los pueblos ind\u00edgenas de sus territorios.<\/p>\n\n\n\n<h2 class=\"wp-block-heading\">Un mundo nacido en la negrura<\/h2>\n\n\n\n<p>Al marcar esto,&nbsp;<em>Nacidos en la negrura<\/em>&nbsp;demuestra c\u00f3mo el desplazamiento al que las personas africanas son llevadas como esclavas se refleja en la creaci\u00f3n de la Am\u00e9rica moderna y se refleja en el desplazamiento de las primeras naciones o los ind\u00edgenas estadounidenses.<\/p>\n\n\n\n<p>Lo que est\u00e1 en juego en la intervenci\u00f3n del libro es precisamente lo que gesticula su t\u00edtulo: que la modernidad y el mundo moderno naci\u00f3 precisamente en la negritud.\u00a0Las transformaciones civilizatorias que traza el autor (econ\u00f3micas, espaciales y, sobre todo, culturales en su textura) son producto de la negritud.<\/p>\n\n\n\n<ol class=\"wp-block-list\"><li><a href=\"https:\/\/theconversation.com\/profiles\/lauren-van-der-rede-1311253\">lauren van der rede<\/a> Profesor, Universidad de Stellenbosch<\/li><\/ol>\n\n\n\n<p>Fuente: https:\/\/theconversation.com\/book-review-how-africa-was-central-to-the-making-of-the-modern-world-175656<\/p>\n","protected":false},"excerpt":{"rendered":"<p>LAUREN VAN DER REDE \/ THE CONVERSATION Born in Blackness\u00a0: Africa, Africans, and the Making of the Modern World, 1471 [&hellip;]<\/p>\n","protected":false},"author":1,"featured_media":20452,"comment_status":"open","ping_status":"open","sticky":false,"template":"","format":"standard","meta":{"site-sidebar-layout":"default","site-content-layout":"","ast-site-content-layout":"default","site-content-style":"default","site-sidebar-style":"default","ast-global-header-display":"","ast-banner-title-visibility":"","ast-main-header-display":"","ast-hfb-above-header-display":"","ast-hfb-below-header-display":"","ast-hfb-mobile-header-display":"","site-post-title":"","ast-breadcrumbs-content":"","ast-featured-img":"","footer-sml-layout":"","theme-transparent-header-meta":"","adv-header-id-meta":"","stick-header-meta":"","header-above-stick-meta":"","header-main-stick-meta":"","header-below-stick-meta":"","astra-migrate-meta-layouts":"default","ast-page-background-enabled":"default","ast-page-background-meta":{"desktop":{"background-color":"var(--ast-global-color-4)","background-image":"","background-repeat":"repeat","background-position":"center center","background-size":"auto","background-attachment":"scroll","background-type":"","background-media":"","overlay-type":"","overlay-color":"","overlay-opacity":"","overlay-gradient":""},"tablet":{"background-color":"","background-image":"","background-repeat":"repeat","background-position":"center center","background-size":"auto","background-attachment":"scroll","background-type":"","background-media":"","overlay-type":"","overlay-color":"","overlay-opacity":"","overlay-gradient":""},"mobile":{"background-color":"","background-image":"","background-repeat":"repeat","background-position":"center center","background-size":"auto","background-attachment":"scroll","background-type":"","background-media":"","overlay-type":"","overlay-color":"","overlay-opacity":"","overlay-gradient":""}},"ast-content-background-meta":{"desktop":{"background-color":"var(--ast-global-color-5)","background-image":"","background-repeat":"repeat","background-position":"center center","background-size":"auto","background-attachment":"scroll","background-type":"","background-media":"","overlay-type":"","overlay-color":"","overlay-opacity":"","overlay-gradient":""},"tablet":{"background-color":"var(--ast-global-color-5)","background-image":"","background-repeat":"repeat","background-position":"center center","background-size":"auto","background-attachment":"scroll","background-type":"","background-media":"","overlay-type":"","overlay-color":"","overlay-opacity":"","overlay-gradient":""},"mobile":{"background-color":"var(--ast-global-color-5)","background-image":"","background-repeat":"repeat","background-position":"center center","background-size":"auto","background-attachment":"scroll","background-type":"","background-media":"","overlay-type":"","overlay-color":"","overlay-opacity":"","overlay-gradient":""}},"footnotes":""},"categories":[8],"tags":[7351,7350,7348,7349,7347,7346],"class_list":["post-20451","post","type-post","status-publish","format-standard","has-post-thumbnail","hentry","category-noticias","tag-africa","tag-esclavos","tag-historia-negra","tag-mali","tag-oro","tag-tabaco"],"_links":{"self":[{"href":"https:\/\/losperiodistas.com.mx\/portal\/wp-json\/wp\/v2\/posts\/20451","targetHints":{"allow":["GET"]}}],"collection":[{"href":"https:\/\/losperiodistas.com.mx\/portal\/wp-json\/wp\/v2\/posts"}],"about":[{"href":"https:\/\/losperiodistas.com.mx\/portal\/wp-json\/wp\/v2\/types\/post"}],"author":[{"embeddable":true,"href":"https:\/\/losperiodistas.com.mx\/portal\/wp-json\/wp\/v2\/users\/1"}],"replies":[{"embeddable":true,"href":"https:\/\/losperiodistas.com.mx\/portal\/wp-json\/wp\/v2\/comments?post=20451"}],"version-history":[{"count":1,"href":"https:\/\/losperiodistas.com.mx\/portal\/wp-json\/wp\/v2\/posts\/20451\/revisions"}],"predecessor-version":[{"id":20453,"href":"https:\/\/losperiodistas.com.mx\/portal\/wp-json\/wp\/v2\/posts\/20451\/revisions\/20453"}],"wp:featuredmedia":[{"embeddable":true,"href":"https:\/\/losperiodistas.com.mx\/portal\/wp-json\/wp\/v2\/media\/20452"}],"wp:attachment":[{"href":"https:\/\/losperiodistas.com.mx\/portal\/wp-json\/wp\/v2\/media?parent=20451"}],"wp:term":[{"taxonomy":"category","embeddable":true,"href":"https:\/\/losperiodistas.com.mx\/portal\/wp-json\/wp\/v2\/categories?post=20451"},{"taxonomy":"post_tag","embeddable":true,"href":"https:\/\/losperiodistas.com.mx\/portal\/wp-json\/wp\/v2\/tags?post=20451"}],"curies":[{"name":"wp","href":"https:\/\/api.w.org\/{rel}","templated":true}]}}