{"id":20448,"date":"2022-02-02T05:42:20","date_gmt":"2022-02-02T11:42:20","guid":{"rendered":"http:\/\/losperiodistas.com.mx\/portal\/?p=20448"},"modified":"2022-02-02T05:42:22","modified_gmt":"2022-02-02T11:42:22","slug":"efemerides-del-2-de-febrero-que-paso-un-dia-como-hoy-adn-40","status":"publish","type":"post","link":"https:\/\/losperiodistas.com.mx\/portal\/efemerides-del-2-de-febrero-que-paso-un-dia-como-hoy-adn-40\/","title":{"rendered":"Efem\u00e9rides del 2 de febrero: Qu\u00e9 pas\u00f3 un d\u00eda como hoy | ADN 40"},"content":{"rendered":"\n<p style=\"font-size:18px\"><em>\u00bfSabes qu\u00e9 pas\u00f3 un d\u00eda como hoy? El 2 de febrero se celebra el \u2018D\u00eda Mundial de los Humedales\u2019. Conoce las efem\u00e9rides de este d\u00eda.<\/em><\/p>\n\n\n\n<p><\/p>\n\n\n\n<figure class=\"wp-block-image size-large\"><img fetchpriority=\"high\" decoding=\"async\" width=\"968\" height=\"545\" src=\"https:\/\/losperiodistas.com.mx\/portal\/wp-content\/uploads\/2022\/02\/efem-febr-2.jpeg\" alt=\"\" class=\"wp-image-20449\" srcset=\"https:\/\/losperiodistas.com.mx\/portal\/wp-content\/uploads\/2022\/02\/efem-febr-2.jpeg 968w, https:\/\/losperiodistas.com.mx\/portal\/wp-content\/uploads\/2022\/02\/efem-febr-2-300x169.jpeg 300w, https:\/\/losperiodistas.com.mx\/portal\/wp-content\/uploads\/2022\/02\/efem-febr-2-768x432.jpeg 768w\" sizes=\"(max-width: 968px) 100vw, 968px\" \/><\/figure>\n\n\n\n<p><\/p>\n\n\n\n<p class=\"has-vivid-cyan-blue-color has-text-color has-medium-font-size\">ADN 40<\/p>\n\n\n\n<h2 class=\"wp-block-heading\">Qu\u00e9 se conmemora cada 2 de febrero<\/h2>\n\n\n\n<h2 class=\"wp-block-heading\">D\u00eda Mundial de los Humedales<\/h2>\n\n\n\n<p>Cada&nbsp;<strong>2 de febrero<\/strong>&nbsp;de cada a\u00f1o, desde 1997, se busca crear conciencia sobre el cuidado de los ecosistemas que se encuentran inundadas de forma permanente. En esta categor\u00eda est\u00e1n los pantanos, turberas, marismas, arrecifes de coral, manglares, los lagos y los r\u00edos.<\/p>\n\n\n\n<h2 class=\"wp-block-heading\">D\u00eda de la Marmota<\/h2>\n\n\n\n<p>El&nbsp;<strong>2 de febrero<\/strong>&nbsp;se celebra este d\u00eda que, en realidad, no est\u00e1 vinculado directamente con el animal. Se trata de una celebraci\u00f3n popular que se origin\u00f3 en Europa, donde los cristianos llevaban velas a la iglesia para bendecirlas y proteger sus hogares durante el invierno.<\/p>\n\n\n\n<p>Posteriormente, en Alemania se introdujo a la marmota, quien por medio de su sombra dir\u00eda cuanto invierno o mal tiempo tendr\u00edan.<\/p>\n\n\n\n<h2 class=\"wp-block-heading\">Efem\u00e9rides del 2 de febrero de 2022<\/h2>\n\n\n\n<p>962: En Roma, el papa Juan XII consagra emperador del Sacro Imperio Romano Germ\u00e1nico a Ot\u00f3n I consider\u00e1ndose este hecho el principio del imperio.<\/p>\n\n\n\n<p>1536: En el R\u00edo de la Plata, el espa\u00f1ol Pedro de Mendoza funda el puerto \u2018Nuestra Se\u00f1ora Mar\u00eda del Buen Aire\u2019, en donde hoy se encuentra la ciudad de Buenos Aires.<\/p>\n\n\n\n<p>1653: Nueva \u00c1msterdam, m\u00e1s tarde denominada Nueva York, adquiere la categor\u00eda de ciudad.<\/p>\n\n\n\n<figure class=\"wp-block-image\"><img decoding=\"async\" src=\"https:\/\/tvazteca.brightspotcdn.com\/dims4\/default\/2d69e9c\/2147483647\/strip\/true\/crop\/1200x675+0+0\/resize\/968x545!\/format\/jpg\/quality\/80\/?url=https%3A%2F%2Ftvazteca.brightspotcdn.com%2Faa%2F15%2F37eb4d824de680dc82642e41f53b%2Fefemerides-2-de-febrero-2.jpg\" alt=\"efem\u00e9rides 2 de febrero 2.jpg\"\/><\/figure>\n\n\n\n<p>1709: En una isla del oc\u00e9ano Pac\u00edfico, el marino escoc\u00e9s Alexander Selkirk (1676-1721) es rescatado despu\u00e9s de vivir cuatro a\u00f1os en una isla desierta. Su historia inspirar\u00e1 al escritor brit\u00e1nico Daniel Defoe a escribir su novela&nbsp;<em>Robinson Crusoe<\/em>.<\/p>\n\n\n\n<p>1832: Muere Ignacio Ray\u00f3n en la Ciudad de M\u00e9xico. Fue abogado y tuvo una participaci\u00f3n importante en la lucha por la independencia nacional.<\/p>\n\n\n\n<p>1848: Firma del Tratado de Guadalupe Hidalgo. El Gobierno de M\u00e9xico, en el marco de la Guerra de intervenci\u00f3n estadounidense, cede a Estados Unidos m\u00e1s de la mitad de su territorio: la totalidad de lo que hoy son los estados de California, Arizona, Nevada y Utah; as\u00ed como parte de Colorado, Nuevo M\u00e9xico y Wyoming; se establece el R\u00edo Bravo del Norte como la l\u00ednea divisoria entre Texas y M\u00e9xico.<\/p>\n\n\n\n<p>1887: En Punxsutawney (Estados Unidos) se celebra por primera vez el \u2018D\u00eda de la Marmota\u2019.<\/p>\n\n\n\n<p>1913: Se inaugura en Nueva York la Grand Central Terminal, la mayor estaci\u00f3n ferroviaria del mundo.<\/p>\n\n\n\n<p>1922: Se publica la novela&nbsp;<em>Ulises<\/em>, de James Joyce.<\/p>\n\n\n\n<p>1939: El gobierno franquista decreta la ilegalidad de todas las religiones en Espa\u00f1a salvo la cat\u00f3lica.<\/p>\n\n\n\n<p>1943: En la Uni\u00f3n Sovi\u00e9tica termina la batalla de Stalingrado.<\/p>\n\n\n\n<p>1962: Estado de sitio en Guatemala tras descubrirse una conjura para asesinar al presidente y a todos los ministros.<\/p>\n\n\n\n<p>1963: En Bibli\u00e1n (Ecuador) mueren m\u00e1s de 100 ni\u00f1os al derrumbarse un edificio escolar.<\/p>\n\n\n\n<p>1970: En una cl\u00ednica neuroquir\u00fargica de M\u00fanich (Alemania Occidental) se consigue realizar con \u00e9xito el primer trasplante de nervios en la historia de la medicina.<\/p>\n\n\n\n<p>1973: En Dubl\u00edn (Irlanda), 40 000 manifestantes asaltan la embajada brit\u00e1nica como consecuencia de un tiroteo en la ciudad norirlandesa de Londonderry.<\/p>\n\n\n\n<figure class=\"wp-block-image\"><img decoding=\"async\" src=\"https:\/\/tvazteca.brightspotcdn.com\/dims4\/default\/47ee4d3\/2147483647\/strip\/true\/crop\/998x646+0+0\/resize\/968x627!\/format\/jpg\/quality\/80\/?url=https%3A%2F%2Ftvazteca.brightspotcdn.com%2Fab%2Fc1%2F7f01ff434f06bdd728580d2c723f%2Fefemerides-2-de-febrero-3.jpg\" alt=\"efem\u00e9rides 2 de febrero 3.jpg\"\/><\/figure>\n\n\n\n<p>1974: En Shaanxi (China), un campesino descubre parte de un guerrero de arcilla cocida roja. Es el inicio del descubrimiento m\u00e1s importante del siglo para China, este campesino humilde descubre en sus tierras, la punta del iceberg de los&nbsp;<em><a href=\"https:\/\/www.adn40.mx\/noticia\/internacional\/notas\/2020-01-06-10-43\/encuentran-mas-de-200-guerreros-de-terracota-en-china\" target=\"_blank\" rel=\"noreferrer noopener\">Guerreros de Terracota&nbsp;<\/a><\/em>.<\/p>\n\n\n\n<p>1981: Per\u00fa y Ecuador firman un alto el fuego.<\/p>\n\n\n\n<p>1994: En Kasai (Zaire), al menos doscientas personas mueren al descarrilar un tren.<\/p>\n\n\n\n<p>1999: En el Congreso Nacional, en Caracas (Venezuela), se celebra la toma de posesi\u00f3n del presidente electo, Hugo Ch\u00e1vez.<\/p>\n\n\n\n<p>2000: La Universidad Nacional Aut\u00f3noma de M\u00e9xico, cerrada desde abril de 1999, se convierte en escenario de una manifestaci\u00f3n masiva, en protesta por la subida de las matr\u00edculas y para exigir la participaci\u00f3n estudiantil en la reestructuraci\u00f3n de la principal universidad de Latinoam\u00e9rica.<\/p>\n\n\n\n<p>2004: El tenista suizo&nbsp;<a href=\"https:\/\/www.adn40.mx\/noticia\/internacional\/notas\/2019-12-02-12-56\/roger-federer-sera-la-primera-persona-viva-en-estar-en-una-moneda\" target=\"_blank\" rel=\"noreferrer noopener\">Roger Federer&nbsp;<\/a>alcanza el n\u00famero 1 del mundo por primera vez en su carrera.<\/p>\n\n\n\n<p>2006: En los pa\u00edses musulmanes se declara la pena de muerte de cualquiera que reproduzca caricaturas de Mahoma en diarios occidentales.<\/p>\n\n\n\n<p>Fuente: https:\/\/www.adn40.mx\/mexico\/efemerides-2-de-febrero-gm-especial<\/p>\n","protected":false},"excerpt":{"rendered":"<p>\u00bfSabes qu\u00e9 pas\u00f3 un d\u00eda como hoy? El 2 de febrero se celebra el \u2018D\u00eda Mundial de los Humedales\u2019. Conoce [&hellip;]<\/p>\n","protected":false},"author":1,"featured_media":20449,"comment_status":"open","ping_status":"open","sticky":false,"template":"","format":"standard","meta":{"site-sidebar-layout":"default","site-content-layout":"","ast-site-content-layout":"default","site-content-style":"default","site-sidebar-style":"default","ast-global-header-display":"","ast-banner-title-visibility":"","ast-main-header-display":"","ast-hfb-above-header-display":"","ast-hfb-below-header-display":"","ast-hfb-mobile-header-display":"","site-post-title":"","ast-breadcrumbs-content":"","ast-featured-img":"","footer-sml-layout":"","theme-transparent-header-meta":"","adv-header-id-meta":"","stick-header-meta":"","header-above-stick-meta":"","header-main-stick-meta":"","header-below-stick-meta":"","astra-migrate-meta-layouts":"default","ast-page-background-enabled":"default","ast-page-background-meta":{"desktop":{"background-color":"var(--ast-global-color-4)","background-image":"","background-repeat":"repeat","background-position":"center center","background-size":"auto","background-attachment":"scroll","background-type":"","background-media":"","overlay-type":"","overlay-color":"","overlay-opacity":"","overlay-gradient":""},"tablet":{"background-color":"","background-image":"","background-repeat":"repeat","background-position":"center center","background-size":"auto","background-attachment":"scroll","background-type":"","background-media":"","overlay-type":"","overlay-color":"","overlay-opacity":"","overlay-gradient":""},"mobile":{"background-color":"","background-image":"","background-repeat":"repeat","background-position":"center center","background-size":"auto","background-attachment":"scroll","background-type":"","background-media":"","overlay-type":"","overlay-color":"","overlay-opacity":"","overlay-gradient":""}},"ast-content-background-meta":{"desktop":{"background-color":"var(--ast-global-color-5)","background-image":"","background-repeat":"repeat","background-position":"center center","background-size":"auto","background-attachment":"scroll","background-type":"","background-media":"","overlay-type":"","overlay-color":"","overlay-opacity":"","overlay-gradient":""},"tablet":{"background-color":"var(--ast-global-color-5)","background-image":"","background-repeat":"repeat","background-position":"center center","background-size":"auto","background-attachment":"scroll","background-type":"","background-media":"","overlay-type":"","overlay-color":"","overlay-opacity":"","overlay-gradient":""},"mobile":{"background-color":"var(--ast-global-color-5)","background-image":"","background-repeat":"repeat","background-position":"center center","background-size":"auto","background-attachment":"scroll","background-type":"","background-media":"","overlay-type":"","overlay-color":"","overlay-opacity":"","overlay-gradient":""}},"footnotes":""},"categories":[8],"tags":[7339,7341,7340,7343,7344,7342],"class_list":["post-20448","post","type-post","status-publish","format-standard","has-post-thumbnail","hentry","category-noticias","tag-dia-de-la-marmota","tag-guerreros-de-terracota","tag-humedales","tag-ignacio-rayon","tag-nueva-amsterdam","tag-tratado-guadalupe-hidalgo"],"_links":{"self":[{"href":"https:\/\/losperiodistas.com.mx\/portal\/wp-json\/wp\/v2\/posts\/20448","targetHints":{"allow":["GET"]}}],"collection":[{"href":"https:\/\/losperiodistas.com.mx\/portal\/wp-json\/wp\/v2\/posts"}],"about":[{"href":"https:\/\/losperiodistas.com.mx\/portal\/wp-json\/wp\/v2\/types\/post"}],"author":[{"embeddable":true,"href":"https:\/\/losperiodistas.com.mx\/portal\/wp-json\/wp\/v2\/users\/1"}],"replies":[{"embeddable":true,"href":"https:\/\/losperiodistas.com.mx\/portal\/wp-json\/wp\/v2\/comments?post=20448"}],"version-history":[{"count":1,"href":"https:\/\/losperiodistas.com.mx\/portal\/wp-json\/wp\/v2\/posts\/20448\/revisions"}],"predecessor-version":[{"id":20450,"href":"https:\/\/losperiodistas.com.mx\/portal\/wp-json\/wp\/v2\/posts\/20448\/revisions\/20450"}],"wp:featuredmedia":[{"embeddable":true,"href":"https:\/\/losperiodistas.com.mx\/portal\/wp-json\/wp\/v2\/media\/20449"}],"wp:attachment":[{"href":"https:\/\/losperiodistas.com.mx\/portal\/wp-json\/wp\/v2\/media?parent=20448"}],"wp:term":[{"taxonomy":"category","embeddable":true,"href":"https:\/\/losperiodistas.com.mx\/portal\/wp-json\/wp\/v2\/categories?post=20448"},{"taxonomy":"post_tag","embeddable":true,"href":"https:\/\/losperiodistas.com.mx\/portal\/wp-json\/wp\/v2\/tags?post=20448"}],"curies":[{"name":"wp","href":"https:\/\/api.w.org\/{rel}","templated":true}]}}