{"id":20438,"date":"2022-02-02T05:37:17","date_gmt":"2022-02-02T11:37:17","guid":{"rendered":"http:\/\/losperiodistas.com.mx\/portal\/?p=20438"},"modified":"2022-02-02T05:37:19","modified_gmt":"2022-02-02T11:37:19","slug":"el-negro-historial-del-politico-al-que-lourdes-maldonado-denuncio-antes-de-ser-asesinada-dw","status":"publish","type":"post","link":"https:\/\/losperiodistas.com.mx\/portal\/el-negro-historial-del-politico-al-que-lourdes-maldonado-denuncio-antes-de-ser-asesinada-dw\/","title":{"rendered":"El negro historial del pol\u00edtico al que Lourdes Maldonado denunci\u00f3 antes de ser asesinada | DW"},"content":{"rendered":"\n<p style=\"font-size:18px\"><em>Documentos prueban que Jaime Bonilla Valdez minti\u00f3 en M\u00e9xico a la Secretar\u00eda de la Funci\u00f3n P\u00fablica, y en Estados Unidos ocult\u00f3 una fastuosa mansi\u00f3n valuada en 2,08 millones de d\u00f3lares ubicada en Chula Vista, California.<\/em><\/p>\n\n\n\n<p><\/p>\n\n\n\n<figure class=\"wp-block-image size-large\"><img fetchpriority=\"high\" decoding=\"async\" width=\"700\" height=\"394\" src=\"https:\/\/losperiodistas.com.mx\/portal\/wp-content\/uploads\/2022\/02\/60620658_303.jpeg\" alt=\"\" class=\"wp-image-20439\" srcset=\"https:\/\/losperiodistas.com.mx\/portal\/wp-content\/uploads\/2022\/02\/60620658_303.jpeg 700w, https:\/\/losperiodistas.com.mx\/portal\/wp-content\/uploads\/2022\/02\/60620658_303-300x169.jpeg 300w\" sizes=\"(max-width: 700px) 100vw, 700px\" \/><\/figure>\n\n\n\n<p class=\"has-vivid-cyan-blue-color has-text-color has-medium-font-size\">ANABEL HERN\u00c1NDEZ \/ CONTRACORRIENTE! \/ DW<\/p>\n\n\n\n<p>\u00abEs un transa, corrupto de lo peor\u2026\u201d.As\u00ed denuncio la periodista de Tijuana Lourdes Maldonado el 19 de enero pasado al empresario Jaime Bonilla Valdez, militante de MORENA, senador con licencia (2018), ex delegado del gobierno de Andr\u00e9s Manuel L\u00f3pez Obrador (2018-2019) y ex gobernador de Baja California (2019-2021).<\/p>\n\n\n\n<p>La periodista hab\u00eda entablado hac\u00eda a\u00f1os una demanda laboral en su contra porque Bonilla Valdez se negaba a pagarle su salario luego de que ella trabaj\u00f3 para su empresa PSN Primer Sistema de Noticias, una red de mutimedios&nbsp; primero conocida como Pacific Spanish Network.<\/p>\n\n\n\n<p>\u00abDespu\u00e9s de 9 a\u00f1os, simplemente ya: o me paga o pongo al descubierto que nunca ha pagado impuestos el tipo ese. Ni Infonavit, ni SAT, ni nada\u2026 Yo trabaj\u00e9 con \u00e9l seis a\u00f1os y nunca me pag\u00f3 seguro, ni SAT, ni Infonavit, ni impuestos y no paga Hacienda, al SAT, a la gente le paga en efectivo\u2026\u201d, advirti\u00f3 la periodista conocida en la ciudad fronteriza por aguerrida y congruente, seg\u00fan el contenido de un audio difundido por diversos medios de comunicaci\u00f3n hace unos d\u00edas. Finalmente Lourdes hab\u00eda logrado ganar la causa judicial y deb\u00eda ser indemnizada con&nbsp; m\u00e1s de medio mill\u00f3n de pesos.<\/p>\n\n\n\n<p>Cuatro d\u00edas despu\u00e9s, el 23 de enero, Lourdes fue asesinada con disparos de arma de fuego a plena luz del d\u00eda afuera de su casa en Tijuana aunque estaba bajo la tutela de un mecanismo local de protecci\u00f3n a periodistas. As\u00ed, se convirti\u00f3 en la tercera periodista asesinada en M\u00e9xico en 2022. Este mes tambi\u00e9n ejecutaron a balazos al foto-periodista Margarito Mart\u00ednez, el 17 de enero en Tijuana,&nbsp;el 10 de enero al compa\u00f1ero Jos\u00e9 Luis Gamboa Arenas, director del medio digital Inforegio, en Veracruz, quien fue acuchillado, y&nbsp;Roberto Toledo, colaborador del medio Monitor Michoac\u00e1n, fue asesinado el 31 de enero a balazos.<\/p>\n\n\n\n<p>Van 52 periodistas ejecutados en lo que va del sexenio de L\u00f3pez Obrador seg\u00fan cifras oficiales, rompiendo el r\u00e9cord de violencia.<\/p>\n\n\n\n<p>El asesinato de Lourdes le impidi\u00f3 revelar las irregularidades financieras y fiscales de las que acus\u00f3 al militante de MORENA. Lo que se puede documentar es que Bonilla Valdez ha tenido una actividad empresarial irregular en Estados Unidos.<\/p>\n\n\n\n<p>Y en M\u00e9xico, en el autodenominado gobierno de la Cuarta Transformaci\u00f3n, el empresario y pol\u00edtico ocult\u00f3 la existencia de una fastuosa mansi\u00f3n valuada en 2.08 millones de d\u00f3lares ubicada en Chula Vista, California de la que es propietario desde 1999 a la fecha.<\/p>\n\n\n\n<p>Con esto viol\u00f3 la Ley Federal de Servidores P\u00fablicos al omitir los detalles de la propiedad en las dos declaraciones patrimoniales que presentadas en 2019 ante la Secretar\u00eda de la Funci\u00f3n P\u00fablica como Delegado de la todav\u00eda denominada Secretar\u00eda de Desarrollo Social, ahora Secretar\u00eda de Bienestar.<a href=\"https:\/\/www.dw.com\/es\/el-negro-historial-del-pol%C3%ADtico-al-que-lourdes-maldonado-denunci%C3%B3-antes-de-ser-asesinada\/a-60627176#\"><\/a><\/p>\n\n\n\n<p>Anabel Hern\u00e1ndez, periodista mexicana y autora de esta columna<\/p>\n\n\n\n<p>Esta es la historia de un doble abuso hasta ahora impune. Hechos que nos recuerdan que muchas cosas en M\u00e9xico no han cambiado: la masacre de periodistas y la opacidad e incumplimiento de la ley&nbsp; en los altos mandos del gobierno federal.<\/p>\n\n\n\n<p><strong>El Estado abandon\u00f3 a Lourdes<\/strong><\/p>\n\n\n\n<p>Desde el 26 de marzo de 2019, cuando ya ten\u00eda a\u00f1os sin resolverse la demanda laboral interpuesta por la periodista Lourdes Maldonado contra Jaime Bonilla Valdez, en un acto de fe en las instituciones del Estado ella viaj\u00f3 a la Ciudad de M\u00e9xico y se present\u00f3 en la conferencia matutina del Presidente L\u00f3pez Obrador en Palacio Nacional. Ah\u00ed dijo p\u00fablicamente que su vida estaba en peligro a causa del problema laboral con el poderoso pol\u00edtico de MORENA, y pidi\u00f3 el apoyo del Estado Mexicano.<\/p>\n\n\n\n<p>\u00ab\u2026vengo tambi\u00e9n aqu\u00ed para pedirle apoyo, ayuda y justicia laboral, porque hasta temo por mi vida, porque se trata de un pleito que tengo seis a\u00f1os con \u00e9l\u2026.\u201d, dijo Lourdes a AMLO con voz serena pero firme en la conferencia matutina de Palacio Nacional.<\/p>\n\n\n\n<p>\u00abEntonces, vengo aqu\u00ed a pedir ese apoyo, esa justicia y lo hago porque se trata de un personaje fuerte en pol\u00edtica que no pretende pagarme ni mucho menos, ya hasta met\u00ed un amparo, pero lo hago porque se trata de su senador con licencia, de su s\u00faper coordinador de delegaciones y su candidato, pr\u00f3ximo candidato a la gubernatura de Baja California, el licenciado Jaime Bonilla.<\/p>\n\n\n\n<p>\u00abPor eso estoy aqu\u00ed pidiendo su apoyo, porque usted ha dicho que quitarle o no pagarles su sueldo a los empleados es injusto y es hasta un pecado, se\u00f1or\u201d, dijo Lourdes.<\/p>\n\n\n\n<p>Sus palabras cayeron al vac\u00edo. AMLO demag\u00f3gicamente la canaliz\u00f3 con su jefe de prensa y dijo que le dar\u00edan apoyo. Hoy Lourdes est\u00e1 muerta.<\/p>\n\n\n\n<p>Tras su homicidio el Presidente de M\u00e9xico prioriz\u00f3 la protecci\u00f3n de la imagen de su partido Morena en vez de mantenerse imparcial. Pidi\u00f3 que no se vincule a Bonilla Valdez con la muerte de Lourdes. Si bien no hay hasta ahora informaci\u00f3n sobre los autores materiales e intelectuales del homicidio, es obligado que el litigio laboral con Bonilla Valdez sea considerado como uno de los elementos principales en el contexto de la muerte de la periodista y una l\u00ednea de investigaci\u00f3n ineludible.<\/p>\n\n\n\n<p><strong>El negro historial de Bonilla Valdez<\/strong><\/p>\n\n\n\n<p>Desde el 27 de enero de 1993 Jaime Bonilla Valdez aparece como propietario, director ejecutivo, director financiero y&nbsp; secretario de la empresa Pacific Spanish Network, seg\u00fan documentos oficiales del Departamento de Estado de California. Y tiene como actividad empresarial la radiodifusi\u00f3n.&nbsp;<a href=\"https:\/\/www.dw.com\/es\/el-negro-historial-del-pol%C3%ADtico-al-que-lourdes-maldonado-denunci%C3%B3-antes-de-ser-asesinada\/a-60627176#\"><\/a><\/p>\n\n\n\n<figure class=\"wp-block-image size-large\"><img decoding=\"async\" width=\"744\" height=\"1024\" src=\"https:\/\/losperiodistas.com.mx\/portal\/wp-content\/uploads\/2022\/02\/Captura-de-Pantalla-2022-02-02-a-las-5.29.14-744x1024.jpg\" alt=\"\" class=\"wp-image-20440\" srcset=\"https:\/\/losperiodistas.com.mx\/portal\/wp-content\/uploads\/2022\/02\/Captura-de-Pantalla-2022-02-02-a-las-5.29.14-744x1024.jpg 744w, https:\/\/losperiodistas.com.mx\/portal\/wp-content\/uploads\/2022\/02\/Captura-de-Pantalla-2022-02-02-a-las-5.29.14-218x300.jpg 218w, https:\/\/losperiodistas.com.mx\/portal\/wp-content\/uploads\/2022\/02\/Captura-de-Pantalla-2022-02-02-a-las-5.29.14-768x1057.jpg 768w, https:\/\/losperiodistas.com.mx\/portal\/wp-content\/uploads\/2022\/02\/Captura-de-Pantalla-2022-02-02-a-las-5.29.14.jpg 952w\" sizes=\"(max-width: 744px) 100vw, 744px\" \/><\/figure>\n\n\n\n<p>Seg\u00fan informaci\u00f3n p\u00fablica PSN Primer Sistema de Noticias, medio para el que trabajaba Lourdes Maldonado en Baja California, es propiedad de Pacific Spanish Network, y esta \u00faltima se encuentra actualmente activa.<\/p>\n\n\n\n<p>De acuerdo a documentos de la Comisi\u00f3n Federal de Comunicaciones (FCC) de Estados Unidos&nbsp; Pacific Spanish Network ha sido denunciada al menos dos veces en las oficinas centrales de la FCC en Washington DC por violar las leyes que regulan la operaci\u00f3n de estaciones de radio.<\/p>\n\n\n\n<p>En 2005&nbsp; se orden\u00f3 un embargo de 10 mil d\u00f3lares por estar operando una estaci\u00f3n de radio de microondas sin licencia en el canal de microondas 22473.5 MHz.2. La Oficina de San Diego de la Comisi\u00f3n inici\u00f3 su investigaci\u00f3n el 8 de marzo de 2005 sobre esa operaci\u00f3n ilegal. La empresa argumento que ten\u00edan en tr\u00e1mite la solicitud de licencia para operar, pero desde el 1 de marzo \u00abesta solicitud fue desestimada el 1 de marzo de 2005, por falta de pago de una deuda morosa.\u201d Aunque le advirtieron que deb\u00eda suspender actividades porque no ten\u00eda licencia, sigui\u00f3 operando.<\/p>\n\n\n\n<p>\u00ab\u2026la violaci\u00f3n de Pacific Spanish fue intencional. La violaci\u00f3n ocurri\u00f3 en m\u00e1s de un d\u00eda, por lo tanto, se repiti\u00f3. Con base en la evidencia ante nosotros, encontramos que el espa\u00f1ol del Pac\u00edfico aparentemente intencional y repetidamente viol\u00f3 la Secci\u00f3n 301 de la Ley al operar una estaci\u00f3n de radio de microondas sin autorizaci\u00f3n\u201d.<\/p>\n\n\n\n<p>En 2012 la FCC abri\u00f3 una nueva queja contra la empresa de Bonilla Valdez y se solicit\u00f3 un decomiso por la cantidad de 6 mil d\u00f3lares \u00abpor violar intencional y repetidamente la Secci\u00f3n 1.903(a) de las reglas de la Comisi\u00f3n\u201d.&nbsp; \u00abLas violaciones se\u00f1aladas involucraron la operaci\u00f3n de Pacific Spanish de la Estaci\u00f3n WQVC596 en una frecuencia y orientaci\u00f3n de antena no autorizada por su licencia\u201d, se se\u00f1ala en el documento administrativo.<a href=\"https:\/\/www.dw.com\/es\/el-negro-historial-del-pol%C3%ADtico-al-que-lourdes-maldonado-denunci%C3%B3-antes-de-ser-asesinada\/a-60627176#\"><\/a><\/p>\n\n\n\n<figure class=\"wp-block-image size-large\"><img decoding=\"async\" width=\"731\" height=\"1024\" src=\"https:\/\/losperiodistas.com.mx\/portal\/wp-content\/uploads\/2022\/02\/Captura-de-Pantalla-2022-02-02-a-las-5.30.01-731x1024.jpg\" alt=\"\" class=\"wp-image-20441\" srcset=\"https:\/\/losperiodistas.com.mx\/portal\/wp-content\/uploads\/2022\/02\/Captura-de-Pantalla-2022-02-02-a-las-5.30.01-731x1024.jpg 731w, https:\/\/losperiodistas.com.mx\/portal\/wp-content\/uploads\/2022\/02\/Captura-de-Pantalla-2022-02-02-a-las-5.30.01-214x300.jpg 214w, https:\/\/losperiodistas.com.mx\/portal\/wp-content\/uploads\/2022\/02\/Captura-de-Pantalla-2022-02-02-a-las-5.30.01-768x1076.jpg 768w, https:\/\/losperiodistas.com.mx\/portal\/wp-content\/uploads\/2022\/02\/Captura-de-Pantalla-2022-02-02-a-las-5.30.01.jpg 944w\" sizes=\"(max-width: 731px) 100vw, 731px\" \/><\/figure>\n\n\n\n<p>La empresa de Bonilla Valdez intent\u00f3 confundir a la autoridad dando documentos que no correspond\u00edan a la licencia. Luego acept\u00f3 su falta pero pidi\u00f3 que se redujera la sanci\u00f3n argumentando que \u00e9sta beneficiaba a sus competidores.<\/p>\n\n\n\n<p>\u00abEl monto de decomiso propuesto en este caso se evalu\u00f3 de acuerdo con la Secci\u00f3n 503(b) de la Ley de Comunicaciones \u2026 la Ley exige que la Comisi\u00f3n tenga en cuenta la naturaleza, las circunstancias, el alcance y la gravedad de la infracci\u00f3n y, con respecto al infractor, el grado de culpabilidad, y todo el historial de infracciones anteriores\u201d.<\/p>\n\n\n\n<p><strong>La fastuosa propiedad secreta de Bonilla Valdez<\/strong><\/p>\n\n\n\n<p>En M\u00e9xico Bonilla Valdez se negaba a pagar sus adeudos laborales a la periodista Lourdes Valdez. Simult\u00e1neamente en Estados Unidos se daba una vida de magnate.<\/p>\n\n\n\n<p>Seg\u00fan registros p\u00fablicos de propiedad del condado de San Diego, actuales, desde 1999 es propietario&nbsp; de una lujosa mansi\u00f3n valuada en&nbsp; 2,08 millones de d\u00f3lares en Chula Vista, California, seg\u00fan documentos oficiales de los que tengo copia. Se encuentra en la calle Mansiones Ln, n\u00famero 1145, en el costoso fraccionamiento Rancho del Rey, en Chula Vista, California.<\/p>\n\n\n\n<p>De acuerdo a los registros p\u00fablicos se trata de una enorme propiedad que consta de 2,100 metros cuadrados de terreno y una casona construida en forma de herradura de cerca de 541 metros cuadrados de construcci\u00f3n con 5 rec\u00e1maras, 6 ba\u00f1os, 4 lugares de estacionamiento, y alberca, entre otras amenidades.<\/p>\n\n\n\n<p>La propiedad fue adquirida en mayo de 1999 por Jaime Bonilla Valdez y Rita. Aunque no aparecen en los registros los apellidos de \u00e9sta \u00faltima, es conocido p\u00fablicamente que la esposa del ex gobernador de Baja California se llama Rita Fimbres. En los registros no est\u00e1 anotado cuanto fue el pago total por la propiedad.<br><a href=\"https:\/\/www.dw.com\/es\/el-negro-historial-del-pol%C3%ADtico-al-que-lourdes-maldonado-denunci%C3%B3-antes-de-ser-asesinada\/a-60627176#\"><\/a><\/p>\n\n\n\n<figure class=\"wp-block-image size-large\"><img loading=\"lazy\" decoding=\"async\" width=\"734\" height=\"1024\" src=\"https:\/\/losperiodistas.com.mx\/portal\/wp-content\/uploads\/2022\/02\/Captura-de-Pantalla-2022-02-02-a-las-5.30.55-734x1024.jpg\" alt=\"\" class=\"wp-image-20442\" srcset=\"https:\/\/losperiodistas.com.mx\/portal\/wp-content\/uploads\/2022\/02\/Captura-de-Pantalla-2022-02-02-a-las-5.30.55-734x1024.jpg 734w, https:\/\/losperiodistas.com.mx\/portal\/wp-content\/uploads\/2022\/02\/Captura-de-Pantalla-2022-02-02-a-las-5.30.55-215x300.jpg 215w, https:\/\/losperiodistas.com.mx\/portal\/wp-content\/uploads\/2022\/02\/Captura-de-Pantalla-2022-02-02-a-las-5.30.55-768x1071.jpg 768w, https:\/\/losperiodistas.com.mx\/portal\/wp-content\/uploads\/2022\/02\/Captura-de-Pantalla-2022-02-02-a-las-5.30.55.jpg 948w\" sizes=\"(max-width: 734px) 100vw, 734px\" \/><\/figure>\n\n\n\n<p>De acuerdo a los registros oficiales de la Secretar\u00eda de Estado de California al menos desde agosto de 2020 a la fecha\u00a0 la millonaria mansi\u00f3n de Chula Vista es adem\u00e1s la direcci\u00f3n oficial de la empresa Pacific Spanish Network, la cual est\u00e1 ligada a la empresa en la que trabaj\u00f3 Lourdes Maldonado. Tan solo en 2021 se debieron pagar 15 mil 659 d\u00f3lares de impuestos por la propiedad.<a href=\"https:\/\/www.dw.com\/es\/el-negro-historial-del-pol%C3%ADtico-al-que-lourdes-maldonado-denunci%C3%B3-antes-de-ser-asesinada\/a-60627176#\"><\/a><\/p>\n\n\n\n<figure class=\"wp-block-image size-large\"><img loading=\"lazy\" decoding=\"async\" width=\"748\" height=\"1024\" src=\"https:\/\/losperiodistas.com.mx\/portal\/wp-content\/uploads\/2022\/02\/Captura-de-Pantalla-2022-02-02-a-las-5.33.09-748x1024.jpg\" alt=\"\" class=\"wp-image-20444\" srcset=\"https:\/\/losperiodistas.com.mx\/portal\/wp-content\/uploads\/2022\/02\/Captura-de-Pantalla-2022-02-02-a-las-5.33.09-748x1024.jpg 748w, https:\/\/losperiodistas.com.mx\/portal\/wp-content\/uploads\/2022\/02\/Captura-de-Pantalla-2022-02-02-a-las-5.33.09-219x300.jpg 219w, https:\/\/losperiodistas.com.mx\/portal\/wp-content\/uploads\/2022\/02\/Captura-de-Pantalla-2022-02-02-a-las-5.33.09-768x1052.jpg 768w, https:\/\/losperiodistas.com.mx\/portal\/wp-content\/uploads\/2022\/02\/Captura-de-Pantalla-2022-02-02-a-las-5.33.09.jpg 964w\" sizes=\"(max-width: 748px) 100vw, 748px\" \/><\/figure>\n\n\n\n<p>De acuerdo a la Ley Federal de Servidores P\u00fablicos en M\u00e9xico los funcionarios federales deben presentar su declaraci\u00f3n patrimonial al inicio de cada encargo, anualmente, y al finalizar su nombramiento.&nbsp; Deben informar de todas y cada una de sus propiedades, extensi\u00f3n de terreno y construcci\u00f3n y valor de compra.<\/p>\n\n\n\n<p>En diciembre de 2018 cuando inici\u00f3 el sexenio de AMLO lo nombr\u00f3 Delegado de la Secretar\u00eda de Bienestar en Baja California y le dieron categor\u00eda de super delegado. En su declaraci\u00f3n de inicio de cargo presentada el 8 de febrero de 2019 no enlisto la propiedad en el apartado de \u00abDatos Patrimoniales y Bienes Inmuebles\u201d pero al final del documento en unas l\u00edneas dijo que su domicilio estaba en Mansiones Ln, n\u00famero 1145, no dijo el a\u00f1o de compra, ni la extensi\u00f3n de la propiedad, ni el valor de la adquisici\u00f3n, contraviniendo la ley.<a href=\"https:\/\/www.dw.com\/es\/el-negro-historial-del-pol%C3%ADtico-al-que-lourdes-maldonado-denunci%C3%B3-antes-de-ser-asesinada\/a-60627176#\"><\/a><\/p>\n\n\n\n<figure class=\"wp-block-image size-large\"><img loading=\"lazy\" decoding=\"async\" width=\"737\" height=\"1024\" src=\"https:\/\/losperiodistas.com.mx\/portal\/wp-content\/uploads\/2022\/02\/Captura-de-Pantalla-2022-02-02-a-las-5.33.44-737x1024.jpg\" alt=\"\" class=\"wp-image-20445\" srcset=\"https:\/\/losperiodistas.com.mx\/portal\/wp-content\/uploads\/2022\/02\/Captura-de-Pantalla-2022-02-02-a-las-5.33.44-737x1024.jpg 737w, https:\/\/losperiodistas.com.mx\/portal\/wp-content\/uploads\/2022\/02\/Captura-de-Pantalla-2022-02-02-a-las-5.33.44-216x300.jpg 216w, https:\/\/losperiodistas.com.mx\/portal\/wp-content\/uploads\/2022\/02\/Captura-de-Pantalla-2022-02-02-a-las-5.33.44-768x1067.jpg 768w, https:\/\/losperiodistas.com.mx\/portal\/wp-content\/uploads\/2022\/02\/Captura-de-Pantalla-2022-02-02-a-las-5.33.44.jpg 956w\" sizes=\"(max-width: 737px) 100vw, 737px\" \/><\/figure>\n\n\n\n<p>Y en su declaraci\u00f3n patrimonial de terminaci\u00f3n de cargo presentada el 28 de febrero de 2019 omiti\u00f3 toda informaci\u00f3n acerca de la millonaria residencia.&nbsp;<a href=\"https:\/\/www.dw.com\/es\/el-negro-historial-del-pol%C3%ADtico-al-que-lourdes-maldonado-denunci%C3%B3-antes-de-ser-asesinada\/a-60627176#\"><\/a><\/p>\n\n\n\n<figure class=\"wp-block-image size-large\"><img loading=\"lazy\" decoding=\"async\" width=\"750\" height=\"1024\" src=\"https:\/\/losperiodistas.com.mx\/portal\/wp-content\/uploads\/2022\/02\/Captura-de-Pantalla-2022-02-02-a-las-5.34.58-750x1024.jpg\" alt=\"\" class=\"wp-image-20446\" srcset=\"https:\/\/losperiodistas.com.mx\/portal\/wp-content\/uploads\/2022\/02\/Captura-de-Pantalla-2022-02-02-a-las-5.34.58-750x1024.jpg 750w, https:\/\/losperiodistas.com.mx\/portal\/wp-content\/uploads\/2022\/02\/Captura-de-Pantalla-2022-02-02-a-las-5.34.58-220x300.jpg 220w, https:\/\/losperiodistas.com.mx\/portal\/wp-content\/uploads\/2022\/02\/Captura-de-Pantalla-2022-02-02-a-las-5.34.58-768x1049.jpg 768w, https:\/\/losperiodistas.com.mx\/portal\/wp-content\/uploads\/2022\/02\/Captura-de-Pantalla-2022-02-02-a-las-5.34.58.jpg 974w\" sizes=\"(max-width: 750px) 100vw, 750px\" \/><\/figure>\n\n\n\n<p>Bonilla Valdez abandon\u00f3 en febrero de 2019 su cargo como delegado para saltar a un trapecio m\u00e1s alto. Fue nombrado candidato de Morena a la Gubernatura de dicha entidad. Termin\u00f3 su cargo en 2021 y estaba en espera de que su amigo AMLO le diera un nuevo puesto.<\/p>\n\n\n\n<p>La violencia sin freno que asesina, amenaza y agrede a los periodistas en M\u00e9xico comenz\u00f3 a crecer exponencialmente a partir del gobierno de Vicente Fox, Felipe Calder\u00f3n y Enrique Pe\u00f1a Nieto. Y si bien es cierto que el ominoso silencio e indiferencia de esos mandatarios provocaba m\u00e1s violencia e impunidad, la situaci\u00f3n ahora es peor que nunca.<\/p>\n\n\n\n<p>Adem\u00e1s de la violencia pre existente, ahora el agresor cotidiano del periodismo libre, independiente, y de las expresiones de opini\u00f3n cr\u00edticas, de disenso o cuestionamiento es el Presidente Andr\u00e9s Manuel L\u00f3pez Obrador. Para \u00e9l los periodistas que no coincidan con su gobierno o su partido, o a quien no se les pongan rojas las palmas de las manos de tanto aplaudirle son enemigos p\u00fablicos. Y constantemente llama a sus simpatizantes a repudiar y descalificar, poniendo el ejemplo.<\/p>\n\n\n\n<p>No es al Presidente a quien le corresponde deslindar a su compa\u00f1ero de partido Bonilla Valdez\u00a0de los hechos ocurridos a Lourdes, como lo ha hecho. Es una doble victimizaci\u00f3n para la periodista. No le dio validez a la denuncia que valientemente ella hizo en 2019 cuando estaba viva, tampoco ahora que la han asesinado.<\/p>\n\n\n\n<p>Fuente: https:\/\/www.dw.com\/es\/el-negro-historial-del-pol%C3%ADtico-al-que-lourdes-maldonado-denunci%C3%B3-antes-de-ser-asesinada\/a-60627176<\/p>\n","protected":false},"excerpt":{"rendered":"<p>Documentos prueban que Jaime Bonilla Valdez minti\u00f3 en M\u00e9xico a la Secretar\u00eda de la Funci\u00f3n P\u00fablica, y en Estados Unidos [&hellip;]<\/p>\n","protected":false},"author":1,"featured_media":20439,"comment_status":"open","ping_status":"open","sticky":false,"template":"","format":"standard","meta":{"site-sidebar-layout":"default","site-content-layout":"","ast-site-content-layout":"default","site-content-style":"default","site-sidebar-style":"default","ast-global-header-display":"","ast-banner-title-visibility":"","ast-main-header-display":"","ast-hfb-above-header-display":"","ast-hfb-below-header-display":"","ast-hfb-mobile-header-display":"","site-post-title":"","ast-breadcrumbs-content":"","ast-featured-img":"","footer-sml-layout":"","theme-transparent-header-meta":"","adv-header-id-meta":"","stick-header-meta":"","header-above-stick-meta":"","header-main-stick-meta":"","header-below-stick-meta":"","astra-migrate-meta-layouts":"default","ast-page-background-enabled":"default","ast-page-background-meta":{"desktop":{"background-color":"var(--ast-global-color-4)","background-image":"","background-repeat":"repeat","background-position":"center center","background-size":"auto","background-attachment":"scroll","background-type":"","background-media":"","overlay-type":"","overlay-color":"","overlay-opacity":"","overlay-gradient":""},"tablet":{"background-color":"","background-image":"","background-repeat":"repeat","background-position":"center center","background-size":"auto","background-attachment":"scroll","background-type":"","background-media":"","overlay-type":"","overlay-color":"","overlay-opacity":"","overlay-gradient":""},"mobile":{"background-color":"","background-image":"","background-repeat":"repeat","background-position":"center center","background-size":"auto","background-attachment":"scroll","background-type":"","background-media":"","overlay-type":"","overlay-color":"","overlay-opacity":"","overlay-gradient":""}},"ast-content-background-meta":{"desktop":{"background-color":"var(--ast-global-color-5)","background-image":"","background-repeat":"repeat","background-position":"center center","background-size":"auto","background-attachment":"scroll","background-type":"","background-media":"","overlay-type":"","overlay-color":"","overlay-opacity":"","overlay-gradient":""},"tablet":{"background-color":"var(--ast-global-color-5)","background-image":"","background-repeat":"repeat","background-position":"center center","background-size":"auto","background-attachment":"scroll","background-type":"","background-media":"","overlay-type":"","overlay-color":"","overlay-opacity":"","overlay-gradient":""},"mobile":{"background-color":"var(--ast-global-color-5)","background-image":"","background-repeat":"repeat","background-position":"center center","background-size":"auto","background-attachment":"scroll","background-type":"","background-media":"","overlay-type":"","overlay-color":"","overlay-opacity":"","overlay-gradient":""}},"footnotes":""},"categories":[8],"tags":[5950,6158,7127],"class_list":["post-20438","post","type-post","status-publish","format-standard","has-post-thumbnail","hentry","category-noticias","tag-anabel-hernandez","tag-jaime-bonilla-valdez","tag-lourdes-maldonado"],"_links":{"self":[{"href":"https:\/\/losperiodistas.com.mx\/portal\/wp-json\/wp\/v2\/posts\/20438","targetHints":{"allow":["GET"]}}],"collection":[{"href":"https:\/\/losperiodistas.com.mx\/portal\/wp-json\/wp\/v2\/posts"}],"about":[{"href":"https:\/\/losperiodistas.com.mx\/portal\/wp-json\/wp\/v2\/types\/post"}],"author":[{"embeddable":true,"href":"https:\/\/losperiodistas.com.mx\/portal\/wp-json\/wp\/v2\/users\/1"}],"replies":[{"embeddable":true,"href":"https:\/\/losperiodistas.com.mx\/portal\/wp-json\/wp\/v2\/comments?post=20438"}],"version-history":[{"count":1,"href":"https:\/\/losperiodistas.com.mx\/portal\/wp-json\/wp\/v2\/posts\/20438\/revisions"}],"predecessor-version":[{"id":20447,"href":"https:\/\/losperiodistas.com.mx\/portal\/wp-json\/wp\/v2\/posts\/20438\/revisions\/20447"}],"wp:featuredmedia":[{"embeddable":true,"href":"https:\/\/losperiodistas.com.mx\/portal\/wp-json\/wp\/v2\/media\/20439"}],"wp:attachment":[{"href":"https:\/\/losperiodistas.com.mx\/portal\/wp-json\/wp\/v2\/media?parent=20438"}],"wp:term":[{"taxonomy":"category","embeddable":true,"href":"https:\/\/losperiodistas.com.mx\/portal\/wp-json\/wp\/v2\/categories?post=20438"},{"taxonomy":"post_tag","embeddable":true,"href":"https:\/\/losperiodistas.com.mx\/portal\/wp-json\/wp\/v2\/tags?post=20438"}],"curies":[{"name":"wp","href":"https:\/\/api.w.org\/{rel}","templated":true}]}}